{"id":524,"date":"2022-04-01T21:16:09","date_gmt":"2022-04-02T00:16:09","guid":{"rendered":"https:\/\/maringapost.com.br\/geek\/?p=524"},"modified":"2022-04-01T21:16:09","modified_gmt":"2022-04-02T00:16:09","slug":"o-oscar-do-tapa-na-cara","status":"publish","type":"post","link":"https:\/\/maringapost.com.br\/geek\/2022\/04\/01\/o-oscar-do-tapa-na-cara\/","title":{"rendered":"O OSCAR DO TAPA NA CARA"},"content":{"rendered":"<p>Fala pessoal, beleza na represa? Essa semana estava na minha agenda escrever sobre o Oscar 2022, como foi a cerim\u00f4nia, os vencedores etc&#8230;. Mas aconteceu aquele tapa do Will Smith, e s\u00f3 se falam disso, ent\u00e3o vamos falar sobre o tapa do Oscar 2022, e depois fa\u00e7o uma listinha dos vencedores.<\/p>\n<p>Acho que todo mundo j\u00e1 viu o v\u00eddeo em que <strong>Will Smith<\/strong> sobe ao palco do Oscar e acerta um <strong>TAP\u00c3O<\/strong> mega servido na cara do comediante e ator <strong>Chris Rock<\/strong>, mas por qu\u00ea?<\/p>\n<p>Na noite de domingo (27), ocorreu o Oscar 2022, Chris Rock foi convidado para apresentar o pr\u00eamio de melhor document\u00e1rio e, como de costume, fez piada de v\u00e1rios presentes, at\u00e9 que fez uma piada de <strong>Jada Pinkett Smith<\/strong> (a mulher do Will Smith).<\/p>\n<p>A piada foi que o avisasse quando sa\u00edsse o filme \u201c<strong>G.I Jane<\/strong>\u201d, filme protagonizado por <strong>Demi Moore<\/strong> em que esta raspa a cabe\u00e7a para entrar no ex\u00e9rcito, comparando as duas por ambas estarem carecas.<\/p>\n<p>Vamos entender a piada infeliz de Chris: Jada sofre de uma doen\u00e7a autoimune chamada de <strong>alopecia<\/strong>, que \u00e9 respons\u00e1vel por afinar os fios at\u00e9 que eles parem de crescer completamente. Ano passado, por causa das falhas causadas pela doen\u00e7a, ela optou por raspar a cabe\u00e7a, n\u00e3o por um senso est\u00e9tico.<\/p>\n<p>Assim que a piada foi feita ela n\u00e3o escondeu o desconforto, afinal, ela foi humilhada por sua condi\u00e7\u00e3o de sa\u00fade ao vivo pro mundo todo. Em seguida, <strong>Will subiu no palco, andou at\u00e9 Chris e deu um tapa na cara do apresentador.<\/strong> Ent\u00e3o senta-se em seu lugar na plateia e grita:<\/p>\n<p><strong>\u201cTire o nome da minha esposa da p*rra da sua boca!\u201d<\/strong><\/p>\n<blockquote class=\"twitter-tweet\" data-width=\"550\" data-dnt=\"true\">\n<p lang=\"pt\" dir=\"ltr\">Will Smith se eu j\u00e1 te amava, agora s\u00f3 aumentou \ud83e\udd29 <a href=\"https:\/\/twitter.com\/hashtag\/Oscars?src=hash&amp;ref_src=twsrc%5Etfw\">#Oscars<\/a> <\/p>\n<p>Chris Rock comparou Jada Smith, (que tem alopecia) com protagonista de filme que tem os cabelos raspados. O marid\u00e3o n\u00e3o gostou da piada foi l\u00e1 e meteu o tapa <a href=\"https:\/\/t.co\/8Uiat6KjgG\">pic.twitter.com\/8Uiat6KjgG<\/a><\/p>\n<p>&mdash; Franzinha \u2764\ufe0f\u200d\ud83d\udd25 (@SFERRER_) <a href=\"https:\/\/twitter.com\/SFERRER_\/status\/1508287279055482885?ref_src=twsrc%5Etfw\">March 28, 2022<\/a><\/p><\/blockquote>\n<p><script async src=\"https:\/\/platform.twitter.com\/widgets.js\" charset=\"utf-8\"><\/script><\/p>\n<p><strong>Chris j\u00e1 havia feito coment\u00e1rios sobre sobre Will e Jada<\/strong>, o primeiro foi em 2016 o casal havia se juntado aos artistas que n\u00e3o foram ao Oscar como forma de boicote pela falta de indica\u00e7\u00f5es de artistas negros, pois naquele ano nenhum artista negro foi indicado nas principais categorias. Naquela Ocasi\u00e3o Chris apresentava a cerim\u00f4nia e disse em tom de piada:<\/p>\n<p><strong>&#8220;Jada fazendo boicote ao Oscar \u00e9 como eu fazendo boicote \u00e0s calcinhas de Rihanna&#8230; N\u00e3o fui convidado&#8221;.<\/strong><\/p>\n<p>Na mesma cerim\u00f4nia ainda Chris satirizou Will que n\u00e3o foi nomeado para melhor ator pelo filme \u201cum homem entre gigantes\u201d soltando:<\/p>\n<p><strong>\u201cN\u00e3o \u00e9 justo que Will atuasse t\u00e3o bem e n\u00e3o fosse indicado, mas tamb\u00e9m n\u00e3o \u00e9 justo terem pago US$ 20 milh\u00f5es a ele por &#8216;As Loucas Aventuras de James West'&#8221;<\/strong><\/p>\n<p>Dois anos depois mais considera\u00e7\u00f5es \u00e1cidas do comediante sobre a fam\u00edlia Smith, Will fez uma postagem comemorando o anivers\u00e1rio de <strong>Sheree Zampino<\/strong>, ex-mulher de Will, nos coment\u00e1rios dessa postagem Chris afirmou:<\/p>\n<p><strong>\u201cVoc\u00ea tem uma esposa muito compreensiva\u201d.<\/strong><\/p>\n<p>Claramente alfinetando Will pelo fato dele fazer uma publica\u00e7\u00e3o para a ex. Ou seja, n\u00e3o era de hoje que a fam\u00edlia Smith estava incomodada com o comediante. E a piadinha sobre sua mulher, humilhando Jada publicamente por conta de sua condi\u00e7\u00e3o m\u00e9dica, foi o estopim e Will deu um tap\u00e3o em defesa da honra de sua esposa.<\/p>\n<figure id=\"attachment_526\" aria-describedby=\"caption-attachment-526\" style=\"width: 768px\" class=\"wp-caption aligncenter\"><img loading=\"lazy\" decoding=\"async\" class=\"wp-image-526 size-full\" src=\"http:\/\/maringapost.com.br\/geek\/wp-content\/uploads\/sites\/29\/2022\/04\/f73c2ccd99fcf152f0e56ec0d396c2651a591a5e.jpg\" alt=\"\" width=\"768\" height=\"512\" srcset=\"https:\/\/maringapost.com.br\/geek\/wp-content\/uploads\/sites\/29\/2022\/04\/f73c2ccd99fcf152f0e56ec0d396c2651a591a5e.jpg 768w, https:\/\/maringapost.com.br\/geek\/wp-content\/uploads\/sites\/29\/2022\/04\/f73c2ccd99fcf152f0e56ec0d396c2651a591a5e-300x200.jpg 300w, https:\/\/maringapost.com.br\/geek\/wp-content\/uploads\/sites\/29\/2022\/04\/f73c2ccd99fcf152f0e56ec0d396c2651a591a5e-696x464.jpg 696w, https:\/\/maringapost.com.br\/geek\/wp-content\/uploads\/sites\/29\/2022\/04\/f73c2ccd99fcf152f0e56ec0d396c2651a591a5e-630x420.jpg 630w\" sizes=\"(max-width: 768px) 100vw, 768px\" \/><figcaption id=\"caption-attachment-526\" class=\"wp-caption-text\">Foto: AFP<\/figcaption><\/figure>\n<p>Bom, Will Smith, minutos depois, levou o Oscar de melhor ator por sua performance no filme King Richard: Treinando Campe\u00e3s, e merecid\u00edssimo pois ele atuou perfeitamente no filme! Se n\u00e3o viu ainda, da uma olhada aqui no trailer:<\/p>\n<p><iframe loading=\"lazy\" title=\"King Richard: Criando campe\u00e3s - Trailer oficial &quot;Be Alive&quot;\" width=\"1170\" height=\"658\" src=\"https:\/\/www.youtube.com\/embed\/jZXEW1O973A?wmode=transparent&amp;rel=0&amp;feature=oembed\" frameborder=\"0\" allow=\"accelerometer; autoplay; clipboard-write; encrypted-media; gyroscope; picture-in-picture; web-share\" referrerpolicy=\"strict-origin-when-cross-origin\" allowfullscreen><\/iframe><\/p>\n<p>O discurso que se seguiu no recebimento do Oscar foi um discurso repleto de emo\u00e7\u00e3o, Will chorou e pediu desculpas a academia e aos presentes pela atitude, mas n\u00e3o pediu desculpas no discurso para Chris.<\/p>\n<p><iframe loading=\"lazy\" title=\"WILL SMITH PEDE DESCULPAS AP\u00d3S DAR TAPA NO CHRIS ROCK NO OSCAR 2022! DISCURSO LEGENDADO! G.I. JANE!\" width=\"1170\" height=\"658\" src=\"https:\/\/www.youtube.com\/embed\/z0RQBT1klMw?wmode=transparent&amp;rel=0&amp;feature=oembed\" frameborder=\"0\" allow=\"accelerometer; autoplay; clipboard-write; encrypted-media; gyroscope; picture-in-picture; web-share\" referrerpolicy=\"strict-origin-when-cross-origin\" allowfullscreen><\/iframe><\/p>\n<p>Dois dias ap\u00f3s o oscar e toda a repercuss\u00e3o dos atos de Will pelo mundo ele escreveu um pedido de desculpas ao Chris em seu Instagram, confira o post e a tradu\u00e7\u00e3o abaixo:<\/p>\n<p><a href=\"https:\/\/www.instagram.com\/p\/CbqmaY1p7Pz\/\" target=\"_blank\" rel=\"noopener\"><strong>https:\/\/www.instagram.com\/p\/CbqmaY1p7Pz\/<\/strong><\/a><\/p>\n<p><strong>\u201cA viol\u00eancia em todas as suas formas \u00e9 venenosa e destrutiva. Meu comportamento no Oscar de ontem \u00e0 noite foi inaceit\u00e1vel e imperdo\u00e1vel. Piadas \u00e0s minhas custas fazem parte do trabalho, mas uma piada sobre a condi\u00e7\u00e3o m\u00e9dica de Jada era demais para mim e reagi emocionalmente.<\/strong><\/p>\n<p><strong>Eu gostaria de me desculpar publicamente com voc\u00ea, Chris. Eu estava fora de linha e estava errado. Estou envergonhado e minhas a\u00e7\u00f5es n\u00e3o foram indicativas do homem que quero ser. N\u00e3o h\u00e1 lugar para viol\u00eancia em um mundo de amor e bondade.<\/strong><\/p>\n<p><strong>Tamb\u00e9m gostaria de pedir desculpas \u00e0 Academia, aos produtores do programa, a todos os participantes e a todos que assistem ao redor do mundo. Eu gostaria de me desculpar com a fam\u00edlia Williams e minha fam\u00edlia King Richard. Lamento profundamente que meu comportamento tenha manchado o que tem sido uma jornada linda para todos n\u00f3s.<\/strong><\/p>\n<p><strong>Eu sou um trabalho em andamento.\u201d<\/strong><\/p>\n<p>A<strong> Academia de Artes e Ci\u00eancias Cinematogr\u00e1ficas est\u00e1 investigando <\/strong>o fato e quais v\u00e3o ser as consequ\u00eancias ao ato de viol\u00eancia do ator, por enquanto apenas disseram que algumas medidas est\u00e3o sendo consideradas para lidar com o caso, como <strong>&#8220;suspens\u00e3o, expuls\u00e3o ou outras san\u00e7\u00f5es permitidas&#8221;<\/strong>, o veredito sai at\u00e9 dia 18 de abril.<\/p>\n<p>De acordo com a <strong>Variety <\/strong>Chris se manifestou de maneira \u201cinformal\u201d em um dos seus shows de stand up comedy quarta feira (30), ele disse:<\/p>\n<p><strong>\u201cEu n\u00e3o tenho muito [a dizer] sobre o que aconteceu, ent\u00e3o se voc\u00ea veio ouvir isso, eu tenho todo um show que escrevi antes desse fim de semana. Ainda estou meio que processando o que aconteceu. Ent\u00e3o, em algum ponto, eu vou falar sobre essa m****. E vai ser s\u00e9rio e engra\u00e7ado\u201d. <\/strong><\/p>\n<p><strong>Foi com certeza algo s\u00e9rio, tenso e triste para o cinema e os atores, e para voc\u00ea, quem est\u00e1 certo nessa hist\u00f3ria?<\/strong><\/p>\n<p><img loading=\"lazy\" decoding=\"async\" class=\"size-full wp-image-522 aligncenter\" src=\"http:\/\/maringapost.com.br\/geek\/wp-content\/uploads\/sites\/29\/2022\/03\/bonus.jpg\" alt=\"\" width=\"1280\" height=\"720\" srcset=\"https:\/\/maringapost.com.br\/geek\/wp-content\/uploads\/sites\/29\/2022\/03\/bonus.jpg 1280w, https:\/\/maringapost.com.br\/geek\/wp-content\/uploads\/sites\/29\/2022\/03\/bonus-300x169.jpg 300w, https:\/\/maringapost.com.br\/geek\/wp-content\/uploads\/sites\/29\/2022\/03\/bonus-1024x576.jpg 1024w, https:\/\/maringapost.com.br\/geek\/wp-content\/uploads\/sites\/29\/2022\/03\/bonus-768x432.jpg 768w, https:\/\/maringapost.com.br\/geek\/wp-content\/uploads\/sites\/29\/2022\/03\/bonus-696x392.jpg 696w, https:\/\/maringapost.com.br\/geek\/wp-content\/uploads\/sites\/29\/2022\/03\/bonus-1068x601.jpg 1068w, https:\/\/maringapost.com.br\/geek\/wp-content\/uploads\/sites\/29\/2022\/03\/bonus-747x420.jpg 747w\" sizes=\"(max-width: 1280px) 100vw, 1280px\" \/><\/p>\n<p>Agooora, a lista de vencedores!<\/p>\n<p><strong>MELHOR FILME<\/strong><\/p>\n<p><strong>\u00a0 <\/strong>Belfast<\/p>\n<p><strong>No Ritmo do Cora\u00e7\u00e3o<\/strong><\/p>\n<p>N\u00e3o Olhe para Cima<\/p>\n<p>Drive My Car<\/p>\n<p>Duna<\/p>\n<p>King Richard: Criando Campe\u00e3s<\/p>\n<p>Licorice Pizza<\/p>\n<p>O Beco do Pesadelo<\/p>\n<p>Ataque dos C\u00e3es<\/p>\n<p>Amor, Sublime Amor<\/p>\n<p><strong>MELHOR ATOR<\/strong><\/p>\n<p>Javier Bardem &#8211; Apresentando os Ricardos<\/p>\n<p>Benedict Cumberbatch &#8211; Ataque dos C\u00e3es<\/p>\n<p>Andrew Garfield &#8211; Tick, Tick&#8230; Boom!<\/p>\n<p><strong>Will Smith &#8211; King Richard: Criando Campe\u00e3s<\/strong><\/p>\n<p>Denzel Washington &#8211; A Trag\u00e9dia de Macbeth<\/p>\n<p><strong>MELHOR ATRIZ<\/strong><\/p>\n<p><strong>Jessica Chastain &#8211; Os Olhos de Tammy Faye<\/strong><\/p>\n<p>Olivia Colman &#8211; A Filha Perdida<\/p>\n<p>Pen\u00e9lope Cruz &#8211; M\u00e3es Paralelas<\/p>\n<p>Nicole Kidman &#8211; Apresentando os Ricardos<\/p>\n<p>Kristen Stewart &#8211; Spencer<\/p>\n<p><strong>MELHOR DIRE\u00c7\u00c3O <\/strong><\/p>\n<p>Kenneth Branagh &#8211; Belfast<\/p>\n<p>Ry\u00fbsuke Hamaguchi &#8211; Drive My Car<\/p>\n<p>Paul Thomas Anderson &#8211; Licorice Pizza<\/p>\n<p><strong>Jane Campion &#8211; Ataque dos C\u00e3es<\/strong><\/p>\n<p>Steven Spielberg &#8211; Amor, Sublime Amor<\/p>\n<p><strong>MELHOR ATOR COADJUVANTE <\/strong><\/p>\n<p>Ciar\u00e1n Hinds &#8211; Belfast<\/p>\n<p><strong>Troy Kotsur &#8211; No Ritmo do Cora\u00e7\u00e3o<\/strong><\/p>\n<p>Jesse Plemons &#8211; Ataque dos C\u00e3es<\/p>\n<p>J.K. Simmons &#8211; Apresentando os Ricardos<\/p>\n<p>Kodi Smit-McPhee &#8211; Ataque dos C\u00e3es<\/p>\n<p><strong>MELHOR ATRIZ COADJUVANTE<\/strong><\/p>\n<p>Jessie Buckley &#8211; A Filha Perdida<\/p>\n<p><strong>Ariana DeBose &#8211; Amor, Sublime Amor<\/strong><\/p>\n<p>Judi Dench &#8211; Belfast<\/p>\n<p>Kirsten Dunst &#8211; Ataque dos C\u00e3es<\/p>\n<p>Aunjanue Ellis &#8211; King Richard: Criando Campe\u00e3s<\/p>\n<p><strong>MELHOR ROTEIRO ADAPTADO<\/strong><\/p>\n<p><strong>No Ritmo do Cora\u00e7\u00e3o<\/strong><\/p>\n<p>Drive My Car<\/p>\n<p>Duna<\/p>\n<p>A Filha Perdida<\/p>\n<p>Ataque dos C\u00e3es<\/p>\n<p><strong>MELHOR ROTEIRO ORIGINAL<\/strong><\/p>\n<p><strong>Belfast<\/strong><\/p>\n<p>N\u00e3o Olhe para Cima<\/p>\n<p>King Richard: Criando Campe\u00e3s<\/p>\n<p>Licorice Pizza<\/p>\n<p>A Pior Pessoa do Mundo<\/p>\n<p><strong>MELHOR ANIMA\u00c7\u00c3O<\/strong><\/p>\n<p><strong>Encanto<\/strong><\/p>\n<p>Flee<\/p>\n<p>Luca<\/p>\n<p>A Fam\u00edlia Mitchell e a Revolta das M\u00e1quinas<\/p>\n<p>Raya e o \u00daltimo Drag\u00e3o<\/p>\n<p><strong>MELHOR DOCUMENTARIO<\/strong><\/p>\n<p>Ascension<\/p>\n<p>Attica<\/p>\n<p>Flee<\/p>\n<p><strong>Summer of Soul (&#8230;ou Quando a Revolu\u00e7\u00e3o N\u00e3o Pode Ser Televisionada)<\/strong><\/p>\n<p>Writing with Fire<\/p>\n<p><strong>MELHOR DOCUMENTARIO EM CURTA METRAGEM<\/strong><\/p>\n<p>Audible<\/p>\n<p>Onde Eu Moro<\/p>\n<p><strong>The Queen of Basketball<\/strong><\/p>\n<p>Three Songs for Ben Azir<\/p>\n<p>When We Were Bullies<\/p>\n<p><strong>MELHOR FILME INTERNACIONAL<\/strong><\/p>\n<p><strong>Drive My Car &#8211; Jap\u00e3o<\/strong><\/p>\n<p>Flee &#8211; Dinamarca<\/p>\n<p>A M\u00e3o de Deus &#8211; It\u00e1lia<\/p>\n<p>Lunana: A Yak in the Classroom &#8211; But\u00e3o<\/p>\n<p>A Pior Pessoa do Mundo &#8211; Noruega<\/p>\n<p><strong>MELHOR FOTOGRAFIA<\/strong><\/p>\n<p><strong>Duna<\/strong><\/p>\n<p>O Beco do Pesadelo<\/p>\n<p>Ataque dos C\u00e3es<\/p>\n<p>A Trag\u00e9dia de Macbeth<\/p>\n<p>Amor, Sublime Amor<\/p>\n<p><strong>MELHOR FIGURINO<\/strong><\/p>\n<p><strong>Cruella<\/strong><\/p>\n<p>Cyrano<\/p>\n<p>Duna<\/p>\n<p>O Beco do Pesadelo<\/p>\n<p>Amor, Sublime Amor<\/p>\n<p><strong>MELHOR EDI\u00c7\u00c3O<\/strong><\/p>\n<p>N\u00e3o Olhe para Cima<\/p>\n<p><strong>Duna<\/strong><\/p>\n<p>King Richard: Criando Campe\u00e3s<\/p>\n<p>Ataque dos C\u00e3es<\/p>\n<p>Tick, Tick&#8230; Boom!<\/p>\n<p><strong>MELHOR MAQUIAGEM E CABELO<\/strong><\/p>\n<p>Um Pr\u00edncipe em Nova York 2<\/p>\n<p>Cruella<\/p>\n<p>Duna<\/p>\n<p><strong>Os Olhos de Tammy Faye<\/strong><\/p>\n<p>Casa Gucci<\/p>\n<p><strong>MELHOR TRILHA SONORA<\/strong><\/p>\n<p>N\u00e3o Olhe para Cima<\/p>\n<p><strong>Duna<\/strong><\/p>\n<p>Encanto<\/p>\n<p>M\u00e3es Paralelas<\/p>\n<p>Ataque dos C\u00e3es<\/p>\n<p><strong>MELHOR TRILHA SONORA<\/strong><\/p>\n<p>Be Alive &#8211; de King Richard: Criando Campe\u00e3s (Beyonc\u00e9)<\/p>\n<p>Dos Oruguitas &#8211; de Encanto (Sebasti\u00e1n Yatra)<\/p>\n<p>Down to Joy &#8211; de Belfast (Van Morrison)<\/p>\n<p><strong>No Time to Die &#8211; de 007 \u2014 Sem Tempo para Morrer (Billie Eilish)<\/strong><\/p>\n<p>Somehow You Do &#8211; de Four Good Days (Reba McEntire)<\/p>\n<p><strong>MELHOR SOM<\/strong><\/p>\n<p>Belfast<\/p>\n<p><strong>Duna<\/strong><\/p>\n<p>007 \u2014 Sem Tempo para Morrer<\/p>\n<p>Ataque dos C\u00e3es<\/p>\n<p>Amor, Sublime Amor<\/p>\n<p><strong>MELHOR DESIGN DE PRODU\u00c7\u00c3O<\/strong><\/p>\n<p><strong>Duna<\/strong><\/p>\n<p>O Beco do Pesadelo<\/p>\n<p>Ataque dos C\u00e3es<\/p>\n<p>A Trag\u00e9dia de Macbeth<\/p>\n<p>Amor, Sublime Amor<\/p>\n<p><strong>MELHORES EFEITOS VISUAIS<\/strong><\/p>\n<p><strong>Duna<\/strong><\/p>\n<p>Free Guy: Assumindo o Controle<\/p>\n<p>007 \u2014 Sem Tempo para Morrer<\/p>\n<p>Shang-Chi e a Lenda dos Dez An\u00e9is<\/p>\n<p>Homem-Aranha: Sem Volta para Casa<\/p>\n<p><strong>MELHOR CURTA METRAGEM<\/strong><\/p>\n<p>Ala Kachuu \u2014 Take and Run<\/p>\n<p>The Dress<\/p>\n<p><strong>The Long Goodbye<\/strong><\/p>\n<p>On My Mind<\/p>\n<p>Please Hold<\/p>\n<p><strong>MELHOR CURTA METRAGEM DE ANIMA\u00c7\u00c3O<\/strong><\/p>\n<p>Affairs of the Art<\/p>\n<p>Bestia<\/p>\n<p>Boxballet<\/p>\n<p>Robin Robin<\/p>\n<p><strong>The Windshield Wiper<\/strong><\/p>\n<p><strong>FAVORITO DOS F\u00c3S<\/strong><\/p>\n<p><strong>Army of the Dead: Invas\u00e3o em Las Vegas<\/strong><\/p>\n<p>Cinderela<\/p>\n<p>Duna<\/p>\n<p>Maligno<\/p>\n<p>Minamata<\/p>\n<p>Ataque dos C\u00e3es<\/p>\n<p>Sing 2<\/p>\n<p>Homem-Aranha: Sem Volta para Casa<\/p>\n<p>O Esquadr\u00e3o Suicida<\/p>\n<p>Tick, Tick&#8230; Boom!<\/p>\n<p><strong>Que a for\u00e7a esteja com voc\u00eas!<\/strong><\/p>\n","protected":false},"excerpt":{"rendered":"<p>Fala pessoal, beleza na represa? Essa semana estava na minha agenda escrever sobre o Oscar 2022, como foi a cerim\u00f4nia, os vencedores etc&#8230;. Mas aconteceu aquele tapa do Will Smith, e s\u00f3 se falam disso, ent\u00e3o vamos falar sobre o tapa do Oscar 2022, e depois fa\u00e7o uma listinha dos vencedores. Acho que todo mundo [&hellip;]<\/p>\n","protected":false},"author":12207,"featured_media":527,"comment_status":"closed","ping_status":"open","sticky":false,"template":"","format":"standard","meta":{"_exactmetrics_skip_tracking":false,"_exactmetrics_sitenote_active":false,"_exactmetrics_sitenote_note":"","_exactmetrics_sitenote_category":0,"footnotes":""},"categories":[2],"tags":[174,172,152,173],"yoast_head":"<!-- This site is optimized with the Yoast SEO Premium plugin v22.7 (Yoast SEO v22.7) - https:\/\/yoast.com\/wordpress\/plugins\/seo\/ -->\n<title>O OSCAR DO TAPA NA CARA - Geek<\/title>\n<meta name=\"description\" content=\"No Oscar 2022 aconteceu uma pol\u00eamica que deixou o p\u00fablico dividido: Will Smith dando um tapa na cara do Chris Rock. Entenda melhor essa hist\u00f3ria.\" \/>\n<meta name=\"robots\" content=\"index, follow, max-snippet:-1, max-image-preview:large, max-video-preview:-1\" \/>\n<link rel=\"canonical\" href=\"https:\/\/maringapost.com.br\/geek\/2022\/04\/01\/o-oscar-do-tapa-na-cara\/\" \/>\n<meta property=\"og:locale\" content=\"pt_BR\" \/>\n<meta property=\"og:type\" content=\"article\" \/>\n<meta property=\"og:title\" content=\"O OSCAR DO TAPA NA CARA\" \/>\n<meta property=\"og:description\" content=\"No Oscar 2022 aconteceu uma pol\u00eamica que deixou o p\u00fablico dividido: Will Smith dando um tapa na cara do Chris Rock. Entenda melhor essa hist\u00f3ria.\" \/>\n<meta property=\"og:url\" content=\"https:\/\/maringapost.com.br\/geek\/2022\/04\/01\/o-oscar-do-tapa-na-cara\/\" \/>\n<meta property=\"og:site_name\" content=\"Geek\" \/>\n<meta property=\"article:published_time\" content=\"2022-04-02T00:16:09+00:00\" \/>\n<meta property=\"og:image\" content=\"https:\/\/maringapost.com.br\/geek\/wp-content\/uploads\/sites\/29\/2022\/04\/oscar.jpg\" \/>\n\t<meta property=\"og:image:width\" content=\"845\" \/>\n\t<meta property=\"og:image:height\" content=\"558\" \/>\n\t<meta property=\"og:image:type\" content=\"image\/jpeg\" \/>\n<meta name=\"author\" content=\"Gustavo Neme\" \/>\n<meta name=\"twitter:card\" content=\"summary_large_image\" \/>\n<meta name=\"twitter:label1\" content=\"Escrito por\" \/>\n\t<meta name=\"twitter:data1\" content=\"\" \/>\n\t<meta name=\"twitter:label2\" content=\"Est. tempo de leitura\" \/>\n\t<meta name=\"twitter:data2\" content=\"7 minutos\" \/>\n<script type=\"application\/ld+json\" class=\"yoast-schema-graph\">{\"@context\":\"https:\/\/schema.org\",\"@graph\":[{\"@type\":\"WebPage\",\"@id\":\"https:\/\/maringapost.com.br\/geek\/2022\/04\/01\/o-oscar-do-tapa-na-cara\/\",\"url\":\"https:\/\/maringapost.com.br\/geek\/2022\/04\/01\/o-oscar-do-tapa-na-cara\/\",\"name\":\"O OSCAR DO TAPA NA CARA - Geek\",\"isPartOf\":{\"@id\":\"https:\/\/maringapost.com.br\/geek\/#website\"},\"primaryImageOfPage\":{\"@id\":\"https:\/\/maringapost.com.br\/geek\/2022\/04\/01\/o-oscar-do-tapa-na-cara\/#primaryimage\"},\"image\":{\"@id\":\"https:\/\/maringapost.com.br\/geek\/2022\/04\/01\/o-oscar-do-tapa-na-cara\/#primaryimage\"},\"thumbnailUrl\":\"https:\/\/maringapost.com.br\/geek\/wp-content\/uploads\/sites\/29\/2022\/04\/oscar.jpg\",\"datePublished\":\"2022-04-02T00:16:09+00:00\",\"dateModified\":\"2022-04-02T00:16:09+00:00\",\"author\":{\"@id\":\"https:\/\/maringapost.com.br\/geek\/#\/schema\/person\/164a62deb14fa968ab152d4b411a70ff\"},\"description\":\"No Oscar 2022 aconteceu uma pol\u00eamica que deixou o p\u00fablico dividido: Will Smith dando um tapa na cara do Chris Rock. Entenda melhor essa hist\u00f3ria.\",\"breadcrumb\":{\"@id\":\"https:\/\/maringapost.com.br\/geek\/2022\/04\/01\/o-oscar-do-tapa-na-cara\/#breadcrumb\"},\"inLanguage\":\"pt-BR\",\"potentialAction\":[{\"@type\":\"ReadAction\",\"target\":[\"https:\/\/maringapost.com.br\/geek\/2022\/04\/01\/o-oscar-do-tapa-na-cara\/\"]}]},{\"@type\":\"ImageObject\",\"inLanguage\":\"pt-BR\",\"@id\":\"https:\/\/maringapost.com.br\/geek\/2022\/04\/01\/o-oscar-do-tapa-na-cara\/#primaryimage\",\"url\":\"https:\/\/maringapost.com.br\/geek\/wp-content\/uploads\/sites\/29\/2022\/04\/oscar.jpg\",\"contentUrl\":\"https:\/\/maringapost.com.br\/geek\/wp-content\/uploads\/sites\/29\/2022\/04\/oscar.jpg\",\"width\":845,\"height\":558},{\"@type\":\"BreadcrumbList\",\"@id\":\"https:\/\/maringapost.com.br\/geek\/2022\/04\/01\/o-oscar-do-tapa-na-cara\/#breadcrumb\",\"itemListElement\":[{\"@type\":\"ListItem\",\"position\":1,\"name\":\"In\u00edcio\",\"item\":\"https:\/\/maringapost.com.br\/geek\/\"},{\"@type\":\"ListItem\",\"position\":2,\"name\":\"O OSCAR DO TAPA NA CARA\"}]},{\"@type\":\"WebSite\",\"@id\":\"https:\/\/maringapost.com.br\/geek\/#website\",\"url\":\"https:\/\/maringapost.com.br\/geek\/\",\"name\":\"Geek\",\"description\":\"\",\"potentialAction\":[{\"@type\":\"SearchAction\",\"target\":{\"@type\":\"EntryPoint\",\"urlTemplate\":\"https:\/\/maringapost.com.br\/geek\/?s={search_term_string}\"},\"query-input\":\"required name=search_term_string\"}],\"inLanguage\":\"pt-BR\"},{\"@type\":\"Person\",\"@id\":\"https:\/\/maringapost.com.br\/geek\/#\/schema\/person\/164a62deb14fa968ab152d4b411a70ff\",\"name\":\"Gustavo Neme\",\"image\":{\"@type\":\"ImageObject\",\"inLanguage\":\"pt-BR\",\"@id\":\"https:\/\/maringapost.com.br\/geek\/#\/schema\/person\/image\/\",\"url\":\"https:\/\/secure.gravatar.com\/avatar\/f560412761dd8b8e76ac4fbe9a337906?s=96&d=mm&r=g\",\"contentUrl\":\"https:\/\/secure.gravatar.com\/avatar\/f560412761dd8b8e76ac4fbe9a337906?s=96&d=mm&r=g\",\"caption\":\"Gustavo Neme\"},\"url\":\"https:\/\/maringapost.com.br\/geek\/author\/gustavoneme\/\"}]}<\/script>\n<!-- \/ Yoast SEO Premium plugin. -->","yoast_head_json":{"title":"O OSCAR DO TAPA NA CARA - Geek","description":"No Oscar 2022 aconteceu uma pol\u00eamica que deixou o p\u00fablico dividido: Will Smith dando um tapa na cara do Chris Rock. Entenda melhor essa hist\u00f3ria.","robots":{"index":"index","follow":"follow","max-snippet":"max-snippet:-1","max-image-preview":"max-image-preview:large","max-video-preview":"max-video-preview:-1"},"canonical":"https:\/\/maringapost.com.br\/geek\/2022\/04\/01\/o-oscar-do-tapa-na-cara\/","og_locale":"pt_BR","og_type":"article","og_title":"O OSCAR DO TAPA NA CARA","og_description":"No Oscar 2022 aconteceu uma pol\u00eamica que deixou o p\u00fablico dividido: Will Smith dando um tapa na cara do Chris Rock. Entenda melhor essa hist\u00f3ria.","og_url":"https:\/\/maringapost.com.br\/geek\/2022\/04\/01\/o-oscar-do-tapa-na-cara\/","og_site_name":"Geek","article_published_time":"2022-04-02T00:16:09+00:00","og_image":[{"width":845,"height":558,"url":"https:\/\/maringapost.com.br\/geek\/wp-content\/uploads\/sites\/29\/2022\/04\/oscar.jpg","type":"image\/jpeg"}],"author":"Gustavo Neme","twitter_card":"summary_large_image","twitter_misc":{"Escrito por":false,"Est. tempo de leitura":"7 minutos"},"schema":{"@context":"https:\/\/schema.org","@graph":[{"@type":"WebPage","@id":"https:\/\/maringapost.com.br\/geek\/2022\/04\/01\/o-oscar-do-tapa-na-cara\/","url":"https:\/\/maringapost.com.br\/geek\/2022\/04\/01\/o-oscar-do-tapa-na-cara\/","name":"O OSCAR DO TAPA NA CARA - Geek","isPartOf":{"@id":"https:\/\/maringapost.com.br\/geek\/#website"},"primaryImageOfPage":{"@id":"https:\/\/maringapost.com.br\/geek\/2022\/04\/01\/o-oscar-do-tapa-na-cara\/#primaryimage"},"image":{"@id":"https:\/\/maringapost.com.br\/geek\/2022\/04\/01\/o-oscar-do-tapa-na-cara\/#primaryimage"},"thumbnailUrl":"https:\/\/maringapost.com.br\/geek\/wp-content\/uploads\/sites\/29\/2022\/04\/oscar.jpg","datePublished":"2022-04-02T00:16:09+00:00","dateModified":"2022-04-02T00:16:09+00:00","author":{"@id":"https:\/\/maringapost.com.br\/geek\/#\/schema\/person\/164a62deb14fa968ab152d4b411a70ff"},"description":"No Oscar 2022 aconteceu uma pol\u00eamica que deixou o p\u00fablico dividido: Will Smith dando um tapa na cara do Chris Rock. Entenda melhor essa hist\u00f3ria.","breadcrumb":{"@id":"https:\/\/maringapost.com.br\/geek\/2022\/04\/01\/o-oscar-do-tapa-na-cara\/#breadcrumb"},"inLanguage":"pt-BR","potentialAction":[{"@type":"ReadAction","target":["https:\/\/maringapost.com.br\/geek\/2022\/04\/01\/o-oscar-do-tapa-na-cara\/"]}]},{"@type":"ImageObject","inLanguage":"pt-BR","@id":"https:\/\/maringapost.com.br\/geek\/2022\/04\/01\/o-oscar-do-tapa-na-cara\/#primaryimage","url":"https:\/\/maringapost.com.br\/geek\/wp-content\/uploads\/sites\/29\/2022\/04\/oscar.jpg","contentUrl":"https:\/\/maringapost.com.br\/geek\/wp-content\/uploads\/sites\/29\/2022\/04\/oscar.jpg","width":845,"height":558},{"@type":"BreadcrumbList","@id":"https:\/\/maringapost.com.br\/geek\/2022\/04\/01\/o-oscar-do-tapa-na-cara\/#breadcrumb","itemListElement":[{"@type":"ListItem","position":1,"name":"In\u00edcio","item":"https:\/\/maringapost.com.br\/geek\/"},{"@type":"ListItem","position":2,"name":"O OSCAR DO TAPA NA CARA"}]},{"@type":"WebSite","@id":"https:\/\/maringapost.com.br\/geek\/#website","url":"https:\/\/maringapost.com.br\/geek\/","name":"Geek","description":"","potentialAction":[{"@type":"SearchAction","target":{"@type":"EntryPoint","urlTemplate":"https:\/\/maringapost.com.br\/geek\/?s={search_term_string}"},"query-input":"required name=search_term_string"}],"inLanguage":"pt-BR"},{"@type":"Person","@id":"https:\/\/maringapost.com.br\/geek\/#\/schema\/person\/164a62deb14fa968ab152d4b411a70ff","name":"Gustavo Neme","image":{"@type":"ImageObject","inLanguage":"pt-BR","@id":"https:\/\/maringapost.com.br\/geek\/#\/schema\/person\/image\/","url":"https:\/\/secure.gravatar.com\/avatar\/f560412761dd8b8e76ac4fbe9a337906?s=96&d=mm&r=g","contentUrl":"https:\/\/secure.gravatar.com\/avatar\/f560412761dd8b8e76ac4fbe9a337906?s=96&d=mm&r=g","caption":"Gustavo Neme"},"url":"https:\/\/maringapost.com.br\/geek\/author\/gustavoneme\/"}]}},"_links":{"self":[{"href":"https:\/\/maringapost.com.br\/geek\/wp-json\/wp\/v2\/posts\/524"}],"collection":[{"href":"https:\/\/maringapost.com.br\/geek\/wp-json\/wp\/v2\/posts"}],"about":[{"href":"https:\/\/maringapost.com.br\/geek\/wp-json\/wp\/v2\/types\/post"}],"author":[{"embeddable":true,"href":"https:\/\/maringapost.com.br\/geek\/wp-json\/wp\/v2\/users\/12207"}],"replies":[{"embeddable":true,"href":"https:\/\/maringapost.com.br\/geek\/wp-json\/wp\/v2\/comments?post=524"}],"version-history":[{"count":5,"href":"https:\/\/maringapost.com.br\/geek\/wp-json\/wp\/v2\/posts\/524\/revisions"}],"predecessor-version":[{"id":531,"href":"https:\/\/maringapost.com.br\/geek\/wp-json\/wp\/v2\/posts\/524\/revisions\/531"}],"wp:featuredmedia":[{"embeddable":true,"href":"https:\/\/maringapost.com.br\/geek\/wp-json\/wp\/v2\/media\/527"}],"wp:attachment":[{"href":"https:\/\/maringapost.com.br\/geek\/wp-json\/wp\/v2\/media?parent=524"}],"wp:term":[{"taxonomy":"category","embeddable":true,"href":"https:\/\/maringapost.com.br\/geek\/wp-json\/wp\/v2\/categories?post=524"},{"taxonomy":"post_tag","embeddable":true,"href":"https:\/\/maringapost.com.br\/geek\/wp-json\/wp\/v2\/tags?post=524"}],"curies":[{"name":"wp","href":"https:\/\/api.w.org\/{rel}","templated":true}]}}