{"id":357,"date":"2021-12-09T20:55:31","date_gmt":"2021-12-09T23:55:31","guid":{"rendered":"https:\/\/maringapost.com.br\/geek\/?p=357"},"modified":"2021-12-09T20:56:19","modified_gmt":"2021-12-09T23:56:19","slug":"20-anos-de-harry-potter","status":"publish","type":"post","link":"https:\/\/maringapost.com.br\/geek\/2021\/12\/09\/20-anos-de-harry-potter\/","title":{"rendered":"Harry Potter; de volta a Hogwarts"},"content":{"rendered":"<p>&nbsp;<\/p>\n<p><b>Vida longa e pr\u00f3spera!<\/b><\/p>\n<p><span style=\"font-weight: 400\">As corujas est\u00e3o trabalhando dobrado, porque a <\/span><b>HBO<\/b><span style=\"font-weight: 400\"> anunciou que far\u00e1 um especial de <\/span><b>Harry Potter<\/b><span style=\"font-weight: 400\">, afinal, depois do mega blaster sucesso que foi a reuni\u00e3o do <\/span><b>Friends<\/b><span style=\"font-weight: 400\"> n\u00e3o ia demorar para outros especiais reunindo elencos acontecesse, e pelas barbas de Merlin v\u00e3o fazer um especial de <\/span><b>20 anos de Harry Potter!!!<\/b><\/p>\n<p><span style=\"font-weight: 400\">Eu havia escrito sobre algumas coisas que rolaram e est\u00e3o rolando em comemora\u00e7\u00e3o de 20 anos da franquia, se n\u00e3o leu, pode conferir <\/span><a href=\"https:\/\/maringapost.com.br\/geek\/2021\/11\/12\/harry-potter-faz-20-anos\/\"><span style=\"font-weight: 400\">aqui<\/span><\/a>\u00a0<span style=\"font-weight: 400\">, mas a HBO se consagrou, j\u00e1 mandou que o especial sai dia <\/span><b>1\u00ba de Janeiro de 2022 <\/b><span style=\"font-weight: 400\">no <\/span><b>HBO+<\/b><span style=\"font-weight: 400\"> (servi\u00e7o de streaming da HBO) a <\/span><b>\u201cHarry Potter: De Volta a Hogwarts\u201c<\/b><span style=\"font-weight: 400\"> e divulgou uma foto do especial, que simplesmente s\u00e3o os 3 protagonistas <\/span><b>Harry, Rony e Hermione<\/b><span style=\"font-weight: 400\"> sentados no Sal\u00e3o Comunal da Grifin\u00f3ria! Meu cora\u00e7\u00e3o n\u00e3o tanka n\u00e3o, olha isso:<img loading=\"lazy\" decoding=\"async\" class=\"aligncenter size-full wp-image-359\" src=\"http:\/\/maringapost.com.br\/geek\/wp-content\/uploads\/sites\/29\/2021\/12\/FOTO-2-HP-SALAO-GRIFINORIA.jpg\" alt=\"\" width=\"760\" height=\"428\" srcset=\"https:\/\/maringapost.com.br\/geek\/wp-content\/uploads\/sites\/29\/2021\/12\/FOTO-2-HP-SALAO-GRIFINORIA.jpg 760w, https:\/\/maringapost.com.br\/geek\/wp-content\/uploads\/sites\/29\/2021\/12\/FOTO-2-HP-SALAO-GRIFINORIA-300x169.jpg 300w, https:\/\/maringapost.com.br\/geek\/wp-content\/uploads\/sites\/29\/2021\/12\/FOTO-2-HP-SALAO-GRIFINORIA-696x392.jpg 696w, https:\/\/maringapost.com.br\/geek\/wp-content\/uploads\/sites\/29\/2021\/12\/FOTO-2-HP-SALAO-GRIFINORIA-746x420.jpg 746w\" sizes=\"(max-width: 760px) 100vw, 760px\" \/><\/span><\/p>\n<p><span style=\"font-weight: 400\">Al\u00e9m dos atores <\/span><b>Daniel Radcliffe<\/b><span style=\"font-weight: 400\"> (Harry Potter), <\/span><b>Rupert Grint<\/b><span style=\"font-weight: 400\"> (Rony Weasley)e <\/span><b>Emma Watson<\/b><span style=\"font-weight: 400\"> (Hermione Granger) essa reuni\u00e3o \u00e9pica tamb\u00e9m vai trazer os atores que interpretaram: <\/span><b>Hagrid <\/b><span style=\"font-weight: 400\">(Robbie Coltrane), <\/span><b>Neville<\/b><span style=\"font-weight: 400\"> (Matthew Lewis), <\/span><b>Arthur Wesley<\/b><span style=\"font-weight: 400\"> (Mark Williams), aquele que n\u00e3o deve ser nomeado, mas a gente nomeia &#8230; <\/span><b>Lord Voldemort<\/b><span style=\"font-weight: 400\"> (Ralph Fiennes), <\/span><b>Sirius Black<\/b><span style=\"font-weight: 400\"> (Gary Oldman), <\/span><b>Bellatrix Lestrange<\/b><span style=\"font-weight: 400\"> (Helena Bonham Carter), a amada e querida <\/span><b>Dolores Umbridge<\/b><span style=\"font-weight: 400\"> (Imelda Staunton), os irm\u00e3os <\/span><b>Jorge e Fred Wesley<\/b><span style=\"font-weight: 400\"> (James e Oliver Phelps), <\/span><b>Draco Malfoy<\/b><span style=\"font-weight: 400\"> (Tom Felton), <\/span><b>Ginny Wesley<\/b><span style=\"font-weight: 400\"> (Bonnie Wright), <\/span><b>Luna Lovegood<\/b><span style=\"font-weight: 400\"> (Evanna Lynch) e muitos outros.<\/span><\/p>\n<p><span style=\"font-weight: 400\">Gente do c\u00e9u, os atores de Harry Potter v\u00e3o estar todos nesse especial de 20 anos, da HBO e aposto que vai ser t\u00e3o emocionante quanto o especial do Friends, que nostalgia! Obrigado HBO! Da uma conferida no Teaser:<\/span><\/p>\n<p><iframe loading=\"lazy\" title=\"Comemora\u00e7\u00e3o de 20 Anos de Harry Potter: De Volta a Hogwarts | Teaser | HBO Max\" width=\"1170\" height=\"658\" src=\"https:\/\/www.youtube.com\/embed\/yI8Zvhth1do?start=40&#038;wmode=transparent&amp;rel=0&amp;feature=oembed\" frameborder=\"0\" allow=\"accelerometer; autoplay; clipboard-write; encrypted-media; gyroscope; picture-in-picture; web-share\" referrerpolicy=\"strict-origin-when-cross-origin\" allowfullscreen><\/iframe><\/p>\n<p><span style=\"font-weight: 400\">O foco desse document\u00e1rio, al\u00e9m de nos dar um banho de nostalgia claro, ser\u00e1 mostrar o <\/span><i><span style=\"font-weight: 400\">making off<\/span><\/i><span style=\"font-weight: 400\"> dos filmes, o <\/span><i><span style=\"font-weight: 400\">backstage<\/span><\/i><span style=\"font-weight: 400\">, entrevistas, cortes, erros de filmagem e muito mais sobre a produ\u00e7\u00e3o dos filmes.<\/span><\/p>\n<p><span style=\"font-weight: 400\">Ainda, contar\u00e1 com a presen\u00e7a de <\/span><b>Chris Columbus<\/b><span style=\"font-weight: 400\"> (diretor dos dois primeiros filmes da saga), por\u00e9m a escritora dos livros <\/span><b>J.K. Rowling <\/b><span style=\"font-weight: 400\">n\u00e3o estar\u00e1 presente nesse reencontro, devido a uma pol\u00eamica envolvida recentemente em que foi acusada de transfobia, se quiser ler mais sobre essa hist\u00f3ria o <\/span><b>Omelete<\/b><span style=\"font-weight: 400\"> fez uma mat\u00e9ria completa sobre o assunto, confira <\/span><a href=\"https:\/\/www.omelete.com.br\/quadrinhos\/j-k-rowling-transfobia-entenda-polemica#14\"><span style=\"font-weight: 400\">aqui<\/span><span style=\"font-weight: 400\">.\u00a0<\/span><\/a><\/p>\n<p><span style=\"font-weight: 400\">Esta \u00e9 a primeira vez que o elenco se re\u00fane oficialmente desde o lan\u00e7amento do \u00faltimo filme em 2011, ent\u00e3o n\u00e3o \u00e9 pra menos que os f\u00e3s est\u00e3o entusiasmados, apenas esperamos que esse reencontro, mate\u00a0 um pouquinho da saudade da saga!<\/span><\/p>\n<p><b>A\u00ed me perguntam<\/b><span style=\"font-weight: 400\">: \u201cVoc\u00ea ainda ama a saga Harry Potter ap\u00f3s todos esses anos?\u201d\u00a0<\/span><\/p>\n<p><b>Eu respondo:<\/b><span style=\"font-weight: 400\"> \u201cAlways\u201d<\/span><\/p>\n<p><b>B\u00f4nus da semana<\/b><\/p>\n<p><span style=\"font-weight: 400\">E na balada de<\/span><b> Harry Potter <\/b><span style=\"font-weight: 400\">e esse document\u00e1rio, vamos falar de um <\/span><b>restaurante tem\u00e1tico de Harry Potter aqui na nossa cidade!<\/b> <b>Caldeir\u00e3o Enfeiti\u00e7ado Steak House<\/b><span style=\"font-weight: 400\"> (<\/span><span style=\"font-weight: 400\">@caldeiraoenfeiticado<\/span><span style=\"font-weight: 400\">)\u00a0 estar\u00e1\u00a0 inaugurando dia <\/span><b>18 de dezembro<\/b><span style=\"font-weight: 400\">, e promete decora\u00e7\u00f5es tem\u00e1ticas, inclusive interativas e muita magia! Afinal, Harry Potter + Carne! N\u00e3o tem como n\u00e3o ser sucesso.<\/span><\/p>\n<p><span style=\"font-weight: 400\">E a fotinha do convite VIP que recebi na minha casa entregue pelkas corujas ninjas de Hogwarts!Depois trago as fotos desse lugar m\u00e1gico pra voc\u00eas!<\/span><\/p>\n<p><img loading=\"lazy\" decoding=\"async\" class=\"aligncenter size-full wp-image-361\" src=\"http:\/\/maringapost.com.br\/geek\/wp-content\/uploads\/sites\/29\/2021\/12\/FOTO-BONUS-1.jpg\" alt=\"\" width=\"725\" height=\"1280\" srcset=\"https:\/\/maringapost.com.br\/geek\/wp-content\/uploads\/sites\/29\/2021\/12\/FOTO-BONUS-1.jpg 725w, https:\/\/maringapost.com.br\/geek\/wp-content\/uploads\/sites\/29\/2021\/12\/FOTO-BONUS-1-170x300.jpg 170w, https:\/\/maringapost.com.br\/geek\/wp-content\/uploads\/sites\/29\/2021\/12\/FOTO-BONUS-1-580x1024.jpg 580w, https:\/\/maringapost.com.br\/geek\/wp-content\/uploads\/sites\/29\/2021\/12\/FOTO-BONUS-1-696x1229.jpg 696w, https:\/\/maringapost.com.br\/geek\/wp-content\/uploads\/sites\/29\/2021\/12\/FOTO-BONUS-1-238x420.jpg 238w, https:\/\/maringapost.com.br\/geek\/wp-content\/uploads\/sites\/29\/2021\/12\/FOTO-BONUS-1-476x840.jpg 476w\" sizes=\"(max-width: 725px) 100vw, 725px\" \/><\/p>\n<p><b>Que a for\u00e7a esteja com voc\u00eas!<\/b><\/p>\n","protected":false},"excerpt":{"rendered":"<p>&nbsp; Vida longa e pr\u00f3spera! As corujas est\u00e3o trabalhando dobrado, porque a HBO anunciou que far\u00e1 um especial de Harry Potter, afinal, depois do mega blaster sucesso que foi a reuni\u00e3o do Friends n\u00e3o ia demorar para outros especiais reunindo elencos acontecesse, e pelas barbas de Merlin v\u00e3o fazer um especial de 20 anos de [&hellip;]<\/p>\n","protected":false},"author":12207,"featured_media":358,"comment_status":"closed","ping_status":"open","sticky":false,"template":"","format":"standard","meta":{"_exactmetrics_skip_tracking":false,"_exactmetrics_sitenote_active":false,"_exactmetrics_sitenote_note":"","_exactmetrics_sitenote_category":0,"footnotes":""},"categories":[35,4,37],"tags":[120,50,119],"yoast_head":"<!-- This site is optimized with the Yoast SEO Premium plugin v22.7 (Yoast SEO v22.7) - https:\/\/yoast.com\/wordpress\/plugins\/seo\/ -->\n<title>Harry Potter; de volta a Hogwarts - Geek<\/title>\n<meta name=\"description\" content=\"A HBO anuncia lan\u00e7amento dia 1\u00ba de Janeiro de 2022 no HBO+ (servi\u00e7o de streaming da HBO) a \u201cHarry Potter: De Volta a Hogwarts\u201c\" \/>\n<meta name=\"robots\" content=\"index, follow, max-snippet:-1, max-image-preview:large, max-video-preview:-1\" \/>\n<link rel=\"canonical\" href=\"https:\/\/maringapost.com.br\/geek\/2021\/12\/09\/20-anos-de-harry-potter\/\" \/>\n<meta property=\"og:locale\" content=\"pt_BR\" \/>\n<meta property=\"og:type\" content=\"article\" \/>\n<meta property=\"og:title\" content=\"Harry Potter; de volta a Hogwarts\" \/>\n<meta property=\"og:description\" content=\"A HBO anuncia lan\u00e7amento dia 1\u00ba de Janeiro de 2022 no HBO+ (servi\u00e7o de streaming da HBO) a \u201cHarry Potter: De Volta a Hogwarts\u201c\" \/>\n<meta property=\"og:url\" content=\"https:\/\/maringapost.com.br\/geek\/2021\/12\/09\/20-anos-de-harry-potter\/\" \/>\n<meta property=\"og:site_name\" content=\"Geek\" \/>\n<meta property=\"article:published_time\" content=\"2021-12-09T23:55:31+00:00\" \/>\n<meta property=\"article:modified_time\" content=\"2021-12-09T23:56:19+00:00\" \/>\n<meta property=\"og:image\" content=\"https:\/\/maringapost.com.br\/geek\/wp-content\/uploads\/sites\/29\/2021\/12\/FOTO-CAPA.jpg\" \/>\n\t<meta property=\"og:image:width\" content=\"1280\" \/>\n\t<meta property=\"og:image:height\" content=\"720\" \/>\n\t<meta property=\"og:image:type\" content=\"image\/jpeg\" \/>\n<meta name=\"author\" content=\"Gustavo Neme\" \/>\n<meta name=\"twitter:card\" content=\"summary_large_image\" \/>\n<meta name=\"twitter:label1\" content=\"Escrito por\" \/>\n\t<meta name=\"twitter:data1\" content=\"\" \/>\n\t<meta name=\"twitter:label2\" content=\"Est. tempo de leitura\" \/>\n\t<meta name=\"twitter:data2\" content=\"3 minutos\" \/>\n<script type=\"application\/ld+json\" class=\"yoast-schema-graph\">{\"@context\":\"https:\/\/schema.org\",\"@graph\":[{\"@type\":\"WebPage\",\"@id\":\"https:\/\/maringapost.com.br\/geek\/2021\/12\/09\/20-anos-de-harry-potter\/\",\"url\":\"https:\/\/maringapost.com.br\/geek\/2021\/12\/09\/20-anos-de-harry-potter\/\",\"name\":\"Harry Potter; de volta a Hogwarts - Geek\",\"isPartOf\":{\"@id\":\"https:\/\/maringapost.com.br\/geek\/#website\"},\"primaryImageOfPage\":{\"@id\":\"https:\/\/maringapost.com.br\/geek\/2021\/12\/09\/20-anos-de-harry-potter\/#primaryimage\"},\"image\":{\"@id\":\"https:\/\/maringapost.com.br\/geek\/2021\/12\/09\/20-anos-de-harry-potter\/#primaryimage\"},\"thumbnailUrl\":\"https:\/\/maringapost.com.br\/geek\/wp-content\/uploads\/sites\/29\/2021\/12\/FOTO-CAPA.jpg\",\"datePublished\":\"2021-12-09T23:55:31+00:00\",\"dateModified\":\"2021-12-09T23:56:19+00:00\",\"author\":{\"@id\":\"https:\/\/maringapost.com.br\/geek\/#\/schema\/person\/164a62deb14fa968ab152d4b411a70ff\"},\"description\":\"A HBO anuncia lan\u00e7amento dia 1\u00ba de Janeiro de 2022 no HBO+ (servi\u00e7o de streaming da HBO) a \u201cHarry Potter: De Volta a Hogwarts\u201c\",\"breadcrumb\":{\"@id\":\"https:\/\/maringapost.com.br\/geek\/2021\/12\/09\/20-anos-de-harry-potter\/#breadcrumb\"},\"inLanguage\":\"pt-BR\",\"potentialAction\":[{\"@type\":\"ReadAction\",\"target\":[\"https:\/\/maringapost.com.br\/geek\/2021\/12\/09\/20-anos-de-harry-potter\/\"]}]},{\"@type\":\"ImageObject\",\"inLanguage\":\"pt-BR\",\"@id\":\"https:\/\/maringapost.com.br\/geek\/2021\/12\/09\/20-anos-de-harry-potter\/#primaryimage\",\"url\":\"https:\/\/maringapost.com.br\/geek\/wp-content\/uploads\/sites\/29\/2021\/12\/FOTO-CAPA.jpg\",\"contentUrl\":\"https:\/\/maringapost.com.br\/geek\/wp-content\/uploads\/sites\/29\/2021\/12\/FOTO-CAPA.jpg\",\"width\":1280,\"height\":720},{\"@type\":\"BreadcrumbList\",\"@id\":\"https:\/\/maringapost.com.br\/geek\/2021\/12\/09\/20-anos-de-harry-potter\/#breadcrumb\",\"itemListElement\":[{\"@type\":\"ListItem\",\"position\":1,\"name\":\"In\u00edcio\",\"item\":\"https:\/\/maringapost.com.br\/geek\/\"},{\"@type\":\"ListItem\",\"position\":2,\"name\":\"Harry Potter; de volta a Hogwarts\"}]},{\"@type\":\"WebSite\",\"@id\":\"https:\/\/maringapost.com.br\/geek\/#website\",\"url\":\"https:\/\/maringapost.com.br\/geek\/\",\"name\":\"Geek\",\"description\":\"\",\"potentialAction\":[{\"@type\":\"SearchAction\",\"target\":{\"@type\":\"EntryPoint\",\"urlTemplate\":\"https:\/\/maringapost.com.br\/geek\/?s={search_term_string}\"},\"query-input\":\"required name=search_term_string\"}],\"inLanguage\":\"pt-BR\"},{\"@type\":\"Person\",\"@id\":\"https:\/\/maringapost.com.br\/geek\/#\/schema\/person\/164a62deb14fa968ab152d4b411a70ff\",\"name\":\"Gustavo Neme\",\"image\":{\"@type\":\"ImageObject\",\"inLanguage\":\"pt-BR\",\"@id\":\"https:\/\/maringapost.com.br\/geek\/#\/schema\/person\/image\/\",\"url\":\"https:\/\/secure.gravatar.com\/avatar\/f560412761dd8b8e76ac4fbe9a337906?s=96&d=mm&r=g\",\"contentUrl\":\"https:\/\/secure.gravatar.com\/avatar\/f560412761dd8b8e76ac4fbe9a337906?s=96&d=mm&r=g\",\"caption\":\"Gustavo Neme\"},\"url\":\"https:\/\/maringapost.com.br\/geek\/author\/gustavoneme\/\"}]}<\/script>\n<!-- \/ Yoast SEO Premium plugin. -->","yoast_head_json":{"title":"Harry Potter; de volta a Hogwarts - Geek","description":"A HBO anuncia lan\u00e7amento dia 1\u00ba de Janeiro de 2022 no HBO+ (servi\u00e7o de streaming da HBO) a \u201cHarry Potter: De Volta a Hogwarts\u201c","robots":{"index":"index","follow":"follow","max-snippet":"max-snippet:-1","max-image-preview":"max-image-preview:large","max-video-preview":"max-video-preview:-1"},"canonical":"https:\/\/maringapost.com.br\/geek\/2021\/12\/09\/20-anos-de-harry-potter\/","og_locale":"pt_BR","og_type":"article","og_title":"Harry Potter; de volta a Hogwarts","og_description":"A HBO anuncia lan\u00e7amento dia 1\u00ba de Janeiro de 2022 no HBO+ (servi\u00e7o de streaming da HBO) a \u201cHarry Potter: De Volta a Hogwarts\u201c","og_url":"https:\/\/maringapost.com.br\/geek\/2021\/12\/09\/20-anos-de-harry-potter\/","og_site_name":"Geek","article_published_time":"2021-12-09T23:55:31+00:00","article_modified_time":"2021-12-09T23:56:19+00:00","og_image":[{"width":1280,"height":720,"url":"https:\/\/maringapost.com.br\/geek\/wp-content\/uploads\/sites\/29\/2021\/12\/FOTO-CAPA.jpg","type":"image\/jpeg"}],"author":"Gustavo Neme","twitter_card":"summary_large_image","twitter_misc":{"Escrito por":false,"Est. tempo de leitura":"3 minutos"},"schema":{"@context":"https:\/\/schema.org","@graph":[{"@type":"WebPage","@id":"https:\/\/maringapost.com.br\/geek\/2021\/12\/09\/20-anos-de-harry-potter\/","url":"https:\/\/maringapost.com.br\/geek\/2021\/12\/09\/20-anos-de-harry-potter\/","name":"Harry Potter; de volta a Hogwarts - Geek","isPartOf":{"@id":"https:\/\/maringapost.com.br\/geek\/#website"},"primaryImageOfPage":{"@id":"https:\/\/maringapost.com.br\/geek\/2021\/12\/09\/20-anos-de-harry-potter\/#primaryimage"},"image":{"@id":"https:\/\/maringapost.com.br\/geek\/2021\/12\/09\/20-anos-de-harry-potter\/#primaryimage"},"thumbnailUrl":"https:\/\/maringapost.com.br\/geek\/wp-content\/uploads\/sites\/29\/2021\/12\/FOTO-CAPA.jpg","datePublished":"2021-12-09T23:55:31+00:00","dateModified":"2021-12-09T23:56:19+00:00","author":{"@id":"https:\/\/maringapost.com.br\/geek\/#\/schema\/person\/164a62deb14fa968ab152d4b411a70ff"},"description":"A HBO anuncia lan\u00e7amento dia 1\u00ba de Janeiro de 2022 no HBO+ (servi\u00e7o de streaming da HBO) a \u201cHarry Potter: De Volta a Hogwarts\u201c","breadcrumb":{"@id":"https:\/\/maringapost.com.br\/geek\/2021\/12\/09\/20-anos-de-harry-potter\/#breadcrumb"},"inLanguage":"pt-BR","potentialAction":[{"@type":"ReadAction","target":["https:\/\/maringapost.com.br\/geek\/2021\/12\/09\/20-anos-de-harry-potter\/"]}]},{"@type":"ImageObject","inLanguage":"pt-BR","@id":"https:\/\/maringapost.com.br\/geek\/2021\/12\/09\/20-anos-de-harry-potter\/#primaryimage","url":"https:\/\/maringapost.com.br\/geek\/wp-content\/uploads\/sites\/29\/2021\/12\/FOTO-CAPA.jpg","contentUrl":"https:\/\/maringapost.com.br\/geek\/wp-content\/uploads\/sites\/29\/2021\/12\/FOTO-CAPA.jpg","width":1280,"height":720},{"@type":"BreadcrumbList","@id":"https:\/\/maringapost.com.br\/geek\/2021\/12\/09\/20-anos-de-harry-potter\/#breadcrumb","itemListElement":[{"@type":"ListItem","position":1,"name":"In\u00edcio","item":"https:\/\/maringapost.com.br\/geek\/"},{"@type":"ListItem","position":2,"name":"Harry Potter; de volta a Hogwarts"}]},{"@type":"WebSite","@id":"https:\/\/maringapost.com.br\/geek\/#website","url":"https:\/\/maringapost.com.br\/geek\/","name":"Geek","description":"","potentialAction":[{"@type":"SearchAction","target":{"@type":"EntryPoint","urlTemplate":"https:\/\/maringapost.com.br\/geek\/?s={search_term_string}"},"query-input":"required name=search_term_string"}],"inLanguage":"pt-BR"},{"@type":"Person","@id":"https:\/\/maringapost.com.br\/geek\/#\/schema\/person\/164a62deb14fa968ab152d4b411a70ff","name":"Gustavo Neme","image":{"@type":"ImageObject","inLanguage":"pt-BR","@id":"https:\/\/maringapost.com.br\/geek\/#\/schema\/person\/image\/","url":"https:\/\/secure.gravatar.com\/avatar\/f560412761dd8b8e76ac4fbe9a337906?s=96&d=mm&r=g","contentUrl":"https:\/\/secure.gravatar.com\/avatar\/f560412761dd8b8e76ac4fbe9a337906?s=96&d=mm&r=g","caption":"Gustavo Neme"},"url":"https:\/\/maringapost.com.br\/geek\/author\/gustavoneme\/"}]}},"_links":{"self":[{"href":"https:\/\/maringapost.com.br\/geek\/wp-json\/wp\/v2\/posts\/357"}],"collection":[{"href":"https:\/\/maringapost.com.br\/geek\/wp-json\/wp\/v2\/posts"}],"about":[{"href":"https:\/\/maringapost.com.br\/geek\/wp-json\/wp\/v2\/types\/post"}],"author":[{"embeddable":true,"href":"https:\/\/maringapost.com.br\/geek\/wp-json\/wp\/v2\/users\/12207"}],"replies":[{"embeddable":true,"href":"https:\/\/maringapost.com.br\/geek\/wp-json\/wp\/v2\/comments?post=357"}],"version-history":[{"count":2,"href":"https:\/\/maringapost.com.br\/geek\/wp-json\/wp\/v2\/posts\/357\/revisions"}],"predecessor-version":[{"id":363,"href":"https:\/\/maringapost.com.br\/geek\/wp-json\/wp\/v2\/posts\/357\/revisions\/363"}],"wp:featuredmedia":[{"embeddable":true,"href":"https:\/\/maringapost.com.br\/geek\/wp-json\/wp\/v2\/media\/358"}],"wp:attachment":[{"href":"https:\/\/maringapost.com.br\/geek\/wp-json\/wp\/v2\/media?parent=357"}],"wp:term":[{"taxonomy":"category","embeddable":true,"href":"https:\/\/maringapost.com.br\/geek\/wp-json\/wp\/v2\/categories?post=357"},{"taxonomy":"post_tag","embeddable":true,"href":"https:\/\/maringapost.com.br\/geek\/wp-json\/wp\/v2\/tags?post=357"}],"curies":[{"name":"wp","href":"https:\/\/api.w.org\/{rel}","templated":true}]}}