{"id":501,"date":"2022-04-29T08:41:03","date_gmt":"2022-04-29T11:41:03","guid":{"rendered":"https:\/\/maringapost.com.br\/cultural\/?p=501"},"modified":"2022-04-29T08:41:03","modified_gmt":"2022-04-29T11:41:03","slug":"agenda-cultural-de-29-04-a-05-05","status":"publish","type":"post","link":"https:\/\/maringapost.com.br\/cultural\/2022\/04\/29\/agenda-cultural-de-29-04-a-05-05\/","title":{"rendered":"Agenda cultural de 29\/04 a 05\/05"},"content":{"rendered":"<p><strong>Performance<\/strong><\/p>\n<p>Neste final de semana a Malditas \u2013 Mostra de Performance Feminista volta a acontecer em Maring\u00e1. \u00c9 a quinta performer convidada que desembarca na cidade para ministrar oficina e atuar. Desta vez, Maria Leo Araruna vem do Distrito Federal para realizar a oficina \u201cEscrita como pr\u00f3tese: o corpo n\u00e3o \u00e9 s\u00f3 a carne\u201d no dia 01\u00ba de maio, \u00e0s 10h, no Parque Alfredo Nyffeler (Burac\u00e3o). Para participar \u00e9 s\u00f3 aparecer por l\u00e1. No dia 6 (sexta-feira) Maria Leo faz a performance \u201cManifesto Trav(Eco)-Ciborgue\u201d \u00e0s 20h no Arena das Artes (recomendado para maiores de 16 anos). \u00c9 tudo gratuito.<\/p>\n<p><strong>Teatro\u00a0<\/strong><\/p>\n<p><img loading=\"lazy\" decoding=\"async\" class=\"aligncenter size-large wp-image-503\" src=\"http:\/\/maringapost.com.br\/cultural\/wp-content\/uploads\/sites\/35\/2022\/04\/2-teatro-1024x682.jpg\" alt=\"\" width=\"696\" height=\"464\" srcset=\"https:\/\/maringapost.com.br\/cultural\/wp-content\/uploads\/sites\/35\/2022\/04\/2-teatro-1024x682.jpg 1024w, https:\/\/maringapost.com.br\/cultural\/wp-content\/uploads\/sites\/35\/2022\/04\/2-teatro-300x200.jpg 300w, https:\/\/maringapost.com.br\/cultural\/wp-content\/uploads\/sites\/35\/2022\/04\/2-teatro-768x512.jpg 768w, https:\/\/maringapost.com.br\/cultural\/wp-content\/uploads\/sites\/35\/2022\/04\/2-teatro-696x464.jpg 696w, https:\/\/maringapost.com.br\/cultural\/wp-content\/uploads\/sites\/35\/2022\/04\/2-teatro-1068x712.jpg 1068w, https:\/\/maringapost.com.br\/cultural\/wp-content\/uploads\/sites\/35\/2022\/04\/2-teatro-630x420.jpg 630w, https:\/\/maringapost.com.br\/cultural\/wp-content\/uploads\/sites\/35\/2022\/04\/2-teatro.jpg 1280w\" sizes=\"(max-width: 696px) 100vw, 696px\" \/><\/p>\n<p>O espet\u00e1culo \u201cO Soldado, A Tigresa e uma outra hist\u00f3ria\u201d, de Douglas Kodi, estreou semana passada e tem mais apresenta\u00e7\u00f5es nos dias 29 e 30\/04 e 01\/05, sempre de gra\u00e7a, \u00e0s 20h, no Arena das Artes, que fica na Avenida Deputado Jos\u00e9 Alves dos Santos, 4367. A pe\u00e7a tem dura\u00e7\u00e3o aproximada de 50 minutos e a classifica\u00e7\u00e3o \u00e9 livre. O texto e a dire\u00e7\u00e3o s\u00e3o de Douglas Kodi, que se inspirou livremente na vida e obra de Dario Fo, Paulo Leminski, Cl\u00e1udio Seto e Hiroo Onoda e tem como base de atua\u00e7\u00e3o a Commedia dell&#8217;arte italiana.<\/p>\n<p>\u201cO Soldado, a Tigresa e uma outra hist\u00f3ria\u201d \u00e9 um espet\u00e1culo sobre a guerra. Trata de acontecimentos que se deram em um espa\u00e7o de tempo incerto, que pode variar de 10 dias a 50 anos. Atrav\u00e9s da trajet\u00f3ria desta fonte, que sempre sonhou em lutar na guerra e conseguiu o que queria ao embarcar no navio Ashigar\u00f4, o maior j\u00e1 feito na hist\u00f3ria nip\u00f4nica, o p\u00fablico ser\u00e1 levado ao universo das lendas e f\u00e1bulas japonesas.<\/p>\n<p><strong>Jantar dan\u00e7ante<\/strong><\/p>\n<p><img loading=\"lazy\" decoding=\"async\" class=\"aligncenter size-large wp-image-504\" src=\"http:\/\/maringapost.com.br\/cultural\/wp-content\/uploads\/sites\/35\/2022\/04\/3-jantar-dancante-1024x1024.jpg\" alt=\"\" width=\"696\" height=\"696\" srcset=\"https:\/\/maringapost.com.br\/cultural\/wp-content\/uploads\/sites\/35\/2022\/04\/3-jantar-dancante-1024x1024.jpg 1024w, https:\/\/maringapost.com.br\/cultural\/wp-content\/uploads\/sites\/35\/2022\/04\/3-jantar-dancante-300x300.jpg 300w, https:\/\/maringapost.com.br\/cultural\/wp-content\/uploads\/sites\/35\/2022\/04\/3-jantar-dancante-150x150.jpg 150w, https:\/\/maringapost.com.br\/cultural\/wp-content\/uploads\/sites\/35\/2022\/04\/3-jantar-dancante-768x768.jpg 768w, https:\/\/maringapost.com.br\/cultural\/wp-content\/uploads\/sites\/35\/2022\/04\/3-jantar-dancante-696x696.jpg 696w, https:\/\/maringapost.com.br\/cultural\/wp-content\/uploads\/sites\/35\/2022\/04\/3-jantar-dancante-1068x1068.jpg 1068w, https:\/\/maringapost.com.br\/cultural\/wp-content\/uploads\/sites\/35\/2022\/04\/3-jantar-dancante-420x420.jpg 420w, https:\/\/maringapost.com.br\/cultural\/wp-content\/uploads\/sites\/35\/2022\/04\/3-jantar-dancante.jpg 1080w\" sizes=\"(max-width: 696px) 100vw, 696px\" \/><\/p>\n<p>Em comemora\u00e7\u00e3o ao Dia Internacional da Dan\u00e7a, o n\u00facleo de escolas de dan\u00e7a da Acim, com apoio do Rotary, vai promover um jantar dan\u00e7ante. \u00c9 nesta sexta, 29, a partir das 19h30 na Acim, com ingressos a R$ 60,00 (desconto para membros do Programa Empreender). Haver\u00e1 apresenta\u00e7\u00e3o art\u00edstica das escolas M\u00e1rcia Angeli, A\u00e9reo Estudio de Dan\u00e7a, Cirqueridum e Primeiro Ato.<\/p>\n<p><strong>Oficinas<\/strong><\/p>\n<p><img loading=\"lazy\" decoding=\"async\" class=\"aligncenter size-large wp-image-506\" src=\"http:\/\/maringapost.com.br\/cultural\/wp-content\/uploads\/sites\/35\/2022\/04\/4-oficinas-724x1024.jpg\" alt=\"\" width=\"696\" height=\"984\" srcset=\"https:\/\/maringapost.com.br\/cultural\/wp-content\/uploads\/sites\/35\/2022\/04\/4-oficinas-724x1024.jpg 724w, https:\/\/maringapost.com.br\/cultural\/wp-content\/uploads\/sites\/35\/2022\/04\/4-oficinas-212x300.jpg 212w, https:\/\/maringapost.com.br\/cultural\/wp-content\/uploads\/sites\/35\/2022\/04\/4-oficinas-768x1086.jpg 768w, https:\/\/maringapost.com.br\/cultural\/wp-content\/uploads\/sites\/35\/2022\/04\/4-oficinas-696x984.jpg 696w, https:\/\/maringapost.com.br\/cultural\/wp-content\/uploads\/sites\/35\/2022\/04\/4-oficinas-297x420.jpg 297w, https:\/\/maringapost.com.br\/cultural\/wp-content\/uploads\/sites\/35\/2022\/04\/4-oficinas.jpg 905w\" sizes=\"(max-width: 696px) 100vw, 696px\" \/><\/p>\n<p>Fim de semana tem oficinas do projeto \u201cCaminhos da cidade\u201d, com organiza\u00e7\u00e3o de Bruno Pesch. As atividades s\u00e3o nos dias 30\/04 e 01\/05 (aquarela) e 14 e 15\/05 (escultura em arame), sempre no Ateli\u00ea Culturama, na Rua Pioneiro Marcelino Leonardo, 147, Jardim Monte Carlo.<\/p>\n<p>As inscri\u00e7\u00f5es s\u00e3o gratuitas e para se inscrever \u00e9 preciso ter mais de 15 anos e residir em Maring\u00e1 (vagas limitadas). As aulas s\u00e3o das 8h30 \u00e0s 16h30, com 1h30 de intervalo para o almo\u00e7o. N\u00e3o \u00e9 necess\u00e1rio levar material, pois o projeto \u00e9 contemplado pelo Pr\u00eamio Aniceto Matti e oferece tudo que \u00e9 necess\u00e1rio.<\/p>\n<p>O foco \u00e9 registrar o processo coletivo de cria\u00e7\u00e3o art\u00edstica envolvendo o trabalho com t\u00e9cnicas de desenho, aquarela e escultura em arame. Todo o processo ser\u00e1 registrado em um audiovisual como forma de captar todos os aspectos e elementos que envolvem uma cria\u00e7\u00e3o puramente art\u00edstica. O tema das produ\u00e7\u00f5es s\u00e3o os caminhos percorridos no dia a dia e n\u00e3o \u00e9 necess\u00e1rio ter conhecimento pr\u00e9vio.<\/p>\n<p>Link de inscri\u00e7\u00f5es: <strong><a href=\"https:\/\/linktr.ee\/pesch.artes\">https:\/\/linktr.ee\/pesch.artes<\/a><\/strong><\/p>\n<p>informa\u00e7\u00f5es: <a href=\"https:\/\/www.instagram.com\/pesch.artes\/\" target=\"_blank\" rel=\"noopener\"><strong>@pesch.artes<\/strong><\/a> e\u00a0<a href=\"https:\/\/www.instagram.com\/atelieculturama\/\" target=\"_blank\" rel=\"noopener\"><strong>@atelieculturama<\/strong><\/a><\/p>\n<p><strong>Convite ao Teatro<\/strong><\/p>\n<p><img loading=\"lazy\" decoding=\"async\" class=\"aligncenter size-large wp-image-507\" src=\"http:\/\/maringapost.com.br\/cultural\/wp-content\/uploads\/sites\/35\/2022\/04\/5-convite-ao-teatro-1-1024x1024.jpg\" alt=\"\" width=\"696\" height=\"696\" srcset=\"https:\/\/maringapost.com.br\/cultural\/wp-content\/uploads\/sites\/35\/2022\/04\/5-convite-ao-teatro-1-1024x1024.jpg 1024w, https:\/\/maringapost.com.br\/cultural\/wp-content\/uploads\/sites\/35\/2022\/04\/5-convite-ao-teatro-1-300x300.jpg 300w, https:\/\/maringapost.com.br\/cultural\/wp-content\/uploads\/sites\/35\/2022\/04\/5-convite-ao-teatro-1-150x150.jpg 150w, https:\/\/maringapost.com.br\/cultural\/wp-content\/uploads\/sites\/35\/2022\/04\/5-convite-ao-teatro-1-768x768.jpg 768w, https:\/\/maringapost.com.br\/cultural\/wp-content\/uploads\/sites\/35\/2022\/04\/5-convite-ao-teatro-1-696x696.jpg 696w, https:\/\/maringapost.com.br\/cultural\/wp-content\/uploads\/sites\/35\/2022\/04\/5-convite-ao-teatro-1-1068x1068.jpg 1068w, https:\/\/maringapost.com.br\/cultural\/wp-content\/uploads\/sites\/35\/2022\/04\/5-convite-ao-teatro-1-420x420.jpg 420w, https:\/\/maringapost.com.br\/cultural\/wp-content\/uploads\/sites\/35\/2022\/04\/5-convite-ao-teatro-1.jpg 1080w\" sizes=\"(max-width: 696px) 100vw, 696px\" \/><\/p>\n<p>Hoje o Convite ao Teatro recebe a \u00faltima apresenta\u00e7\u00e3o do espet\u00e1culo &#8220;Orquestra de Bexigas&#8221;, do grupo Meu Clown, neste edital. Em cena, cinco palha\u00e7os interpretados por Alexandre Muniz, Andresa Viotti, Marcelo Colavitto, Rafael Leonel e Renata Pereira, se divertem e divertem a plateia. A apresenta\u00e7\u00e3o \u00e9 \u00e0s 20h no Teatro Barrac\u00e3o, com entrada gratuita.<\/p>\n<p><strong>Convite ao Cinema<\/strong><\/p>\n<p><img loading=\"lazy\" decoding=\"async\" class=\"aligncenter size-large wp-image-508\" src=\"http:\/\/maringapost.com.br\/cultural\/wp-content\/uploads\/sites\/35\/2022\/04\/6-convite-ao-cinema-1024x576.jpeg\" alt=\"\" width=\"696\" height=\"392\" srcset=\"https:\/\/maringapost.com.br\/cultural\/wp-content\/uploads\/sites\/35\/2022\/04\/6-convite-ao-cinema-1024x576.jpeg 1024w, https:\/\/maringapost.com.br\/cultural\/wp-content\/uploads\/sites\/35\/2022\/04\/6-convite-ao-cinema-300x169.jpeg 300w, https:\/\/maringapost.com.br\/cultural\/wp-content\/uploads\/sites\/35\/2022\/04\/6-convite-ao-cinema-768x432.jpeg 768w, https:\/\/maringapost.com.br\/cultural\/wp-content\/uploads\/sites\/35\/2022\/04\/6-convite-ao-cinema-696x392.jpeg 696w, https:\/\/maringapost.com.br\/cultural\/wp-content\/uploads\/sites\/35\/2022\/04\/6-convite-ao-cinema-1068x601.jpeg 1068w, https:\/\/maringapost.com.br\/cultural\/wp-content\/uploads\/sites\/35\/2022\/04\/6-convite-ao-cinema-747x420.jpeg 747w, https:\/\/maringapost.com.br\/cultural\/wp-content\/uploads\/sites\/35\/2022\/04\/6-convite-ao-cinema.jpeg 1280w\" sizes=\"(max-width: 696px) 100vw, 696px\" \/><\/p>\n<p>Neste s\u00e1bado (30\/4) o Convite ao Cinema, projeto da Secretaria de Cultura, com coordena\u00e7\u00e3o e curadoria de Paulo Campagnolo, apresenta o filme franc\u00eas \u201cO \u00f3dio\u201d (1995). Excepcionalmente esta sess\u00e3o ser\u00e1 no CAC \u2013 Centro de A\u00e7\u00e3o Cultural, localizado na Av. XV de Novembro, 514, centro. A entrada \u00e9 gratuita e come\u00e7a \u00e0s 20h. Classifica\u00e7\u00e3o \u00e9 16 anos.<\/p>\n<p>Veja um trecho do que Paulo Campagnolo fala sobre o filme:<\/p>\n<p>\u201c\u2018O \u00d3dio\u2019 possui a vitalidade e a urg\u00eancia de um filme que parece estar sendo feito agora, neste exato instante que o \u201cestado de coisas\u201d na Europa, com o fluxo intenso de refugiados, coloca na berlinda a t\u00e3o aclamada \u201chumanidade\u201d do Velho Continente. Kassovitz (\u00f3timo ator em filmes como \u201cUm Her\u00f3i Muito Discreto\u201d e \u201cO Fabuloso Destino de Am\u00e9lie Poulain\u201d) tinha 27 anos quando fez \u201cO \u00d3dio\u201d e partiu de um epis\u00f3dio real de viol\u00eancia policial para colocar em cena a situa\u00e7\u00e3o de imigrantes vivendo \u00e0 sombra do Estado, na periferia de Paris. S\u00e3o tr\u00eas personagens em cena, Vinz, Said e Hubert que, depois de terem um amigo espancado pela pol\u00edcia (e que est\u00e1 em coma num hospital), viver\u00e3o uma longa noite de viol\u00eancia, naquele que talvez seja o dia mais importante de suas vidas. Filmado em preto &amp; branco, num estilo cinema-verdade, o filme atinge o espectador como um soco, atrav\u00e9s de cortes secos, da apurada edi\u00e7\u00e3o e da atmosfera de tens\u00e3o crescente que descamba numa viol\u00eancia inevit\u00e1vel. No desejo de falar sobre o seu tempo e seu lugar, Kassovitz (que nunca repetiria o sucesso estrondoso desse filme) realizou um filme assustador e pol\u00edtico o suficiente para manter-se sempre atual\u201d.<\/p>\n<p><strong>Festival Afro<\/strong><\/p>\n<p><img loading=\"lazy\" decoding=\"async\" class=\"aligncenter size-full wp-image-509\" src=\"http:\/\/maringapost.com.br\/cultural\/wp-content\/uploads\/sites\/35\/2022\/04\/7-festival-afro.jpg\" alt=\"\" width=\"1024\" height=\"1024\" srcset=\"https:\/\/maringapost.com.br\/cultural\/wp-content\/uploads\/sites\/35\/2022\/04\/7-festival-afro.jpg 1024w, https:\/\/maringapost.com.br\/cultural\/wp-content\/uploads\/sites\/35\/2022\/04\/7-festival-afro-300x300.jpg 300w, https:\/\/maringapost.com.br\/cultural\/wp-content\/uploads\/sites\/35\/2022\/04\/7-festival-afro-150x150.jpg 150w, https:\/\/maringapost.com.br\/cultural\/wp-content\/uploads\/sites\/35\/2022\/04\/7-festival-afro-768x768.jpg 768w, https:\/\/maringapost.com.br\/cultural\/wp-content\/uploads\/sites\/35\/2022\/04\/7-festival-afro-696x696.jpg 696w, https:\/\/maringapost.com.br\/cultural\/wp-content\/uploads\/sites\/35\/2022\/04\/7-festival-afro-420x420.jpg 420w\" sizes=\"(max-width: 1024px) 100vw, 1024px\" \/><\/p>\n<p>As atra\u00e7\u00f5es art\u00edsticas do 13\u00ba Festival Afro-brasileiro continuam no Teatro Reviver Mag\u00f3 \u00e0s 20h30, de gra\u00e7a. Confira a programa\u00e7\u00e3o:<\/p>\n<p>30.04 | A Teia &#8220;conex\u00f5es que mudam dire\u00e7\u00f5es&#8221; com Franciely Germano e Guilherme Antonio<\/p>\n<p>01.05 | Baques de l\u00e1 pra c\u00e1: Salve M\u00e3e Helena de Xang\u00f4 Tund\u00ea com Maracatu Roda do Encanto Maring\u00e1<\/p>\n<p>02.05 | Afro-sambas \u2013 Sambaqueiros<\/p>\n<p><strong>Estreia teatral<\/strong><\/p>\n<p><img loading=\"lazy\" decoding=\"async\" class=\"aligncenter size-large wp-image-510\" src=\"http:\/\/maringapost.com.br\/cultural\/wp-content\/uploads\/sites\/35\/2022\/04\/8-estreia-teatral-819x1024.jpg\" alt=\"\" width=\"696\" height=\"870\" srcset=\"https:\/\/maringapost.com.br\/cultural\/wp-content\/uploads\/sites\/35\/2022\/04\/8-estreia-teatral-819x1024.jpg 819w, https:\/\/maringapost.com.br\/cultural\/wp-content\/uploads\/sites\/35\/2022\/04\/8-estreia-teatral-240x300.jpg 240w, https:\/\/maringapost.com.br\/cultural\/wp-content\/uploads\/sites\/35\/2022\/04\/8-estreia-teatral-768x960.jpg 768w, https:\/\/maringapost.com.br\/cultural\/wp-content\/uploads\/sites\/35\/2022\/04\/8-estreia-teatral-696x870.jpg 696w, https:\/\/maringapost.com.br\/cultural\/wp-content\/uploads\/sites\/35\/2022\/04\/8-estreia-teatral-336x420.jpg 336w, https:\/\/maringapost.com.br\/cultural\/wp-content\/uploads\/sites\/35\/2022\/04\/8-estreia-teatral.jpg 1024w\" sizes=\"(max-width: 696px) 100vw, 696px\" \/><\/p>\n<p>O espet\u00e1culo \u201cNeverland \u2013 a cidade dos livros\u201d estreia neste s\u00e1bado, dia 30\/04, \u00e0s 19h15 no Teatro Barrac\u00e3o. Em cena, Eduardo Cestari, Nicole Lopes, Thayse Mochi e Vinicius Crepaldi, dirigidos por William Farias, tamb\u00e9m respons\u00e1vel pela adapta\u00e7\u00e3o do texto de Frank Ferraz. Abaixo o calend\u00e1rio de apresenta\u00e7\u00f5es, sempre no Teatro Barrac\u00e3o e com alguns hor\u00e1rios bem inusitados.<\/p>\n<p>S\u00e1bado &#8211; 30\/04 \u00e0s 19h15<\/p>\n<p>Domingo &#8211; 01\/05 \u00e0s 16h20 e \u00e0s 19h15<\/p>\n<p>Segunda &#8211; 02\/05 \u00e0s 20h<\/p>\n<p>Ter\u00e7a &#8211; 03\/05 \u00e0s 09h09 e \u00e0s 14h14<\/p>\n<p>Quarta &#8211; 04\/05 \u00e0s 20h<\/p>\n<p>A entrada \u00e9 gratuita.<\/p>\n<p><strong>Recital<\/strong><\/p>\n<p><img loading=\"lazy\" decoding=\"async\" class=\"aligncenter size-full wp-image-511\" src=\"http:\/\/maringapost.com.br\/cultural\/wp-content\/uploads\/sites\/35\/2022\/04\/9-recital.jpg\" alt=\"\" width=\"1000\" height=\"1000\" srcset=\"https:\/\/maringapost.com.br\/cultural\/wp-content\/uploads\/sites\/35\/2022\/04\/9-recital.jpg 1000w, https:\/\/maringapost.com.br\/cultural\/wp-content\/uploads\/sites\/35\/2022\/04\/9-recital-300x300.jpg 300w, https:\/\/maringapost.com.br\/cultural\/wp-content\/uploads\/sites\/35\/2022\/04\/9-recital-150x150.jpg 150w, https:\/\/maringapost.com.br\/cultural\/wp-content\/uploads\/sites\/35\/2022\/04\/9-recital-768x768.jpg 768w, https:\/\/maringapost.com.br\/cultural\/wp-content\/uploads\/sites\/35\/2022\/04\/9-recital-696x696.jpg 696w, https:\/\/maringapost.com.br\/cultural\/wp-content\/uploads\/sites\/35\/2022\/04\/9-recital-420x420.jpg 420w\" sizes=\"(max-width: 1000px) 100vw, 1000px\" \/><\/p>\n<p>A segunda edic\u0327a\u0303o do espeta\u0301culo \u201cMulheres Brasileiras na Mu\u0301sica\u201d, com Cinthia Ruivo e Juliana Bischoff, acontece dia 03 \u00e0s 20h30 no Teatro Reviver Mag\u00f3.<\/p>\n<p>O duo de piano e voz tem o intuito de levar \u00e0 comunidade maringaense e da regia\u0303o, o reperto\u0301rio erudito nacional produzido por mulheres brasileiras. Sera\u0303o apresentadas tanto pec\u0327as de piano solo, quanto pec\u0327as de piano e voz que abordam temas relacionados ao cotidiano e a vida, como amor, solida\u0303o, saudade, entre outros, todos retratados a partir da visa\u0303o de mulheres brasileiras, dando voz e visibilidades a essas mulheres. A dire\u00e7\u00e3o c\u00eanica do show \u00e9 assinada por Lua Lamberti, produ\u00e7\u00e3o de Juliana Bischoff, ilumina\u00e7\u00e3o de Bruno Tostes e figurino de Vit\u00f3ria Campanari.<\/p>\n<p><strong>Convite \u00e0 M\u00fasica<\/strong><\/p>\n<p><img loading=\"lazy\" decoding=\"async\" class=\"aligncenter size-large wp-image-512\" src=\"http:\/\/maringapost.com.br\/cultural\/wp-content\/uploads\/sites\/35\/2022\/04\/10-convite-a-musica-1024x670.jpg\" alt=\"\" width=\"696\" height=\"455\" srcset=\"https:\/\/maringapost.com.br\/cultural\/wp-content\/uploads\/sites\/35\/2022\/04\/10-convite-a-musica-1024x670.jpg 1024w, https:\/\/maringapost.com.br\/cultural\/wp-content\/uploads\/sites\/35\/2022\/04\/10-convite-a-musica-300x196.jpg 300w, https:\/\/maringapost.com.br\/cultural\/wp-content\/uploads\/sites\/35\/2022\/04\/10-convite-a-musica-768x503.jpg 768w, https:\/\/maringapost.com.br\/cultural\/wp-content\/uploads\/sites\/35\/2022\/04\/10-convite-a-musica-696x456.jpg 696w, https:\/\/maringapost.com.br\/cultural\/wp-content\/uploads\/sites\/35\/2022\/04\/10-convite-a-musica-741x486.jpg 741w, https:\/\/maringapost.com.br\/cultural\/wp-content\/uploads\/sites\/35\/2022\/04\/10-convite-a-musica-1068x699.jpg 1068w, https:\/\/maringapost.com.br\/cultural\/wp-content\/uploads\/sites\/35\/2022\/04\/10-convite-a-musica-642x420.jpg 642w, https:\/\/maringapost.com.br\/cultural\/wp-content\/uploads\/sites\/35\/2022\/04\/10-convite-a-musica.jpg 1280w\" sizes=\"(max-width: 696px) 100vw, 696px\" \/><\/p>\n<p>Na quinta-feira, dia 05 de maio, o Convite \u00e0 M\u00fasica recebe o show Quarentena Eletrohits, de Leffs, que contar\u00e1 com releituras de obras marcantes da m\u00fasica brasileira e com o repert\u00f3rio autoral da artista. O espet\u00e1culo tem como objetivo promover o deslocamento de grandes obras da MPB para um eu-l\u00edrico diverso, um corpo dissidente que, em sua performance, transforma a mensagem e prop\u00f5e reflex\u00f5es sobre o nosso tempo e contexto social. O evento \u00e9 \u00e0s 20h no Teatro Barrac\u00e3o, de gra\u00e7a.<\/p>\n<p><strong>Coletivo<\/strong><\/p>\n<p><img loading=\"lazy\" decoding=\"async\" class=\"aligncenter size-large wp-image-514\" src=\"http:\/\/maringapost.com.br\/cultural\/wp-content\/uploads\/sites\/35\/2022\/04\/11-coletivo-819x1024.jpg\" alt=\"\" width=\"696\" height=\"870\" srcset=\"https:\/\/maringapost.com.br\/cultural\/wp-content\/uploads\/sites\/35\/2022\/04\/11-coletivo-819x1024.jpg 819w, https:\/\/maringapost.com.br\/cultural\/wp-content\/uploads\/sites\/35\/2022\/04\/11-coletivo-240x300.jpg 240w, https:\/\/maringapost.com.br\/cultural\/wp-content\/uploads\/sites\/35\/2022\/04\/11-coletivo-768x960.jpg 768w, https:\/\/maringapost.com.br\/cultural\/wp-content\/uploads\/sites\/35\/2022\/04\/11-coletivo-696x870.jpg 696w, https:\/\/maringapost.com.br\/cultural\/wp-content\/uploads\/sites\/35\/2022\/04\/11-coletivo-336x420.jpg 336w, https:\/\/maringapost.com.br\/cultural\/wp-content\/uploads\/sites\/35\/2022\/04\/11-coletivo.jpg 1024w\" sizes=\"(max-width: 696px) 100vw, 696px\" \/><\/p>\n<p>O Coletivo Sibipiruna ter\u00e1 mais um encontro nos dias 5, 6 e 7 de maio. A edi\u00e7\u00e3o de Dia das M\u00e3es ser\u00e1 com o tema \u201cAfeto\u201d e ocorre na Rua, Joaquim Nabuco, 1167, zona 4. Os hor\u00e1rios para visita\u00e7\u00e3o s\u00e3o das 14h \u00e0s 21h na quinta e na sexta e das 10h \u00e0s 18h no s\u00e1bado. Para quem ainda n\u00e3o conhece esse movimento, trata-se de um espa\u00e7o de exposi\u00e7\u00e3o e comercializa\u00e7\u00e3o de produtos autorais locais ou da regi\u00e3o. Nesta edi\u00e7\u00e3o mais de 30 marcas estar\u00e3o reunidas.<\/p>\n<p>Arte <a href=\"https:\/\/www.instagram.com\/hellnv\/\" target=\"_blank\" rel=\"noopener\"><strong>@hellnv<\/strong><\/a>.<\/p>\n<p>Sugest\u00f5es de pautas e eventos culturais podem ser enviadas para o e-mail <strong><a href=\"mailto:culturalpost.maringa@gmail.com\">culturalpost.maringa@gmail.com<\/a><\/strong>.<\/p>\n","protected":false},"excerpt":{"rendered":"<p>Performance Neste final de semana a Malditas \u2013 Mostra de Performance Feminista volta a acontecer em Maring\u00e1. \u00c9 a quinta performer convidada que desembarca na cidade para ministrar oficina e atuar. Desta vez, Maria Leo Araruna vem do Distrito Federal para realizar a oficina \u201cEscrita como pr\u00f3tese: o corpo n\u00e3o \u00e9 s\u00f3 a carne\u201d no [&hellip;]<\/p>\n","protected":false},"author":12229,"featured_media":502,"comment_status":"closed","ping_status":"open","sticky":false,"template":"","format":"standard","meta":{"_exactmetrics_skip_tracking":false,"_exactmetrics_sitenote_active":false,"_exactmetrics_sitenote_note":"","_exactmetrics_sitenote_category":0,"footnotes":""},"categories":[3],"tags":[57,62,94],"yoast_head":"<!-- This site is optimized with the Yoast SEO Premium plugin v22.7 (Yoast SEO v22.7) - https:\/\/yoast.com\/wordpress\/plugins\/seo\/ -->\n<title>Agenda cultural de 29\/04 a 05\/05 - Cultural<\/title>\n<meta name=\"description\" content=\"M\u00fasica, arte, teatro e cinema... Tudo isso e muito mais voc\u00ea encontra na Coluna Cultural Post, com a Agenda Cultural completa de Maring\u00e1.\" \/>\n<meta name=\"robots\" content=\"index, follow, max-snippet:-1, max-image-preview:large, max-video-preview:-1\" \/>\n<link rel=\"canonical\" href=\"https:\/\/maringapost.com.br\/cultural\/2022\/04\/29\/agenda-cultural-de-29-04-a-05-05\/\" \/>\n<meta property=\"og:locale\" content=\"pt_BR\" \/>\n<meta property=\"og:type\" content=\"article\" \/>\n<meta property=\"og:title\" content=\"Agenda cultural de 29\/04 a 05\/05\" \/>\n<meta property=\"og:description\" content=\"M\u00fasica, arte, teatro e cinema... Tudo isso e muito mais voc\u00ea encontra na Coluna Cultural Post, com a Agenda Cultural completa de Maring\u00e1.\" \/>\n<meta property=\"og:url\" content=\"https:\/\/maringapost.com.br\/cultural\/2022\/04\/29\/agenda-cultural-de-29-04-a-05-05\/\" \/>\n<meta property=\"og:site_name\" content=\"Cultural\" \/>\n<meta property=\"article:published_time\" content=\"2022-04-29T11:41:03+00:00\" \/>\n<meta property=\"og:image\" content=\"https:\/\/maringapost.com.br\/cultural\/wp-content\/uploads\/sites\/35\/2022\/04\/1-performance-Foto-JulianaAlmeida.jpeg\" \/>\n\t<meta property=\"og:image:width\" content=\"1280\" \/>\n\t<meta property=\"og:image:height\" content=\"853\" \/>\n\t<meta property=\"og:image:type\" content=\"image\/jpeg\" \/>\n<meta name=\"author\" content=\"Rachel Coelho\" \/>\n<meta name=\"twitter:card\" content=\"summary_large_image\" \/>\n<meta name=\"twitter:label1\" content=\"Escrito por\" \/>\n\t<meta name=\"twitter:data1\" content=\"\" \/>\n\t<meta name=\"twitter:label2\" content=\"Est. tempo de leitura\" \/>\n\t<meta name=\"twitter:data2\" content=\"7 minutos\" \/>\n<script type=\"application\/ld+json\" class=\"yoast-schema-graph\">{\"@context\":\"https:\/\/schema.org\",\"@graph\":[{\"@type\":\"WebPage\",\"@id\":\"https:\/\/maringapost.com.br\/cultural\/2022\/04\/29\/agenda-cultural-de-29-04-a-05-05\/\",\"url\":\"https:\/\/maringapost.com.br\/cultural\/2022\/04\/29\/agenda-cultural-de-29-04-a-05-05\/\",\"name\":\"Agenda cultural de 29\/04 a 05\/05 - Cultural\",\"isPartOf\":{\"@id\":\"https:\/\/maringapost.com.br\/cultural\/#website\"},\"primaryImageOfPage\":{\"@id\":\"https:\/\/maringapost.com.br\/cultural\/2022\/04\/29\/agenda-cultural-de-29-04-a-05-05\/#primaryimage\"},\"image\":{\"@id\":\"https:\/\/maringapost.com.br\/cultural\/2022\/04\/29\/agenda-cultural-de-29-04-a-05-05\/#primaryimage\"},\"thumbnailUrl\":\"https:\/\/maringapost.com.br\/cultural\/wp-content\/uploads\/sites\/35\/2022\/04\/1-performance-Foto-JulianaAlmeida.jpeg\",\"datePublished\":\"2022-04-29T11:41:03+00:00\",\"dateModified\":\"2022-04-29T11:41:03+00:00\",\"author\":{\"@id\":\"https:\/\/maringapost.com.br\/cultural\/#\/schema\/person\/5789fded5b7a25b316ae26d79fc00d96\"},\"description\":\"M\u00fasica, arte, teatro e cinema... Tudo isso e muito mais voc\u00ea encontra na Coluna Cultural Post, com a Agenda Cultural completa de Maring\u00e1.\",\"breadcrumb\":{\"@id\":\"https:\/\/maringapost.com.br\/cultural\/2022\/04\/29\/agenda-cultural-de-29-04-a-05-05\/#breadcrumb\"},\"inLanguage\":\"pt-BR\",\"potentialAction\":[{\"@type\":\"ReadAction\",\"target\":[\"https:\/\/maringapost.com.br\/cultural\/2022\/04\/29\/agenda-cultural-de-29-04-a-05-05\/\"]}]},{\"@type\":\"ImageObject\",\"inLanguage\":\"pt-BR\",\"@id\":\"https:\/\/maringapost.com.br\/cultural\/2022\/04\/29\/agenda-cultural-de-29-04-a-05-05\/#primaryimage\",\"url\":\"https:\/\/maringapost.com.br\/cultural\/wp-content\/uploads\/sites\/35\/2022\/04\/1-performance-Foto-JulianaAlmeida.jpeg\",\"contentUrl\":\"https:\/\/maringapost.com.br\/cultural\/wp-content\/uploads\/sites\/35\/2022\/04\/1-performance-Foto-JulianaAlmeida.jpeg\",\"width\":1280,\"height\":853},{\"@type\":\"BreadcrumbList\",\"@id\":\"https:\/\/maringapost.com.br\/cultural\/2022\/04\/29\/agenda-cultural-de-29-04-a-05-05\/#breadcrumb\",\"itemListElement\":[{\"@type\":\"ListItem\",\"position\":1,\"name\":\"In\u00edcio\",\"item\":\"https:\/\/maringapost.com.br\/cultural\/\"},{\"@type\":\"ListItem\",\"position\":2,\"name\":\"Agenda cultural de 29\/04 a 05\/05\"}]},{\"@type\":\"WebSite\",\"@id\":\"https:\/\/maringapost.com.br\/cultural\/#website\",\"url\":\"https:\/\/maringapost.com.br\/cultural\/\",\"name\":\"Cultural\",\"description\":\"\",\"potentialAction\":[{\"@type\":\"SearchAction\",\"target\":{\"@type\":\"EntryPoint\",\"urlTemplate\":\"https:\/\/maringapost.com.br\/cultural\/?s={search_term_string}\"},\"query-input\":\"required name=search_term_string\"}],\"inLanguage\":\"pt-BR\"},{\"@type\":\"Person\",\"@id\":\"https:\/\/maringapost.com.br\/cultural\/#\/schema\/person\/5789fded5b7a25b316ae26d79fc00d96\",\"name\":\"Rachel Coelho\",\"image\":{\"@type\":\"ImageObject\",\"inLanguage\":\"pt-BR\",\"@id\":\"https:\/\/maringapost.com.br\/cultural\/#\/schema\/person\/image\/\",\"url\":\"https:\/\/secure.gravatar.com\/avatar\/24472946445f39cbf9facefbfe18d3a8?s=96&d=mm&r=g\",\"contentUrl\":\"https:\/\/secure.gravatar.com\/avatar\/24472946445f39cbf9facefbfe18d3a8?s=96&d=mm&r=g\",\"caption\":\"Rachel Coelho\"},\"url\":\"https:\/\/maringapost.com.br\/cultural\/author\/rachelcoelho\/\"}]}<\/script>\n<!-- \/ Yoast SEO Premium plugin. -->","yoast_head_json":{"title":"Agenda cultural de 29\/04 a 05\/05 - Cultural","description":"M\u00fasica, arte, teatro e cinema... Tudo isso e muito mais voc\u00ea encontra na Coluna Cultural Post, com a Agenda Cultural completa de Maring\u00e1.","robots":{"index":"index","follow":"follow","max-snippet":"max-snippet:-1","max-image-preview":"max-image-preview:large","max-video-preview":"max-video-preview:-1"},"canonical":"https:\/\/maringapost.com.br\/cultural\/2022\/04\/29\/agenda-cultural-de-29-04-a-05-05\/","og_locale":"pt_BR","og_type":"article","og_title":"Agenda cultural de 29\/04 a 05\/05","og_description":"M\u00fasica, arte, teatro e cinema... Tudo isso e muito mais voc\u00ea encontra na Coluna Cultural Post, com a Agenda Cultural completa de Maring\u00e1.","og_url":"https:\/\/maringapost.com.br\/cultural\/2022\/04\/29\/agenda-cultural-de-29-04-a-05-05\/","og_site_name":"Cultural","article_published_time":"2022-04-29T11:41:03+00:00","og_image":[{"width":1280,"height":853,"url":"https:\/\/maringapost.com.br\/cultural\/wp-content\/uploads\/sites\/35\/2022\/04\/1-performance-Foto-JulianaAlmeida.jpeg","type":"image\/jpeg"}],"author":"Rachel Coelho","twitter_card":"summary_large_image","twitter_misc":{"Escrito por":false,"Est. tempo de leitura":"7 minutos"},"schema":{"@context":"https:\/\/schema.org","@graph":[{"@type":"WebPage","@id":"https:\/\/maringapost.com.br\/cultural\/2022\/04\/29\/agenda-cultural-de-29-04-a-05-05\/","url":"https:\/\/maringapost.com.br\/cultural\/2022\/04\/29\/agenda-cultural-de-29-04-a-05-05\/","name":"Agenda cultural de 29\/04 a 05\/05 - Cultural","isPartOf":{"@id":"https:\/\/maringapost.com.br\/cultural\/#website"},"primaryImageOfPage":{"@id":"https:\/\/maringapost.com.br\/cultural\/2022\/04\/29\/agenda-cultural-de-29-04-a-05-05\/#primaryimage"},"image":{"@id":"https:\/\/maringapost.com.br\/cultural\/2022\/04\/29\/agenda-cultural-de-29-04-a-05-05\/#primaryimage"},"thumbnailUrl":"https:\/\/maringapost.com.br\/cultural\/wp-content\/uploads\/sites\/35\/2022\/04\/1-performance-Foto-JulianaAlmeida.jpeg","datePublished":"2022-04-29T11:41:03+00:00","dateModified":"2022-04-29T11:41:03+00:00","author":{"@id":"https:\/\/maringapost.com.br\/cultural\/#\/schema\/person\/5789fded5b7a25b316ae26d79fc00d96"},"description":"M\u00fasica, arte, teatro e cinema... Tudo isso e muito mais voc\u00ea encontra na Coluna Cultural Post, com a Agenda Cultural completa de Maring\u00e1.","breadcrumb":{"@id":"https:\/\/maringapost.com.br\/cultural\/2022\/04\/29\/agenda-cultural-de-29-04-a-05-05\/#breadcrumb"},"inLanguage":"pt-BR","potentialAction":[{"@type":"ReadAction","target":["https:\/\/maringapost.com.br\/cultural\/2022\/04\/29\/agenda-cultural-de-29-04-a-05-05\/"]}]},{"@type":"ImageObject","inLanguage":"pt-BR","@id":"https:\/\/maringapost.com.br\/cultural\/2022\/04\/29\/agenda-cultural-de-29-04-a-05-05\/#primaryimage","url":"https:\/\/maringapost.com.br\/cultural\/wp-content\/uploads\/sites\/35\/2022\/04\/1-performance-Foto-JulianaAlmeida.jpeg","contentUrl":"https:\/\/maringapost.com.br\/cultural\/wp-content\/uploads\/sites\/35\/2022\/04\/1-performance-Foto-JulianaAlmeida.jpeg","width":1280,"height":853},{"@type":"BreadcrumbList","@id":"https:\/\/maringapost.com.br\/cultural\/2022\/04\/29\/agenda-cultural-de-29-04-a-05-05\/#breadcrumb","itemListElement":[{"@type":"ListItem","position":1,"name":"In\u00edcio","item":"https:\/\/maringapost.com.br\/cultural\/"},{"@type":"ListItem","position":2,"name":"Agenda cultural de 29\/04 a 05\/05"}]},{"@type":"WebSite","@id":"https:\/\/maringapost.com.br\/cultural\/#website","url":"https:\/\/maringapost.com.br\/cultural\/","name":"Cultural","description":"","potentialAction":[{"@type":"SearchAction","target":{"@type":"EntryPoint","urlTemplate":"https:\/\/maringapost.com.br\/cultural\/?s={search_term_string}"},"query-input":"required name=search_term_string"}],"inLanguage":"pt-BR"},{"@type":"Person","@id":"https:\/\/maringapost.com.br\/cultural\/#\/schema\/person\/5789fded5b7a25b316ae26d79fc00d96","name":"Rachel Coelho","image":{"@type":"ImageObject","inLanguage":"pt-BR","@id":"https:\/\/maringapost.com.br\/cultural\/#\/schema\/person\/image\/","url":"https:\/\/secure.gravatar.com\/avatar\/24472946445f39cbf9facefbfe18d3a8?s=96&d=mm&r=g","contentUrl":"https:\/\/secure.gravatar.com\/avatar\/24472946445f39cbf9facefbfe18d3a8?s=96&d=mm&r=g","caption":"Rachel Coelho"},"url":"https:\/\/maringapost.com.br\/cultural\/author\/rachelcoelho\/"}]}},"_links":{"self":[{"href":"https:\/\/maringapost.com.br\/cultural\/wp-json\/wp\/v2\/posts\/501"}],"collection":[{"href":"https:\/\/maringapost.com.br\/cultural\/wp-json\/wp\/v2\/posts"}],"about":[{"href":"https:\/\/maringapost.com.br\/cultural\/wp-json\/wp\/v2\/types\/post"}],"author":[{"embeddable":true,"href":"https:\/\/maringapost.com.br\/cultural\/wp-json\/wp\/v2\/users\/12229"}],"replies":[{"embeddable":true,"href":"https:\/\/maringapost.com.br\/cultural\/wp-json\/wp\/v2\/comments?post=501"}],"version-history":[{"count":3,"href":"https:\/\/maringapost.com.br\/cultural\/wp-json\/wp\/v2\/posts\/501\/revisions"}],"predecessor-version":[{"id":515,"href":"https:\/\/maringapost.com.br\/cultural\/wp-json\/wp\/v2\/posts\/501\/revisions\/515"}],"wp:featuredmedia":[{"embeddable":true,"href":"https:\/\/maringapost.com.br\/cultural\/wp-json\/wp\/v2\/media\/502"}],"wp:attachment":[{"href":"https:\/\/maringapost.com.br\/cultural\/wp-json\/wp\/v2\/media?parent=501"}],"wp:term":[{"taxonomy":"category","embeddable":true,"href":"https:\/\/maringapost.com.br\/cultural\/wp-json\/wp\/v2\/categories?post=501"},{"taxonomy":"post_tag","embeddable":true,"href":"https:\/\/maringapost.com.br\/cultural\/wp-json\/wp\/v2\/tags?post=501"}],"curies":[{"name":"wp","href":"https:\/\/api.w.org\/{rel}","templated":true}]}}