{"id":484,"date":"2022-04-22T10:14:11","date_gmt":"2022-04-22T13:14:11","guid":{"rendered":"https:\/\/maringapost.com.br\/cultural\/?p=484"},"modified":"2022-04-22T11:04:24","modified_gmt":"2022-04-22T14:04:24","slug":"agenda-cultural-de-22-a-28-04","status":"publish","type":"post","link":"https:\/\/maringapost.com.br\/cultural\/2022\/04\/22\/agenda-cultural-de-22-a-28-04\/","title":{"rendered":"Agenda cultural de 22 a 28\/04"},"content":{"rendered":"<p><strong>Teatro presencial <\/strong><\/p>\n<p>O espet\u00e1culo \u201cO Soldado, A Tigresa e uma outra hist\u00f3ria\u201d, de Douglas Kodi, estreia nesta sexta, 22\/04. As apresenta\u00e7\u00f5es acontecem tamb\u00e9m nos dias 23, 24, 29 e 30\/04 e 01\/05, sempre de gra\u00e7a, \u00e0s 20h, no Arena das Artes, que fica na Avenida Deputado Jos\u00e9 Alves dos Santos, 4367. A pe\u00e7a tem dura\u00e7\u00e3o aproximada de 50 minutos e a classifica\u00e7\u00e3o \u00e9 livre. O texto e a dire\u00e7\u00e3o s\u00e3o de Douglas Kodi, que se inspirou livremente na vida e obra de Dario Fo, Paulo Leminski, Cl\u00e1udio Seto e Hiroo Onoda e tem como base de atua\u00e7\u00e3o a Commedia dell&#8217;arte italiana.<\/p>\n<p>\u201cO Soldado, a Tigresa e uma outra hist\u00f3ria\u201d \u00e9 um espet\u00e1culo sobre a guerra. Trata de acontecimentos que se deram em um espa\u00e7o de tempo incerto, que pode variar de 10 dias a 50 anos. Atrav\u00e9s da trajet\u00f3ria desta fonte, que sempre sonhou em lutar na guerra e conseguiu o que queria ao embarcar no navio Ashigar\u00f4, o maior j\u00e1 feito na hist\u00f3ria nip\u00f4nica, o p\u00fablico ser\u00e1 levado ao universo das lendas e f\u00e1bulas japonesas.<\/p>\n<p><strong>Teatro online<\/strong><\/p>\n<p><img loading=\"lazy\" decoding=\"async\" class=\"aligncenter size-large wp-image-488\" src=\"http:\/\/maringapost.com.br\/cultural\/wp-content\/uploads\/sites\/35\/2022\/04\/2-teatro-online-1024x1024.jpg\" alt=\"\" width=\"696\" height=\"696\" srcset=\"https:\/\/maringapost.com.br\/cultural\/wp-content\/uploads\/sites\/35\/2022\/04\/2-teatro-online-1024x1024.jpg 1024w, https:\/\/maringapost.com.br\/cultural\/wp-content\/uploads\/sites\/35\/2022\/04\/2-teatro-online-300x300.jpg 300w, https:\/\/maringapost.com.br\/cultural\/wp-content\/uploads\/sites\/35\/2022\/04\/2-teatro-online-150x150.jpg 150w, https:\/\/maringapost.com.br\/cultural\/wp-content\/uploads\/sites\/35\/2022\/04\/2-teatro-online-768x768.jpg 768w, https:\/\/maringapost.com.br\/cultural\/wp-content\/uploads\/sites\/35\/2022\/04\/2-teatro-online-696x696.jpg 696w, https:\/\/maringapost.com.br\/cultural\/wp-content\/uploads\/sites\/35\/2022\/04\/2-teatro-online-1068x1068.jpg 1068w, https:\/\/maringapost.com.br\/cultural\/wp-content\/uploads\/sites\/35\/2022\/04\/2-teatro-online-420x420.jpg 420w, https:\/\/maringapost.com.br\/cultural\/wp-content\/uploads\/sites\/35\/2022\/04\/2-teatro-online.jpg 1080w\" sizes=\"(max-width: 696px) 100vw, 696px\" \/><\/p>\n<p>O grupo formado pelos atores Bianca Cristina, Danielli Pasquini, Isabela Bocchi e Jo\u00e3o Renato Vilela decidiu seguir online, mesmo ap\u00f3s o retorno das atividades presenciais. Com dire\u00e7\u00e3o teatral e audiovisual de Mateus Moscheta, o espet\u00e1culo online \u201cFuso.s Hor\u00e1rio\u201d estreou neste feriado e segue sendo exibido em canal pr\u00f3prio no YouTube nos dias 22, 23, 24 e 25 de abril \u00e0s 19h30. No domingo, 24, haver\u00e1 uma sess\u00e3o extra no per\u00edodo da tarde, \u00e0s 15h.<\/p>\n<p>Na pe\u00e7a, quatro pessoas apresentam e narram hist\u00f3rias e pontos de vista sobre a sua realidade de tempo. Segundo o release encaminhado, o tempo pode ser contado a partir dos reflexos pol\u00edticos do seu pa\u00eds, da religi\u00e3o, fam\u00edlia, lembran\u00e7as ou simplesmente pelos acasos e coincid\u00eancias que ocorrem durante a vida. Al\u00e9m disso, as no\u00e7\u00f5es de futuro e rela\u00e7\u00f5es com a tecnologia e a sociedade tamb\u00e9m fazem parte da narrativa e da constru\u00e7\u00e3o c\u00eanica.<\/p>\n<p>Link para assistir: <strong><a href=\"https:\/\/www.youtube.com\/channel\/UCPp8SQnUwDrBqRdNw-RSQug\">https:\/\/www.youtube.com\/channel\/UCPp8SQnUwDrBqRdNw-RSQug<\/a><\/strong>.<\/p>\n<p>Mais informa\u00e7\u00f5es pelo instagram: <a href=\"https:\/\/www.instagram.com\/fuso.s.horario\/\" target=\"_blank\" rel=\"noopener\"><strong>@fuso.s.horario<\/strong><\/a>.<\/p>\n<p><strong>Roda de choro<\/strong><\/p>\n<p><img loading=\"lazy\" decoding=\"async\" class=\"aligncenter size-large wp-image-490\" src=\"http:\/\/maringapost.com.br\/cultural\/wp-content\/uploads\/sites\/35\/2022\/04\/3-roda-de-choro-1024x678.jpg\" alt=\"\" width=\"696\" height=\"461\" srcset=\"https:\/\/maringapost.com.br\/cultural\/wp-content\/uploads\/sites\/35\/2022\/04\/3-roda-de-choro-1024x678.jpg 1024w, https:\/\/maringapost.com.br\/cultural\/wp-content\/uploads\/sites\/35\/2022\/04\/3-roda-de-choro-300x199.jpg 300w, https:\/\/maringapost.com.br\/cultural\/wp-content\/uploads\/sites\/35\/2022\/04\/3-roda-de-choro-768x509.jpg 768w, https:\/\/maringapost.com.br\/cultural\/wp-content\/uploads\/sites\/35\/2022\/04\/3-roda-de-choro-696x461.jpg 696w, https:\/\/maringapost.com.br\/cultural\/wp-content\/uploads\/sites\/35\/2022\/04\/3-roda-de-choro-1068x708.jpg 1068w, https:\/\/maringapost.com.br\/cultural\/wp-content\/uploads\/sites\/35\/2022\/04\/3-roda-de-choro-634x420.jpg 634w, https:\/\/maringapost.com.br\/cultural\/wp-content\/uploads\/sites\/35\/2022\/04\/3-roda-de-choro.jpg 1280w\" sizes=\"(max-width: 696px) 100vw, 696px\" \/><\/p>\n<p>Neste final de semana tem apresenta\u00e7\u00f5es da Roda de Choro Itinerante, organizada pela Maraka Produ\u00e7\u00f5es e viabilizada pelo edital Territ\u00f3rios Culturais. As apresenta\u00e7\u00f5es acontecem dia 23\/04 \u00e0s 10h na Casa de Cultura do Jardim Alvorada e dia 24\/04 \u00e0s 11h no Parque do Ing\u00e1. A roda \u00e9 um espa\u00e7o de conviv\u00eancia de socializa\u00e7\u00e3o da m\u00fasica, onde se desenvolve um tema com improvisos na participa\u00e7\u00e3o de m\u00fasicos de diferentes n\u00edveis de conhecimento. Para al\u00e9m da roda principal, forma-se tamb\u00e9m uma roda de aprecia\u00e7\u00e3o.<\/p>\n<p><strong>Caminhos da cidade<\/strong><\/p>\n<p><img loading=\"lazy\" decoding=\"async\" class=\"aligncenter size-large wp-image-491\" src=\"http:\/\/maringapost.com.br\/cultural\/wp-content\/uploads\/sites\/35\/2022\/04\/4-caminhos-da-cidade-724x1024.jpg\" alt=\"\" width=\"696\" height=\"984\" srcset=\"https:\/\/maringapost.com.br\/cultural\/wp-content\/uploads\/sites\/35\/2022\/04\/4-caminhos-da-cidade-724x1024.jpg 724w, https:\/\/maringapost.com.br\/cultural\/wp-content\/uploads\/sites\/35\/2022\/04\/4-caminhos-da-cidade-212x300.jpg 212w, https:\/\/maringapost.com.br\/cultural\/wp-content\/uploads\/sites\/35\/2022\/04\/4-caminhos-da-cidade-768x1086.jpg 768w, https:\/\/maringapost.com.br\/cultural\/wp-content\/uploads\/sites\/35\/2022\/04\/4-caminhos-da-cidade-696x984.jpg 696w, https:\/\/maringapost.com.br\/cultural\/wp-content\/uploads\/sites\/35\/2022\/04\/4-caminhos-da-cidade-297x420.jpg 297w, https:\/\/maringapost.com.br\/cultural\/wp-content\/uploads\/sites\/35\/2022\/04\/4-caminhos-da-cidade.jpg 905w\" sizes=\"(max-width: 696px) 100vw, 696px\" \/><\/p>\n<p>V\u00e3o come\u00e7ar as oficinas do projeto \u201cCaminhos da cidade\u201d, com organiza\u00e7\u00e3o de Bruno Pesch. As atividades ocorrem nos dias 23 e 24\/04 (desenho); 30\/04 e 01\/05 (aquarela) e 14 e 15\/05 (escultura em arame), sempre no Ateli\u00ea Culturama, na Rua Pioneiro Marcelino Leonardo, 147, Jardim Monte Carlo.<\/p>\n<p>As inscri\u00e7\u00f5es s\u00e3o gratuitas e para se inscrever \u00e9 preciso ter mais de 15 anos e residir em Maring\u00e1 (vagas limitadas). As aulas s\u00e3o das 8h30 \u00e0s 16h30, com 1h30 de intervalo para o almo\u00e7o. N\u00e3o \u00e9 necess\u00e1rio levar material, pois o projeto \u00e9 contemplado pelo Pr\u00eamio Aniceto Matti e oferece tudo que \u00e9 necess\u00e1rio.<\/p>\n<p>O foco \u00e9 registrar o processo coletivo de cria\u00e7\u00e3o art\u00edstica envolvendo o trabalho com t\u00e9cnicas de desenho, aquarela e escultura em arame. Todo o processo ser\u00e1 registrado em um audiovisual como forma de captar todos os aspectos e elementos que envolvem uma cria\u00e7\u00e3o puramente art\u00edstica. O tema das produ\u00e7\u00f5es s\u00e3o os caminhos percorridos no dia a dia e n\u00e3o \u00e9 necess\u00e1rio ter conhecimento pr\u00e9vio.<\/p>\n<p>Link de inscri\u00e7\u00f5es: <strong><a href=\"https:\/\/linktr.ee\/pesch.artes\">https:\/\/linktr.ee\/pesch.artes<\/a><\/strong><\/p>\n<p>informa\u00e7\u00f5es: <strong><a href=\"https:\/\/www.instagram.com\/pesch.artes\/\" target=\"_blank\" rel=\"noopener\">@pesch.artes<\/a><\/strong> <a href=\"https:\/\/www.instagram.com\/atelieculturama\/\" target=\"_blank\" rel=\"noopener\"><strong>@atelieculturama<\/strong><\/a>.<\/p>\n<p><strong>Convite ao Teatro<\/strong><\/p>\n<p><img loading=\"lazy\" decoding=\"async\" class=\"aligncenter size-full wp-image-492\" src=\"http:\/\/maringapost.com.br\/cultural\/wp-content\/uploads\/sites\/35\/2022\/04\/5-convite-ao-teatro.jpg\" alt=\"\" width=\"569\" height=\"566\" srcset=\"https:\/\/maringapost.com.br\/cultural\/wp-content\/uploads\/sites\/35\/2022\/04\/5-convite-ao-teatro.jpg 569w, https:\/\/maringapost.com.br\/cultural\/wp-content\/uploads\/sites\/35\/2022\/04\/5-convite-ao-teatro-300x298.jpg 300w, https:\/\/maringapost.com.br\/cultural\/wp-content\/uploads\/sites\/35\/2022\/04\/5-convite-ao-teatro-150x150.jpg 150w, https:\/\/maringapost.com.br\/cultural\/wp-content\/uploads\/sites\/35\/2022\/04\/5-convite-ao-teatro-422x420.jpg 422w\" sizes=\"(max-width: 569px) 100vw, 569px\" \/><\/p>\n<p>Hoje o Convite ao Teatro recebe mais uma vez o espet\u00e1culo &#8220;Orquestra de Bexigas&#8221;, do grupo Meu Clown, que \u00e9 um dos grupos mais queridos de Maring\u00e1. Em cena, cinco palha\u00e7os se divertem e divertem a plateia. Em cena Alexandre Muniz, Andresa Viotti, Marcelo Colavitto, Rafael Leonel e Renata Pereira. A apresenta\u00e7\u00e3o \u00e9 20h no Teatro Barrac\u00e3o, com entrada gratuita.<\/p>\n<p><strong>Convite ao Cinema<\/strong><\/p>\n<p>S\u00e1bado o Convite ao Cinema, projeto realizado pela Secretaria de Cultura, com coordena\u00e7\u00e3o e curadoria de Paulo Campagnolo, ter\u00e1 uma sess\u00e3o surpresa. O p\u00fablico s\u00f3 vai saber qual \u00e9 o filme escolhido ao chegar na sess\u00e3o, que \u00e9 gratuita e come\u00e7a \u00e0s 20h no Audit\u00f3rio H\u00e9lio Moreira (anexo \u00e0 Prefeitura). Mesmo sem divulgar o filme, segue a classifica\u00e7\u00e3o indicativa de 18 anos. Na ocasi\u00e3o, ali na Pra\u00e7a Deputado Renato Celid\u00f4nio vai estar rolando a Festa da Can\u00e7\u00e3o, com diversas barracas de alimenta\u00e7\u00e3o que vale prestigiar.<\/p>\n<p><strong>Festival Afro<\/strong><\/p>\n<p><img loading=\"lazy\" decoding=\"async\" class=\"aligncenter size-full wp-image-493\" src=\"http:\/\/maringapost.com.br\/cultural\/wp-content\/uploads\/sites\/35\/2022\/04\/6-festival-afro.jpg\" alt=\"\" width=\"1024\" height=\"1024\" srcset=\"https:\/\/maringapost.com.br\/cultural\/wp-content\/uploads\/sites\/35\/2022\/04\/6-festival-afro.jpg 1024w, https:\/\/maringapost.com.br\/cultural\/wp-content\/uploads\/sites\/35\/2022\/04\/6-festival-afro-300x300.jpg 300w, https:\/\/maringapost.com.br\/cultural\/wp-content\/uploads\/sites\/35\/2022\/04\/6-festival-afro-150x150.jpg 150w, https:\/\/maringapost.com.br\/cultural\/wp-content\/uploads\/sites\/35\/2022\/04\/6-festival-afro-768x768.jpg 768w, https:\/\/maringapost.com.br\/cultural\/wp-content\/uploads\/sites\/35\/2022\/04\/6-festival-afro-696x696.jpg 696w, https:\/\/maringapost.com.br\/cultural\/wp-content\/uploads\/sites\/35\/2022\/04\/6-festival-afro-420x420.jpg 420w\" sizes=\"(max-width: 1024px) 100vw, 1024px\" \/><\/p>\n<p>As atra\u00e7\u00f5es art\u00edsticas do 13\u00ba Festival Afro-brasileiro ser\u00e3o apresentadas a partir deste m\u00eas. Com o tema \u201cA luta de hoje come\u00e7ou ontem\u201d, ser\u00e3o cinco apresenta\u00e7\u00f5es art\u00edsticas, sempre no Teatro Reviver Mag\u00f3 \u00e0s 20h30.<\/p>\n<p><strong>Programa\u00e7\u00e3o:<\/strong><\/p>\n<p>23.04 | Em negrito sessions \u2013 Rubia Divino convida Ariadine Gomes<\/p>\n<p>24.04 | P\u00e9 de Laranjeira sa\u00fada a ancestralidade e seus batuques<\/p>\n<p>30.04 | A Teia &#8220;conex\u00f5es que mudam dire\u00e7\u00f5es&#8221; com Franciely Germano e Guilherme Antonio<\/p>\n<p>01.05 | Baques de l\u00e1 pra c\u00e1: Salve M\u00e3e Helena de Xang\u00f4 Tund\u00ea com Maracatu Roda do Encanto Maring\u00e1<\/p>\n<p>02.05 | Afro-sambas \u2013 Sambaqueiros<\/p>\n<p>Os debates da edi\u00e7\u00e3o ocorreram em novembro de 2021 e podem ser assistidos nessa playlist:<\/p>\n<p><strong><a href=\"https:\/\/www.youtube.com\/playlist?list=PLjDyXbRtxG31edpKpg1A7Chp2yQsISnAD\">https:\/\/www.youtube.com\/playlist?list=PLjDyXbRtxG31edpKpg1A7Chp2yQsISnAD<\/a><\/strong><\/p>\n<p><strong>Slam<\/strong><\/p>\n<p><img loading=\"lazy\" decoding=\"async\" class=\"aligncenter size-full wp-image-494\" src=\"http:\/\/maringapost.com.br\/cultural\/wp-content\/uploads\/sites\/35\/2022\/04\/7-slam.jpg\" alt=\"\" width=\"565\" height=\"570\" srcset=\"https:\/\/maringapost.com.br\/cultural\/wp-content\/uploads\/sites\/35\/2022\/04\/7-slam.jpg 565w, https:\/\/maringapost.com.br\/cultural\/wp-content\/uploads\/sites\/35\/2022\/04\/7-slam-297x300.jpg 297w, https:\/\/maringapost.com.br\/cultural\/wp-content\/uploads\/sites\/35\/2022\/04\/7-slam-150x150.jpg 150w, https:\/\/maringapost.com.br\/cultural\/wp-content\/uploads\/sites\/35\/2022\/04\/7-slam-416x420.jpg 416w\" sizes=\"(max-width: 565px) 100vw, 565px\" \/><\/p>\n<p>Domingo (24\/4) a partir das 16h tem mais uma edi\u00e7\u00e3o do j\u00e1 tradicional Slam P\u00e9 Vermelho. Depois de edi\u00e7\u00f5es online e participa\u00e7\u00f5es em editais e projetos que os levaram a ocupar outros pontos da cidade, o slam volta a ocorrer na pra\u00e7a da Prefeitura, pr\u00f3ximo ao obelisco. Para participar como concorrente \u00e9 necess\u00e1rio ter tr\u00eas poemas autorais de at\u00e9 3 minutos cada para apresentar, mas tamb\u00e9m \u00e9 muito legal ir para assistir e prestigiar os poetas locais e da regi\u00e3o.<\/p>\n<p>Nesta edi\u00e7\u00e3o, que \u00e9 viabilizada com recursos da Lei Aldir Blanc, haver\u00e1 uma premia\u00e7\u00e3o em dinheiro para os tr\u00eas primeiros lugares (R$ 30, R$ 20 e R$ 10). As inscri\u00e7\u00f5es s\u00e3o feitas no come\u00e7o do evento, quando tamb\u00e9m rola o mic aberto.<\/p>\n<p><strong>Arte Drag<\/strong><\/p>\n<p><img loading=\"lazy\" decoding=\"async\" class=\"aligncenter size-large wp-image-495\" src=\"http:\/\/maringapost.com.br\/cultural\/wp-content\/uploads\/sites\/35\/2022\/04\/8-arte-drag-682x1024.jpg\" alt=\"\" width=\"682\" height=\"1024\" srcset=\"https:\/\/maringapost.com.br\/cultural\/wp-content\/uploads\/sites\/35\/2022\/04\/8-arte-drag-682x1024.jpg 682w, https:\/\/maringapost.com.br\/cultural\/wp-content\/uploads\/sites\/35\/2022\/04\/8-arte-drag-200x300.jpg 200w, https:\/\/maringapost.com.br\/cultural\/wp-content\/uploads\/sites\/35\/2022\/04\/8-arte-drag-768x1152.jpg 768w, https:\/\/maringapost.com.br\/cultural\/wp-content\/uploads\/sites\/35\/2022\/04\/8-arte-drag-696x1044.jpg 696w, https:\/\/maringapost.com.br\/cultural\/wp-content\/uploads\/sites\/35\/2022\/04\/8-arte-drag-280x420.jpg 280w, https:\/\/maringapost.com.br\/cultural\/wp-content\/uploads\/sites\/35\/2022\/04\/8-arte-drag.jpg 853w\" sizes=\"(max-width: 682px) 100vw, 682px\" \/><\/p>\n<p>Restam poucas vagas para as oficinas do projeto M\u00e1s Monas, organizado pelo Coletivo Transformista Haus of X e viabilizado com recursos do Pr\u00eamio Aniceto Matti. Ser\u00e3o oferecidas tr\u00eas oficinas gratuitas: perucaria, padding (enchimento) e maquiagem drag, t\u00e9cnicas fundamentais para quem vivencia o campo art\u00edstico do transformismo. Cada uma delas tem 15 vagas, que ser\u00e3o preenchidas ap\u00f3s uma sele\u00e7\u00e3o a partir da carta de inten\u00e7\u00e3o.<\/p>\n<p>Os oficineiros s\u00e3o a Drag Queen Ginger Moon e o Drag King Don Valentim, ambos com reconhecida atua\u00e7\u00e3o na cena paulistana. As a\u00e7\u00f5es acontecem nos dias 25, 26, 27 e 28 de abril e 01\u00ba de maio e fazem parte do processo de estudo e montagem do espet\u00e1culo teatral \u201cM\u00e1s Monas\u201d, previsto para estrear em julho.<\/p>\n<p>Link para a inscri\u00e7\u00e3o:<\/p>\n<p><strong><a href=\"https:\/\/docs.google.com\/forms\/d\/e\/1FAIpQLSez8bACBkD33LR08T7z6OfxFy9B7IDOwWLRYnMMMm3zEYu6Kg\/viewform?usp=sf_link\">https:\/\/docs.google.com\/forms\/d\/e\/1FAIpQLSez8bACBkD33LR08T7z6OfxFy9B7IDOwWLRYnMMMm3zEYu6Kg\/viewform?usp=sf_link<\/a><\/strong><\/p>\n<p>Todas as oficinas acontecer\u00e3o no Espa\u00e7o Desperte &#8211; Rua Joubert de Carvalho, 981 \u2013 sobreloja<\/p>\n<p>Mais informa\u00e7\u00f5es: <a href=\"https:\/\/www.instagram.com\/xquisitas\/\"><strong>https:\/\/www.instagram.com\/xquisitas\/<\/strong><\/a><\/p>\n<p><strong>Oficina para educadores<\/strong><\/p>\n<p><img loading=\"lazy\" decoding=\"async\" class=\"aligncenter size-large wp-image-496\" src=\"http:\/\/maringapost.com.br\/cultural\/wp-content\/uploads\/sites\/35\/2022\/04\/9-oficina-para-educadores-1024x1024.jpg\" alt=\"\" width=\"696\" height=\"696\" srcset=\"https:\/\/maringapost.com.br\/cultural\/wp-content\/uploads\/sites\/35\/2022\/04\/9-oficina-para-educadores-1024x1024.jpg 1024w, https:\/\/maringapost.com.br\/cultural\/wp-content\/uploads\/sites\/35\/2022\/04\/9-oficina-para-educadores-300x300.jpg 300w, https:\/\/maringapost.com.br\/cultural\/wp-content\/uploads\/sites\/35\/2022\/04\/9-oficina-para-educadores-150x150.jpg 150w, https:\/\/maringapost.com.br\/cultural\/wp-content\/uploads\/sites\/35\/2022\/04\/9-oficina-para-educadores-768x768.jpg 768w, https:\/\/maringapost.com.br\/cultural\/wp-content\/uploads\/sites\/35\/2022\/04\/9-oficina-para-educadores-696x696.jpg 696w, https:\/\/maringapost.com.br\/cultural\/wp-content\/uploads\/sites\/35\/2022\/04\/9-oficina-para-educadores-1068x1068.jpg 1068w, https:\/\/maringapost.com.br\/cultural\/wp-content\/uploads\/sites\/35\/2022\/04\/9-oficina-para-educadores-420x420.jpg 420w, https:\/\/maringapost.com.br\/cultural\/wp-content\/uploads\/sites\/35\/2022\/04\/9-oficina-para-educadores.jpg 1280w\" sizes=\"(max-width: 696px) 100vw, 696px\" \/><\/p>\n<p>Ainda d\u00e1 tempo de se inscrever na oficina \u201cA arte e o teatro na educa\u00e7\u00e3o atual: Realidades e perspectivas\u201d, ministrada entre os dias 27 e 29 de abril em Maring\u00e1 por Daniela Dall Forno, do Grupo Ritornelo de Teatro (Passo Fundo \/ RS). O p\u00fablico-alvo s\u00e3o os professores de rede p\u00fablica de ensino, educadores sociais e demais interessados.<\/p>\n<p>O objetivo \u00e9 contribuir para a forma\u00e7\u00e3o e amplia\u00e7\u00e3o de conhecimentos sobre as artes c\u00eanicas e suas aplica\u00e7\u00f5es no ambiente escolar, considerando que uma das primeiras oportunidades do ser humano em acessar o fazer teatral acontece no ambiente escolar. Por isso, a oficina pretende instrumentalizar educadores para que se sintam encorajados a multiplicar o fazer teatral em seus ambientes de atua\u00e7\u00e3o.<\/p>\n<p>A iniciativa ter\u00e1 12 horas de dura\u00e7\u00e3o, divididas em tr\u00eas m\u00f3dulos de 4 horas cada, mas os m\u00f3dulos s\u00e3o independentes entre si, n\u00e3o \u00e9 obrigat\u00f3rio fazer todos. As aulas v\u00e3o das 19h \u00e0s 23h no nov\u00edssimo Espa\u00e7o Solagasta, que fica na Rua Professor Itamar Orlando Soares, 181 (onde era o restaurante Casa do Japon\u00eas).<\/p>\n<p>Inscri\u00e7\u00f5es podem ser feitas no link: <strong><a href=\"https:\/\/forms.gle\/3w4pT92NTwLH1dHT6\">https:\/\/forms.gle\/3w4pT92NTwLH1dHT6<\/a><\/strong><\/p>\n<p>S\u00e3o 20 vagas. Mais informa\u00e7\u00f5es pelo fone (54) 99976-1773 e site <strong><a href=\"http:\/\/www.gruporitornelo.com.br\">www.gruporitornelo.com.br<\/a><\/strong><\/p>\n<p><strong>Lan\u00e7amento<\/strong><\/p>\n<p><img loading=\"lazy\" decoding=\"async\" class=\"aligncenter size-large wp-image-497\" src=\"http:\/\/maringapost.com.br\/cultural\/wp-content\/uploads\/sites\/35\/2022\/04\/10-lancamento-819x1024.jpg\" alt=\"\" width=\"696\" height=\"870\" srcset=\"https:\/\/maringapost.com.br\/cultural\/wp-content\/uploads\/sites\/35\/2022\/04\/10-lancamento-819x1024.jpg 819w, https:\/\/maringapost.com.br\/cultural\/wp-content\/uploads\/sites\/35\/2022\/04\/10-lancamento-240x300.jpg 240w, https:\/\/maringapost.com.br\/cultural\/wp-content\/uploads\/sites\/35\/2022\/04\/10-lancamento-768x960.jpg 768w, https:\/\/maringapost.com.br\/cultural\/wp-content\/uploads\/sites\/35\/2022\/04\/10-lancamento-696x870.jpg 696w, https:\/\/maringapost.com.br\/cultural\/wp-content\/uploads\/sites\/35\/2022\/04\/10-lancamento-336x420.jpg 336w, https:\/\/maringapost.com.br\/cultural\/wp-content\/uploads\/sites\/35\/2022\/04\/10-lancamento.jpg 1024w\" sizes=\"(max-width: 696px) 100vw, 696px\" \/><\/p>\n<p>O projeto Maring\u00e1 Hist\u00f3rica convida a todos para o lan\u00e7amento do livro \u201cMaring\u00e1: 75 anos em 75 fotos\u201d, que ocorre dia 28 de abril, \u00e0s 19h30, no terceiro piso do shopping Maring\u00e1 Park. O livro ser\u00e1 distribu\u00eddo gratuitamente, mas o coordenador do projeto e organizador do livro, Miguel Fernando, pede a doa\u00e7\u00e3o de 1 litro de leite, o qual ser\u00e1 destinado \u00e0 Rede Feminina de Combate ao C\u00e2ncer.<\/p>\n<p>Mais informa\u00e7\u00f5es: <strong><a href=\"https:\/\/www.instagram.com\/maringahistorica\/\">https:\/\/www.instagram.com\/maringahistorica\/<\/a><\/strong><\/p>\n<p><strong>Festival de Circo \u2013 Campo Mour\u00e3o<\/strong><\/p>\n<p><img loading=\"lazy\" decoding=\"async\" class=\"aligncenter size-large wp-image-498\" src=\"http:\/\/maringapost.com.br\/cultural\/wp-content\/uploads\/sites\/35\/2022\/04\/11-festival-de-circo-1024x1024.jpg\" alt=\"\" width=\"696\" height=\"696\" srcset=\"https:\/\/maringapost.com.br\/cultural\/wp-content\/uploads\/sites\/35\/2022\/04\/11-festival-de-circo-1024x1024.jpg 1024w, https:\/\/maringapost.com.br\/cultural\/wp-content\/uploads\/sites\/35\/2022\/04\/11-festival-de-circo-300x300.jpg 300w, https:\/\/maringapost.com.br\/cultural\/wp-content\/uploads\/sites\/35\/2022\/04\/11-festival-de-circo-150x150.jpg 150w, https:\/\/maringapost.com.br\/cultural\/wp-content\/uploads\/sites\/35\/2022\/04\/11-festival-de-circo-768x769.jpg 768w, https:\/\/maringapost.com.br\/cultural\/wp-content\/uploads\/sites\/35\/2022\/04\/11-festival-de-circo-696x697.jpg 696w, https:\/\/maringapost.com.br\/cultural\/wp-content\/uploads\/sites\/35\/2022\/04\/11-festival-de-circo-1068x1069.jpg 1068w, https:\/\/maringapost.com.br\/cultural\/wp-content\/uploads\/sites\/35\/2022\/04\/11-festival-de-circo-420x420.jpg 420w, https:\/\/maringapost.com.br\/cultural\/wp-content\/uploads\/sites\/35\/2022\/04\/11-festival-de-circo.jpg 1079w\" sizes=\"(max-width: 696px) 100vw, 696px\" \/><\/p>\n<p>A Funda\u00e7\u00e3o Cultural de Campo Mour\u00e3o lan\u00e7ou na quarta-feira (20\/04) as inscri\u00e7\u00f5es para o 13\u00ba Festival de Circo, que ser\u00e1 de 12 a 18 de junho de 2022. As inscri\u00e7\u00f5es ficam abertas at\u00e9 o dia 04 de maio, nas categorias: Mostra Oficial, Mostra Itinerante e A\u00e7\u00f5es Formativas.<\/p>\n<p>Mais informa\u00e7\u00f5es: <strong><a href=\"https:\/\/campomourao.atende.net\/subportal\/fundacao-cultural-campo-mourao\/pagina\/festival-de-circo-de-campo-mourao\">https:\/\/campomourao.atende.net\/subportal\/fundacao-cultural-campo-mourao\/pagina\/festival-de-circo-de-campo-mourao<\/a><\/strong><\/p>\n<p>Sugest\u00f5es de pautas e eventos culturais podem ser enviadas para o e-mail <strong><a href=\"mailto:culturalpost.maringa@gmail.com\">culturalpost.maringa@gmail.com<\/a><\/strong><\/p>\n","protected":false},"excerpt":{"rendered":"<p>Teatro presencial O espet\u00e1culo \u201cO Soldado, A Tigresa e uma outra hist\u00f3ria\u201d, de Douglas Kodi, estreia nesta sexta, 22\/04. As apresenta\u00e7\u00f5es acontecem tamb\u00e9m nos dias 23, 24, 29 e 30\/04 e 01\/05, sempre de gra\u00e7a, \u00e0s 20h, no Arena das Artes, que fica na Avenida Deputado Jos\u00e9 Alves dos Santos, 4367. A pe\u00e7a tem dura\u00e7\u00e3o [&hellip;]<\/p>\n","protected":false},"author":12229,"featured_media":499,"comment_status":"closed","ping_status":"open","sticky":false,"template":"","format":"standard","meta":{"_exactmetrics_skip_tracking":false,"_exactmetrics_sitenote_active":false,"_exactmetrics_sitenote_note":"","_exactmetrics_sitenote_category":0,"footnotes":""},"categories":[3],"tags":[57,96,5,94],"yoast_head":"<!-- This site is optimized with the Yoast SEO Premium plugin v22.7 (Yoast SEO v22.7) - https:\/\/yoast.com\/wordpress\/plugins\/seo\/ -->\n<title>Agenda cultural de 22 a 28\/04 - Cultural<\/title>\n<meta name=\"description\" content=\"A Coluna Cultural Post traz a agenda cultural completa de Maring\u00e1, com todos os eventos, apresenta\u00e7\u00f5es e oficinas dispon\u00edveis.\" \/>\n<meta name=\"robots\" content=\"index, follow, max-snippet:-1, max-image-preview:large, max-video-preview:-1\" \/>\n<link rel=\"canonical\" href=\"https:\/\/maringapost.com.br\/cultural\/2022\/04\/22\/agenda-cultural-de-22-a-28-04\/\" \/>\n<meta property=\"og:locale\" content=\"pt_BR\" \/>\n<meta property=\"og:type\" content=\"article\" \/>\n<meta property=\"og:title\" content=\"Agenda cultural de 22 a 28\/04\" \/>\n<meta property=\"og:description\" content=\"A Coluna Cultural Post traz a agenda cultural completa de Maring\u00e1, com todos os eventos, apresenta\u00e7\u00f5es e oficinas dispon\u00edveis.\" \/>\n<meta property=\"og:url\" content=\"https:\/\/maringapost.com.br\/cultural\/2022\/04\/22\/agenda-cultural-de-22-a-28-04\/\" \/>\n<meta property=\"og:site_name\" content=\"Cultural\" \/>\n<meta property=\"article:published_time\" content=\"2022-04-22T13:14:11+00:00\" \/>\n<meta property=\"article:modified_time\" content=\"2022-04-22T14:04:24+00:00\" \/>\n<meta property=\"og:image\" content=\"https:\/\/maringapost.com.br\/cultural\/wp-content\/uploads\/sites\/35\/2022\/04\/1-teatro-presencial-1.jpg\" \/>\n\t<meta property=\"og:image:width\" content=\"1280\" \/>\n\t<meta property=\"og:image:height\" content=\"853\" \/>\n\t<meta property=\"og:image:type\" content=\"image\/jpeg\" \/>\n<meta name=\"author\" content=\"Rachel Coelho\" \/>\n<meta name=\"twitter:card\" content=\"summary_large_image\" \/>\n<meta name=\"twitter:label1\" content=\"Escrito por\" \/>\n\t<meta name=\"twitter:data1\" content=\"\" \/>\n\t<meta name=\"twitter:label2\" content=\"Est. tempo de leitura\" \/>\n\t<meta name=\"twitter:data2\" content=\"8 minutos\" \/>\n<script type=\"application\/ld+json\" class=\"yoast-schema-graph\">{\"@context\":\"https:\/\/schema.org\",\"@graph\":[{\"@type\":\"WebPage\",\"@id\":\"https:\/\/maringapost.com.br\/cultural\/2022\/04\/22\/agenda-cultural-de-22-a-28-04\/\",\"url\":\"https:\/\/maringapost.com.br\/cultural\/2022\/04\/22\/agenda-cultural-de-22-a-28-04\/\",\"name\":\"Agenda cultural de 22 a 28\/04 - Cultural\",\"isPartOf\":{\"@id\":\"https:\/\/maringapost.com.br\/cultural\/#website\"},\"primaryImageOfPage\":{\"@id\":\"https:\/\/maringapost.com.br\/cultural\/2022\/04\/22\/agenda-cultural-de-22-a-28-04\/#primaryimage\"},\"image\":{\"@id\":\"https:\/\/maringapost.com.br\/cultural\/2022\/04\/22\/agenda-cultural-de-22-a-28-04\/#primaryimage\"},\"thumbnailUrl\":\"https:\/\/maringapost.com.br\/cultural\/wp-content\/uploads\/sites\/35\/2022\/04\/1-teatro-presencial-1.jpg\",\"datePublished\":\"2022-04-22T13:14:11+00:00\",\"dateModified\":\"2022-04-22T14:04:24+00:00\",\"author\":{\"@id\":\"https:\/\/maringapost.com.br\/cultural\/#\/schema\/person\/5789fded5b7a25b316ae26d79fc00d96\"},\"description\":\"A Coluna Cultural Post traz a agenda cultural completa de Maring\u00e1, com todos os eventos, apresenta\u00e7\u00f5es e oficinas dispon\u00edveis.\",\"breadcrumb\":{\"@id\":\"https:\/\/maringapost.com.br\/cultural\/2022\/04\/22\/agenda-cultural-de-22-a-28-04\/#breadcrumb\"},\"inLanguage\":\"pt-BR\",\"potentialAction\":[{\"@type\":\"ReadAction\",\"target\":[\"https:\/\/maringapost.com.br\/cultural\/2022\/04\/22\/agenda-cultural-de-22-a-28-04\/\"]}]},{\"@type\":\"ImageObject\",\"inLanguage\":\"pt-BR\",\"@id\":\"https:\/\/maringapost.com.br\/cultural\/2022\/04\/22\/agenda-cultural-de-22-a-28-04\/#primaryimage\",\"url\":\"https:\/\/maringapost.com.br\/cultural\/wp-content\/uploads\/sites\/35\/2022\/04\/1-teatro-presencial-1.jpg\",\"contentUrl\":\"https:\/\/maringapost.com.br\/cultural\/wp-content\/uploads\/sites\/35\/2022\/04\/1-teatro-presencial-1.jpg\",\"width\":1280,\"height\":853},{\"@type\":\"BreadcrumbList\",\"@id\":\"https:\/\/maringapost.com.br\/cultural\/2022\/04\/22\/agenda-cultural-de-22-a-28-04\/#breadcrumb\",\"itemListElement\":[{\"@type\":\"ListItem\",\"position\":1,\"name\":\"In\u00edcio\",\"item\":\"https:\/\/maringapost.com.br\/cultural\/\"},{\"@type\":\"ListItem\",\"position\":2,\"name\":\"Agenda cultural de 22 a 28\/04\"}]},{\"@type\":\"WebSite\",\"@id\":\"https:\/\/maringapost.com.br\/cultural\/#website\",\"url\":\"https:\/\/maringapost.com.br\/cultural\/\",\"name\":\"Cultural\",\"description\":\"\",\"potentialAction\":[{\"@type\":\"SearchAction\",\"target\":{\"@type\":\"EntryPoint\",\"urlTemplate\":\"https:\/\/maringapost.com.br\/cultural\/?s={search_term_string}\"},\"query-input\":\"required name=search_term_string\"}],\"inLanguage\":\"pt-BR\"},{\"@type\":\"Person\",\"@id\":\"https:\/\/maringapost.com.br\/cultural\/#\/schema\/person\/5789fded5b7a25b316ae26d79fc00d96\",\"name\":\"Rachel Coelho\",\"image\":{\"@type\":\"ImageObject\",\"inLanguage\":\"pt-BR\",\"@id\":\"https:\/\/maringapost.com.br\/cultural\/#\/schema\/person\/image\/\",\"url\":\"https:\/\/secure.gravatar.com\/avatar\/24472946445f39cbf9facefbfe18d3a8?s=96&d=mm&r=g\",\"contentUrl\":\"https:\/\/secure.gravatar.com\/avatar\/24472946445f39cbf9facefbfe18d3a8?s=96&d=mm&r=g\",\"caption\":\"Rachel Coelho\"},\"url\":\"https:\/\/maringapost.com.br\/cultural\/author\/rachelcoelho\/\"}]}<\/script>\n<!-- \/ Yoast SEO Premium plugin. -->","yoast_head_json":{"title":"Agenda cultural de 22 a 28\/04 - Cultural","description":"A Coluna Cultural Post traz a agenda cultural completa de Maring\u00e1, com todos os eventos, apresenta\u00e7\u00f5es e oficinas dispon\u00edveis.","robots":{"index":"index","follow":"follow","max-snippet":"max-snippet:-1","max-image-preview":"max-image-preview:large","max-video-preview":"max-video-preview:-1"},"canonical":"https:\/\/maringapost.com.br\/cultural\/2022\/04\/22\/agenda-cultural-de-22-a-28-04\/","og_locale":"pt_BR","og_type":"article","og_title":"Agenda cultural de 22 a 28\/04","og_description":"A Coluna Cultural Post traz a agenda cultural completa de Maring\u00e1, com todos os eventos, apresenta\u00e7\u00f5es e oficinas dispon\u00edveis.","og_url":"https:\/\/maringapost.com.br\/cultural\/2022\/04\/22\/agenda-cultural-de-22-a-28-04\/","og_site_name":"Cultural","article_published_time":"2022-04-22T13:14:11+00:00","article_modified_time":"2022-04-22T14:04:24+00:00","og_image":[{"width":1280,"height":853,"url":"https:\/\/maringapost.com.br\/cultural\/wp-content\/uploads\/sites\/35\/2022\/04\/1-teatro-presencial-1.jpg","type":"image\/jpeg"}],"author":"Rachel Coelho","twitter_card":"summary_large_image","twitter_misc":{"Escrito por":false,"Est. tempo de leitura":"8 minutos"},"schema":{"@context":"https:\/\/schema.org","@graph":[{"@type":"WebPage","@id":"https:\/\/maringapost.com.br\/cultural\/2022\/04\/22\/agenda-cultural-de-22-a-28-04\/","url":"https:\/\/maringapost.com.br\/cultural\/2022\/04\/22\/agenda-cultural-de-22-a-28-04\/","name":"Agenda cultural de 22 a 28\/04 - Cultural","isPartOf":{"@id":"https:\/\/maringapost.com.br\/cultural\/#website"},"primaryImageOfPage":{"@id":"https:\/\/maringapost.com.br\/cultural\/2022\/04\/22\/agenda-cultural-de-22-a-28-04\/#primaryimage"},"image":{"@id":"https:\/\/maringapost.com.br\/cultural\/2022\/04\/22\/agenda-cultural-de-22-a-28-04\/#primaryimage"},"thumbnailUrl":"https:\/\/maringapost.com.br\/cultural\/wp-content\/uploads\/sites\/35\/2022\/04\/1-teatro-presencial-1.jpg","datePublished":"2022-04-22T13:14:11+00:00","dateModified":"2022-04-22T14:04:24+00:00","author":{"@id":"https:\/\/maringapost.com.br\/cultural\/#\/schema\/person\/5789fded5b7a25b316ae26d79fc00d96"},"description":"A Coluna Cultural Post traz a agenda cultural completa de Maring\u00e1, com todos os eventos, apresenta\u00e7\u00f5es e oficinas dispon\u00edveis.","breadcrumb":{"@id":"https:\/\/maringapost.com.br\/cultural\/2022\/04\/22\/agenda-cultural-de-22-a-28-04\/#breadcrumb"},"inLanguage":"pt-BR","potentialAction":[{"@type":"ReadAction","target":["https:\/\/maringapost.com.br\/cultural\/2022\/04\/22\/agenda-cultural-de-22-a-28-04\/"]}]},{"@type":"ImageObject","inLanguage":"pt-BR","@id":"https:\/\/maringapost.com.br\/cultural\/2022\/04\/22\/agenda-cultural-de-22-a-28-04\/#primaryimage","url":"https:\/\/maringapost.com.br\/cultural\/wp-content\/uploads\/sites\/35\/2022\/04\/1-teatro-presencial-1.jpg","contentUrl":"https:\/\/maringapost.com.br\/cultural\/wp-content\/uploads\/sites\/35\/2022\/04\/1-teatro-presencial-1.jpg","width":1280,"height":853},{"@type":"BreadcrumbList","@id":"https:\/\/maringapost.com.br\/cultural\/2022\/04\/22\/agenda-cultural-de-22-a-28-04\/#breadcrumb","itemListElement":[{"@type":"ListItem","position":1,"name":"In\u00edcio","item":"https:\/\/maringapost.com.br\/cultural\/"},{"@type":"ListItem","position":2,"name":"Agenda cultural de 22 a 28\/04"}]},{"@type":"WebSite","@id":"https:\/\/maringapost.com.br\/cultural\/#website","url":"https:\/\/maringapost.com.br\/cultural\/","name":"Cultural","description":"","potentialAction":[{"@type":"SearchAction","target":{"@type":"EntryPoint","urlTemplate":"https:\/\/maringapost.com.br\/cultural\/?s={search_term_string}"},"query-input":"required name=search_term_string"}],"inLanguage":"pt-BR"},{"@type":"Person","@id":"https:\/\/maringapost.com.br\/cultural\/#\/schema\/person\/5789fded5b7a25b316ae26d79fc00d96","name":"Rachel Coelho","image":{"@type":"ImageObject","inLanguage":"pt-BR","@id":"https:\/\/maringapost.com.br\/cultural\/#\/schema\/person\/image\/","url":"https:\/\/secure.gravatar.com\/avatar\/24472946445f39cbf9facefbfe18d3a8?s=96&d=mm&r=g","contentUrl":"https:\/\/secure.gravatar.com\/avatar\/24472946445f39cbf9facefbfe18d3a8?s=96&d=mm&r=g","caption":"Rachel Coelho"},"url":"https:\/\/maringapost.com.br\/cultural\/author\/rachelcoelho\/"}]}},"_links":{"self":[{"href":"https:\/\/maringapost.com.br\/cultural\/wp-json\/wp\/v2\/posts\/484"}],"collection":[{"href":"https:\/\/maringapost.com.br\/cultural\/wp-json\/wp\/v2\/posts"}],"about":[{"href":"https:\/\/maringapost.com.br\/cultural\/wp-json\/wp\/v2\/types\/post"}],"author":[{"embeddable":true,"href":"https:\/\/maringapost.com.br\/cultural\/wp-json\/wp\/v2\/users\/12229"}],"replies":[{"embeddable":true,"href":"https:\/\/maringapost.com.br\/cultural\/wp-json\/wp\/v2\/comments?post=484"}],"version-history":[{"count":3,"href":"https:\/\/maringapost.com.br\/cultural\/wp-json\/wp\/v2\/posts\/484\/revisions"}],"predecessor-version":[{"id":500,"href":"https:\/\/maringapost.com.br\/cultural\/wp-json\/wp\/v2\/posts\/484\/revisions\/500"}],"wp:featuredmedia":[{"embeddable":true,"href":"https:\/\/maringapost.com.br\/cultural\/wp-json\/wp\/v2\/media\/499"}],"wp:attachment":[{"href":"https:\/\/maringapost.com.br\/cultural\/wp-json\/wp\/v2\/media?parent=484"}],"wp:term":[{"taxonomy":"category","embeddable":true,"href":"https:\/\/maringapost.com.br\/cultural\/wp-json\/wp\/v2\/categories?post=484"},{"taxonomy":"post_tag","embeddable":true,"href":"https:\/\/maringapost.com.br\/cultural\/wp-json\/wp\/v2\/tags?post=484"}],"curies":[{"name":"wp","href":"https:\/\/api.w.org\/{rel}","templated":true}]}}