{"id":92,"date":"2021-07-13T08:43:51","date_gmt":"2021-07-13T11:43:51","guid":{"rendered":"http:\/\/maringapost.com.br\/arquitetura\/?p=92"},"modified":"2021-12-01T17:45:04","modified_gmt":"2021-12-01T20:45:04","slug":"mitos-e-funcoes-da-atividade-da-arquitetura","status":"publish","type":"post","link":"https:\/\/maringapost.com.br\/arquitetura\/2021\/07\/13\/mitos-e-funcoes-da-atividade-da-arquitetura\/","title":{"rendered":"Mitos e fun\u00e7\u00f5es da atividade da Arquitetura"},"content":{"rendered":"<p><span style=\"font-weight: 400\">Quando se fala em arquitetura o qu\u00ea voc\u00ea imagina? Se a sua resposta foi pr\u00e9dios, casas, jardins, design e decora\u00e7\u00e3o de interiores; voc\u00ea est\u00e1 parcialmente certo! Sim, pois, o campo de atua\u00e7\u00e3o do profissional de arquitetura \u00e9 extremamente vasto e vai desde os projetos relacionados \u00e0s edifica\u00e7\u00f5es em si como arquitetura de edifica\u00e7\u00f5es, interiores e paisagismo, como tamb\u00e9m o de projeto urbano, restauro do patrim\u00f4nio hist\u00f3rico, fotografia e at\u00e9 mesmo cinema! E para abrir a primeira coluna &#8220;Arquitetura Post&#8221;<\/span><span style=\"font-weight: 400\">\u00a0vamos apresentar as diversas atividades do profissional de arquitetura e esclarecer alguns mitos que ainda fazem parte desta profiss\u00e3o.\u00a0\u00a0<\/span><\/p>\n<p><span style=\"font-weight: 400\">O filme \u201cA Origem\u201d (2010) de <\/span><i><span style=\"font-weight: 400\">Christopher Nolan <\/span><\/i><span style=\"font-weight: 400\">\u00e9 o um \u00f3timo exemplo de como o cinema usou a arquitetura para interferir na trama do personagem principal, Leonardo de Caprio, no pr\u00f3prio filme uma arquiteta \u00e9 contratada para desvendar e dar vida ao labirinto enigm\u00e1tico da mente do personagem.<\/span><\/p>\n<p><iframe loading=\"lazy\" title=\"A Origem - Trailer Final (legendado) [HD]\" width=\"1170\" height=\"658\" src=\"https:\/\/www.youtube.com\/embed\/HiixbtN-O24?wmode=transparent&amp;rel=0&amp;feature=oembed\" frameborder=\"0\" allow=\"accelerometer; autoplay; clipboard-write; encrypted-media; gyroscope; picture-in-picture; web-share\" referrerpolicy=\"strict-origin-when-cross-origin\" allowfullscreen><\/iframe><\/p>\n<p><span style=\"font-weight: 400\">Inicialmente queremos desmistificar algumas ideias, especialmente quando falamos a respeito da compet\u00eancia do arquiteto. Suas aptid\u00f5es n\u00e3o est\u00e3o limitadas ao resolver uma planta-baixa que n\u00e3o funcionou ou a est\u00e9tica de uma fachada. O papel do arquiteto \u00e9 mais abrangente e come\u00e7a bem antes, j\u00e1 na forma\u00e7\u00e3o das ideias iniciais, na concep\u00e7\u00e3o do projeto arquitet\u00f4nico em si, fundamental para trazer solu\u00e7\u00f5es construtivas para a economia e viabilidade da obra. A contrata\u00e7\u00e3o deste profissional, n\u00e3o \u00e9 sup\u00e9rfluo, sua necessidade \u00e9 real e fundamentada pela legisla\u00e7\u00e3o que exige um profissional habilitado para a execu\u00e7\u00e3o dos projetos e acompanhamento na obra. Um investimento que poupa despesas desnecess\u00e1rias e que traz retorno financeiro, situa\u00e7\u00e3o comprovada em im\u00f3veis comerciais ou na hora da revenda.<\/span><\/p>\n<p><img loading=\"lazy\" decoding=\"async\" class=\"aligncenter wp-image-95 size-full\" src=\"http:\/\/maringapost.com.br\/arquitetura\/wp-content\/uploads\/sites\/38\/2021\/07\/brasilia.jpg\" alt=\"\" width=\"676\" height=\"530\" srcset=\"https:\/\/maringapost.com.br\/arquitetura\/wp-content\/uploads\/sites\/38\/2021\/07\/brasilia.jpg 676w, https:\/\/maringapost.com.br\/arquitetura\/wp-content\/uploads\/sites\/38\/2021\/07\/brasilia-300x235.jpg 300w, https:\/\/maringapost.com.br\/arquitetura\/wp-content\/uploads\/sites\/38\/2021\/07\/brasilia-536x420.jpg 536w\" sizes=\"(max-width: 676px) 100vw, 676px\" \/><\/p>\n<p><b>Projeto do arquiteto L\u00facio Costa para Bras\u00edlia_<\/b><span style=\"font-weight: 400\"> Plano Piloto foi o projeto 22 do Concurso Nacional do Plano Piloto da Nova Capital do Brasil, tendo vencido o mesmo e sido executado, se tornando o Plano Piloto de Bras\u00edlia.<\/span><\/p>\n<figure id=\"attachment_94\" aria-describedby=\"caption-attachment-94\" style=\"width: 940px\" class=\"wp-caption aligncenter\"><img loading=\"lazy\" decoding=\"async\" class=\"size-full wp-image-94\" src=\"http:\/\/maringapost.com.br\/arquitetura\/wp-content\/uploads\/sites\/38\/2021\/07\/catedral.jpg\" alt=\"\" width=\"940\" height=\"627\" srcset=\"https:\/\/maringapost.com.br\/arquitetura\/wp-content\/uploads\/sites\/38\/2021\/07\/catedral.jpg 940w, https:\/\/maringapost.com.br\/arquitetura\/wp-content\/uploads\/sites\/38\/2021\/07\/catedral-300x200.jpg 300w, https:\/\/maringapost.com.br\/arquitetura\/wp-content\/uploads\/sites\/38\/2021\/07\/catedral-768x512.jpg 768w, https:\/\/maringapost.com.br\/arquitetura\/wp-content\/uploads\/sites\/38\/2021\/07\/catedral-696x464.jpg 696w, https:\/\/maringapost.com.br\/arquitetura\/wp-content\/uploads\/sites\/38\/2021\/07\/catedral-630x420.jpg 630w\" sizes=\"(max-width: 940px) 100vw, 940px\" \/><figcaption id=\"caption-attachment-94\" class=\"wp-caption-text\">Catedral Metropolitana \u2013 Bras\u00edlia \u2013 Distrito Federal- Projeto arquitet\u00f4nico do arquiteto Oscar Niemeyer| Cr\u00e9dito: Shutterstock.com<\/figcaption><\/figure>\n<p><span style=\"font-weight: 400\">Quanto \u00e0s atividades do arquiteto e urbanista, existem algumas fun\u00e7\u00f5es que s\u00e3o exclusivas e foram definidas pelo Conselho de Arquitetura e Urbanismo (CAU) como \u201catribui\u00e7\u00f5es privativas dos arquitetos e urbanistas: o projeto arquitet\u00f4nico, de urbanismo e de arquitetura da paisagem conforme estabelecido na Lei n\u00ba 12.378\/2010\u201d. Esta mesma lei define a profiss\u00e3o em uma categoria uniprofissional, de forma\u00e7\u00e3o generalista: \u201ccapazes de entender e traduzir as necessidades de indiv\u00edduos, grupos sociais e comunidade, com rela\u00e7\u00e3o \u00e0 concep\u00e7\u00e3o, \u00e0 organiza\u00e7\u00e3o e \u00e0 constru\u00e7\u00e3o do espa\u00e7o interior e exterior, abrangendo o urbanismo, a edifica\u00e7\u00e3o, o paisagismo, bem como a conserva\u00e7\u00e3o e a valoriza\u00e7\u00e3o do patrim\u00f4nio constru\u00eddo, a prote\u00e7\u00e3o do equil\u00edbrio do ambiente natural e a utiliza\u00e7\u00e3o racional dos recursos dispon\u00edveis&#8221;<\/span><\/p>\n<p><img loading=\"lazy\" decoding=\"async\" class=\"size-full wp-image-97 alignleft\" src=\"http:\/\/maringapost.com.br\/arquitetura\/wp-content\/uploads\/sites\/38\/2021\/07\/pinacoteca-externa.jpg\" alt=\"\" width=\"512\" height=\"384\" srcset=\"https:\/\/maringapost.com.br\/arquitetura\/wp-content\/uploads\/sites\/38\/2021\/07\/pinacoteca-externa.jpg 512w, https:\/\/maringapost.com.br\/arquitetura\/wp-content\/uploads\/sites\/38\/2021\/07\/pinacoteca-externa-300x225.jpg 300w, https:\/\/maringapost.com.br\/arquitetura\/wp-content\/uploads\/sites\/38\/2021\/07\/pinacoteca-externa-80x60.jpg 80w, https:\/\/maringapost.com.br\/arquitetura\/wp-content\/uploads\/sites\/38\/2021\/07\/pinacoteca-externa-265x198.jpg 265w\" sizes=\"(max-width: 512px) 100vw, 512px\" \/><\/p>\n<p><span style=\"font-weight: 400\">Pinacoteca de S\u00e3o Paulo _ projetado pelo escrit\u00f3rio do engenheiro Ramos de Azevedo entre 1896 e 1900, foi a primeira pinacoteca do estado, teve um projeto de revitaliza\u00e7\u00e3o do pr\u00e9dio assinado pelo arquiteto Paulo Mendes da Rocha (1928-2021).<\/span><\/p>\n<p><img loading=\"lazy\" decoding=\"async\" class=\"size-full wp-image-98 alignright\" src=\"http:\/\/maringapost.com.br\/arquitetura\/wp-content\/uploads\/sites\/38\/2021\/07\/pinacoteca-interna.jpg\" alt=\"\" width=\"468\" height=\"702\" srcset=\"https:\/\/maringapost.com.br\/arquitetura\/wp-content\/uploads\/sites\/38\/2021\/07\/pinacoteca-interna.jpg 468w, https:\/\/maringapost.com.br\/arquitetura\/wp-content\/uploads\/sites\/38\/2021\/07\/pinacoteca-interna-200x300.jpg 200w, https:\/\/maringapost.com.br\/arquitetura\/wp-content\/uploads\/sites\/38\/2021\/07\/pinacoteca-interna-280x420.jpg 280w\" sizes=\"(max-width: 468px) 100vw, 468px\" \/><\/p>\n<p><span style=\"font-weight: 400\">Traduzindo tudo isso, significa dizer que o arquiteto pode trabalhar em campos de atua\u00e7\u00e3o relacionados diretamente aos projetos arquitet\u00f4nicos de edifica\u00e7\u00f5es e monumentos, como tamb\u00e9m ao projeto para conserva\u00e7\u00e3o e patrim\u00f4nio hist\u00f3rico, projetos urban\u00edsticos, plano diretor das cidades, elabora\u00e7\u00e3o de projeto paisagismo, parcelamento do solo para fins de loteamento, conforto ambiental com projetos de acessibilidade e ergonomia da edifica\u00e7\u00e3o. Al\u00e9m de atividades correlatas, em virtude de sua forma\u00e7\u00e3o acad\u00eamica multidisciplinar que traz embasamento para campos distintos como a fotografia, cenografia, design gr\u00e1fico, design industrial, publicidade, programa\u00e7\u00e3o visual, etc.<\/span><\/p>\n<figure id=\"attachment_99\" aria-describedby=\"caption-attachment-99\" style=\"width: 748px\" class=\"wp-caption aligncenter\"><img loading=\"lazy\" decoding=\"async\" class=\"wp-image-99 size-full\" src=\"http:\/\/maringapost.com.br\/arquitetura\/wp-content\/uploads\/sites\/38\/2021\/07\/irmao-campana-1.jpg\" alt=\"\" width=\"748\" height=\"499\" srcset=\"https:\/\/maringapost.com.br\/arquitetura\/wp-content\/uploads\/sites\/38\/2021\/07\/irmao-campana-1.jpg 748w, https:\/\/maringapost.com.br\/arquitetura\/wp-content\/uploads\/sites\/38\/2021\/07\/irmao-campana-1-300x200.jpg 300w, https:\/\/maringapost.com.br\/arquitetura\/wp-content\/uploads\/sites\/38\/2021\/07\/irmao-campana-1-696x464.jpg 696w, https:\/\/maringapost.com.br\/arquitetura\/wp-content\/uploads\/sites\/38\/2021\/07\/irmao-campana-1-630x420.jpg 630w\" sizes=\"(max-width: 748px) 100vw, 748px\" \/><figcaption id=\"caption-attachment-99\" class=\"wp-caption-text\">Para a cole\u00e7\u00e3o Objets Nomades, da Louis Vuitton, os Irm\u00e3os Campana criaram o Sof\u00e1 Bomboca. Foto: James Harris\/Design Miami_ Fernando Campana, arquiteto ajudou a dar o tom para a dupla partir para a cria\u00e7\u00e3o do design da irrever\u00eancia que assinam as suas obras premiadas e de reconhecimento internacional.<\/figcaption><\/figure>\n<p><span style=\"font-weight: 400\">Al\u00e9m de um generalista, como bem definiu o CAU, o arquiteto \u00e9 um <\/span><i><span style=\"font-weight: 400\">transformador<\/span><\/i><span style=\"font-weight: 400\">, n\u00e3o apenas pelo resultado final da sua obra, seja ela em \u00e2mbito art\u00edstico ou em estruturas construtivas, mas especialmente por ser um indiv\u00edduo capaz de influenciar comportamentos ao lan\u00e7ar tend\u00eancias ao dialogar com a arte e com a sociedade. A arquitetura, portanto, \u00e9 o resultado deste di\u00e1logo que reflete o per\u00edodo de sua \u00e9poca, como um fator cultural que traduz os pensamentos e aspira\u00e7\u00f5es de uma sociedade, que se manifesta n\u00e3o apenas por suas necessidades funcionais, mas tamb\u00e9m por suas caracter\u00edsticas est\u00e9ticas que simbolicamente manifesta quem nos tornamos.<\/span><\/p>\n<p>Arq. Adriana Lima<br \/>\nContatos:<br \/>\n(44) 99116-9189 (WhatsApp) \/ (44) 3226-2608 (fixo)<br \/>\nadriana@adrianalima.arq.br \/ arq.adrianalima@gmail.com (email)<br \/>\nwww.adrianalima.arq.br (site)<br \/>\n@arq.adrianalima (Instagram)<br \/>\nhttps:\/\/www.facebook.com\/adrianalima.arq.br\/ (Facebook)<\/p>\n<p>&nbsp;<\/p>\n<p>&nbsp;<\/p>\n<p><em><strong>Por arq. Adriana Lima &#8211; <a href=\"https:\/\/adrianalima.arq.br\/\">www.adrianalima.arq.br<\/a><\/strong><\/em><\/p>\n","protected":false},"excerpt":{"rendered":"<p>Quando se fala em arquitetura o qu\u00ea voc\u00ea imagina? Se a sua resposta foi pr\u00e9dios, casas, jardins, design e decora\u00e7\u00e3o de interiores; voc\u00ea est\u00e1 parcialmente certo! Sim, pois, o campo de atua\u00e7\u00e3o do profissional de arquitetura \u00e9 extremamente vasto e vai desde os projetos relacionados \u00e0s edifica\u00e7\u00f5es em si como arquitetura de edifica\u00e7\u00f5es, interiores e [&hellip;]<\/p>\n","protected":false},"author":12226,"featured_media":93,"comment_status":"closed","ping_status":"open","sticky":false,"template":"","format":"standard","meta":{"_exactmetrics_skip_tracking":false,"_exactmetrics_sitenote_active":false,"_exactmetrics_sitenote_note":"","_exactmetrics_sitenote_category":0,"footnotes":""},"categories":[3],"tags":[5,9,7,8,6],"yoast_head":"<!-- This site is optimized with the Yoast SEO Premium plugin v22.7 (Yoast SEO v22.7) - https:\/\/yoast.com\/wordpress\/plugins\/seo\/ -->\n<title>Mitos e fun\u00e7\u00f5es da atividade da Arquitetura - Arquitetura<\/title>\n<meta name=\"description\" content=\"Arquitetura atua desde projetos de edifica\u00e7\u00f5es, projetos de interiores, paisagismo, urbanismo, restauro do patrim\u00f4nio hist\u00f3rico e at\u00e9 cinema\" \/>\n<meta name=\"robots\" content=\"index, follow, max-snippet:-1, max-image-preview:large, max-video-preview:-1\" \/>\n<link rel=\"canonical\" href=\"https:\/\/maringapost.com.br\/arquitetura\/2021\/07\/13\/mitos-e-funcoes-da-atividade-da-arquitetura\/\" \/>\n<meta property=\"og:locale\" content=\"pt_BR\" \/>\n<meta property=\"og:type\" content=\"article\" \/>\n<meta property=\"og:title\" content=\"Mitos e fun\u00e7\u00f5es da atividade da Arquitetura\" \/>\n<meta property=\"og:description\" content=\"Arquitetura atua desde projetos de edifica\u00e7\u00f5es, projetos de interiores, paisagismo, urbanismo, restauro do patrim\u00f4nio hist\u00f3rico e at\u00e9 cinema\" \/>\n<meta property=\"og:url\" content=\"https:\/\/maringapost.com.br\/arquitetura\/2021\/07\/13\/mitos-e-funcoes-da-atividade-da-arquitetura\/\" \/>\n<meta property=\"og:site_name\" content=\"Arquitetura\" \/>\n<meta property=\"article:published_time\" content=\"2021-07-13T11:43:51+00:00\" \/>\n<meta property=\"article:modified_time\" content=\"2021-12-01T20:45:04+00:00\" \/>\n<meta property=\"og:image\" content=\"https:\/\/maringapost.com.br\/arquitetura\/wp-content\/uploads\/sites\/38\/2021\/07\/filme.jpg\" \/>\n\t<meta property=\"og:image:width\" content=\"1200\" \/>\n\t<meta property=\"og:image:height\" content=\"630\" \/>\n\t<meta property=\"og:image:type\" content=\"image\/jpeg\" \/>\n<meta name=\"author\" content=\"Reda\u00e7\u00e3o\" \/>\n<meta name=\"twitter:card\" content=\"summary_large_image\" \/>\n<meta name=\"twitter:label1\" content=\"Escrito por\" \/>\n\t<meta name=\"twitter:data1\" content=\"\" \/>\n\t<meta name=\"twitter:label2\" content=\"Est. tempo de leitura\" \/>\n\t<meta name=\"twitter:data2\" content=\"5 minutos\" \/>\n<script type=\"application\/ld+json\" class=\"yoast-schema-graph\">{\"@context\":\"https:\/\/schema.org\",\"@graph\":[{\"@type\":\"WebPage\",\"@id\":\"https:\/\/maringapost.com.br\/arquitetura\/2021\/07\/13\/mitos-e-funcoes-da-atividade-da-arquitetura\/\",\"url\":\"https:\/\/maringapost.com.br\/arquitetura\/2021\/07\/13\/mitos-e-funcoes-da-atividade-da-arquitetura\/\",\"name\":\"Mitos e fun\u00e7\u00f5es da atividade da Arquitetura - Arquitetura\",\"isPartOf\":{\"@id\":\"https:\/\/maringapost.com.br\/arquitetura\/#website\"},\"primaryImageOfPage\":{\"@id\":\"https:\/\/maringapost.com.br\/arquitetura\/2021\/07\/13\/mitos-e-funcoes-da-atividade-da-arquitetura\/#primaryimage\"},\"image\":{\"@id\":\"https:\/\/maringapost.com.br\/arquitetura\/2021\/07\/13\/mitos-e-funcoes-da-atividade-da-arquitetura\/#primaryimage\"},\"thumbnailUrl\":\"https:\/\/maringapost.com.br\/arquitetura\/wp-content\/uploads\/sites\/38\/2021\/07\/filme.jpg\",\"datePublished\":\"2021-07-13T11:43:51+00:00\",\"dateModified\":\"2021-12-01T20:45:04+00:00\",\"author\":{\"@id\":\"https:\/\/maringapost.com.br\/arquitetura\/#\/schema\/person\/04f7ca326571fd6a271cbc94b3349803\"},\"description\":\"Arquitetura atua desde projetos de edifica\u00e7\u00f5es, projetos de interiores, paisagismo, urbanismo, restauro do patrim\u00f4nio hist\u00f3rico e at\u00e9 cinema\",\"breadcrumb\":{\"@id\":\"https:\/\/maringapost.com.br\/arquitetura\/2021\/07\/13\/mitos-e-funcoes-da-atividade-da-arquitetura\/#breadcrumb\"},\"inLanguage\":\"pt-BR\",\"potentialAction\":[{\"@type\":\"ReadAction\",\"target\":[\"https:\/\/maringapost.com.br\/arquitetura\/2021\/07\/13\/mitos-e-funcoes-da-atividade-da-arquitetura\/\"]}]},{\"@type\":\"ImageObject\",\"inLanguage\":\"pt-BR\",\"@id\":\"https:\/\/maringapost.com.br\/arquitetura\/2021\/07\/13\/mitos-e-funcoes-da-atividade-da-arquitetura\/#primaryimage\",\"url\":\"https:\/\/maringapost.com.br\/arquitetura\/wp-content\/uploads\/sites\/38\/2021\/07\/filme.jpg\",\"contentUrl\":\"https:\/\/maringapost.com.br\/arquitetura\/wp-content\/uploads\/sites\/38\/2021\/07\/filme.jpg\",\"width\":1200,\"height\":630,\"caption\":\"O filme \u201cA Origem\u201d (2010) de Christopher Nolan \u00e9 o um \u00f3timo exemplo de como o cinema usou a arquitetura para interferir na trama do personagem principal, Leonardo de Caprio, no pr\u00f3prio filme uma arquiteta \u00e9 contratada para desvendar e dar vida ao labirinto enigm\u00e1tico da mente do personagem.\"},{\"@type\":\"BreadcrumbList\",\"@id\":\"https:\/\/maringapost.com.br\/arquitetura\/2021\/07\/13\/mitos-e-funcoes-da-atividade-da-arquitetura\/#breadcrumb\",\"itemListElement\":[{\"@type\":\"ListItem\",\"position\":1,\"name\":\"In\u00edcio\",\"item\":\"https:\/\/maringapost.com.br\/arquitetura\/\"},{\"@type\":\"ListItem\",\"position\":2,\"name\":\"Mitos e fun\u00e7\u00f5es da atividade da Arquitetura\"}]},{\"@type\":\"WebSite\",\"@id\":\"https:\/\/maringapost.com.br\/arquitetura\/#website\",\"url\":\"https:\/\/maringapost.com.br\/arquitetura\/\",\"name\":\"Arquitetura\",\"description\":\"\",\"potentialAction\":[{\"@type\":\"SearchAction\",\"target\":{\"@type\":\"EntryPoint\",\"urlTemplate\":\"https:\/\/maringapost.com.br\/arquitetura\/?s={search_term_string}\"},\"query-input\":\"required name=search_term_string\"}],\"inLanguage\":\"pt-BR\"},{\"@type\":\"Person\",\"@id\":\"https:\/\/maringapost.com.br\/arquitetura\/#\/schema\/person\/04f7ca326571fd6a271cbc94b3349803\",\"name\":\"Reda\u00e7\u00e3o\",\"image\":{\"@type\":\"ImageObject\",\"inLanguage\":\"pt-BR\",\"@id\":\"https:\/\/maringapost.com.br\/arquitetura\/#\/schema\/person\/image\/\",\"url\":\"https:\/\/secure.gravatar.com\/avatar\/7a388898535e5f37ea137827dc50ae61?s=96&d=mm&r=g\",\"contentUrl\":\"https:\/\/secure.gravatar.com\/avatar\/7a388898535e5f37ea137827dc50ae61?s=96&d=mm&r=g\",\"caption\":\"Reda\u00e7\u00e3o\"},\"url\":\"https:\/\/maringapost.com.br\/arquitetura\/author\/adrianalima\/\"}]}<\/script>\n<!-- \/ Yoast SEO Premium plugin. -->","yoast_head_json":{"title":"Mitos e fun\u00e7\u00f5es da atividade da Arquitetura - Arquitetura","description":"Arquitetura atua desde projetos de edifica\u00e7\u00f5es, projetos de interiores, paisagismo, urbanismo, restauro do patrim\u00f4nio hist\u00f3rico e at\u00e9 cinema","robots":{"index":"index","follow":"follow","max-snippet":"max-snippet:-1","max-image-preview":"max-image-preview:large","max-video-preview":"max-video-preview:-1"},"canonical":"https:\/\/maringapost.com.br\/arquitetura\/2021\/07\/13\/mitos-e-funcoes-da-atividade-da-arquitetura\/","og_locale":"pt_BR","og_type":"article","og_title":"Mitos e fun\u00e7\u00f5es da atividade da Arquitetura","og_description":"Arquitetura atua desde projetos de edifica\u00e7\u00f5es, projetos de interiores, paisagismo, urbanismo, restauro do patrim\u00f4nio hist\u00f3rico e at\u00e9 cinema","og_url":"https:\/\/maringapost.com.br\/arquitetura\/2021\/07\/13\/mitos-e-funcoes-da-atividade-da-arquitetura\/","og_site_name":"Arquitetura","article_published_time":"2021-07-13T11:43:51+00:00","article_modified_time":"2021-12-01T20:45:04+00:00","og_image":[{"width":1200,"height":630,"url":"https:\/\/maringapost.com.br\/arquitetura\/wp-content\/uploads\/sites\/38\/2021\/07\/filme.jpg","type":"image\/jpeg"}],"author":"Reda\u00e7\u00e3o","twitter_card":"summary_large_image","twitter_misc":{"Escrito por":false,"Est. tempo de leitura":"5 minutos"},"schema":{"@context":"https:\/\/schema.org","@graph":[{"@type":"WebPage","@id":"https:\/\/maringapost.com.br\/arquitetura\/2021\/07\/13\/mitos-e-funcoes-da-atividade-da-arquitetura\/","url":"https:\/\/maringapost.com.br\/arquitetura\/2021\/07\/13\/mitos-e-funcoes-da-atividade-da-arquitetura\/","name":"Mitos e fun\u00e7\u00f5es da atividade da Arquitetura - Arquitetura","isPartOf":{"@id":"https:\/\/maringapost.com.br\/arquitetura\/#website"},"primaryImageOfPage":{"@id":"https:\/\/maringapost.com.br\/arquitetura\/2021\/07\/13\/mitos-e-funcoes-da-atividade-da-arquitetura\/#primaryimage"},"image":{"@id":"https:\/\/maringapost.com.br\/arquitetura\/2021\/07\/13\/mitos-e-funcoes-da-atividade-da-arquitetura\/#primaryimage"},"thumbnailUrl":"https:\/\/maringapost.com.br\/arquitetura\/wp-content\/uploads\/sites\/38\/2021\/07\/filme.jpg","datePublished":"2021-07-13T11:43:51+00:00","dateModified":"2021-12-01T20:45:04+00:00","author":{"@id":"https:\/\/maringapost.com.br\/arquitetura\/#\/schema\/person\/04f7ca326571fd6a271cbc94b3349803"},"description":"Arquitetura atua desde projetos de edifica\u00e7\u00f5es, projetos de interiores, paisagismo, urbanismo, restauro do patrim\u00f4nio hist\u00f3rico e at\u00e9 cinema","breadcrumb":{"@id":"https:\/\/maringapost.com.br\/arquitetura\/2021\/07\/13\/mitos-e-funcoes-da-atividade-da-arquitetura\/#breadcrumb"},"inLanguage":"pt-BR","potentialAction":[{"@type":"ReadAction","target":["https:\/\/maringapost.com.br\/arquitetura\/2021\/07\/13\/mitos-e-funcoes-da-atividade-da-arquitetura\/"]}]},{"@type":"ImageObject","inLanguage":"pt-BR","@id":"https:\/\/maringapost.com.br\/arquitetura\/2021\/07\/13\/mitos-e-funcoes-da-atividade-da-arquitetura\/#primaryimage","url":"https:\/\/maringapost.com.br\/arquitetura\/wp-content\/uploads\/sites\/38\/2021\/07\/filme.jpg","contentUrl":"https:\/\/maringapost.com.br\/arquitetura\/wp-content\/uploads\/sites\/38\/2021\/07\/filme.jpg","width":1200,"height":630,"caption":"O filme \u201cA Origem\u201d (2010) de Christopher Nolan \u00e9 o um \u00f3timo exemplo de como o cinema usou a arquitetura para interferir na trama do personagem principal, Leonardo de Caprio, no pr\u00f3prio filme uma arquiteta \u00e9 contratada para desvendar e dar vida ao labirinto enigm\u00e1tico da mente do personagem."},{"@type":"BreadcrumbList","@id":"https:\/\/maringapost.com.br\/arquitetura\/2021\/07\/13\/mitos-e-funcoes-da-atividade-da-arquitetura\/#breadcrumb","itemListElement":[{"@type":"ListItem","position":1,"name":"In\u00edcio","item":"https:\/\/maringapost.com.br\/arquitetura\/"},{"@type":"ListItem","position":2,"name":"Mitos e fun\u00e7\u00f5es da atividade da Arquitetura"}]},{"@type":"WebSite","@id":"https:\/\/maringapost.com.br\/arquitetura\/#website","url":"https:\/\/maringapost.com.br\/arquitetura\/","name":"Arquitetura","description":"","potentialAction":[{"@type":"SearchAction","target":{"@type":"EntryPoint","urlTemplate":"https:\/\/maringapost.com.br\/arquitetura\/?s={search_term_string}"},"query-input":"required name=search_term_string"}],"inLanguage":"pt-BR"},{"@type":"Person","@id":"https:\/\/maringapost.com.br\/arquitetura\/#\/schema\/person\/04f7ca326571fd6a271cbc94b3349803","name":"Reda\u00e7\u00e3o","image":{"@type":"ImageObject","inLanguage":"pt-BR","@id":"https:\/\/maringapost.com.br\/arquitetura\/#\/schema\/person\/image\/","url":"https:\/\/secure.gravatar.com\/avatar\/7a388898535e5f37ea137827dc50ae61?s=96&d=mm&r=g","contentUrl":"https:\/\/secure.gravatar.com\/avatar\/7a388898535e5f37ea137827dc50ae61?s=96&d=mm&r=g","caption":"Reda\u00e7\u00e3o"},"url":"https:\/\/maringapost.com.br\/arquitetura\/author\/adrianalima\/"}]}},"_links":{"self":[{"href":"https:\/\/maringapost.com.br\/arquitetura\/wp-json\/wp\/v2\/posts\/92"}],"collection":[{"href":"https:\/\/maringapost.com.br\/arquitetura\/wp-json\/wp\/v2\/posts"}],"about":[{"href":"https:\/\/maringapost.com.br\/arquitetura\/wp-json\/wp\/v2\/types\/post"}],"author":[{"embeddable":true,"href":"https:\/\/maringapost.com.br\/arquitetura\/wp-json\/wp\/v2\/users\/12226"}],"replies":[{"embeddable":true,"href":"https:\/\/maringapost.com.br\/arquitetura\/wp-json\/wp\/v2\/comments?post=92"}],"version-history":[{"count":5,"href":"https:\/\/maringapost.com.br\/arquitetura\/wp-json\/wp\/v2\/posts\/92\/revisions"}],"predecessor-version":[{"id":276,"href":"https:\/\/maringapost.com.br\/arquitetura\/wp-json\/wp\/v2\/posts\/92\/revisions\/276"}],"wp:featuredmedia":[{"embeddable":true,"href":"https:\/\/maringapost.com.br\/arquitetura\/wp-json\/wp\/v2\/media\/93"}],"wp:attachment":[{"href":"https:\/\/maringapost.com.br\/arquitetura\/wp-json\/wp\/v2\/media?parent=92"}],"wp:term":[{"taxonomy":"category","embeddable":true,"href":"https:\/\/maringapost.com.br\/arquitetura\/wp-json\/wp\/v2\/categories?post=92"},{"taxonomy":"post_tag","embeddable":true,"href":"https:\/\/maringapost.com.br\/arquitetura\/wp-json\/wp\/v2\/tags?post=92"}],"curies":[{"name":"wp","href":"https:\/\/api.w.org\/{rel}","templated":true}]}}