{"id":279,"date":"2022-01-26T07:12:50","date_gmt":"2022-01-26T10:12:50","guid":{"rendered":"https:\/\/maringapost.com.br\/arquitetura\/?p=279"},"modified":"2022-01-26T07:25:33","modified_gmt":"2022-01-26T10:25:33","slug":"ergonomia-do-bem-estar-parte-ii","status":"publish","type":"post","link":"https:\/\/maringapost.com.br\/arquitetura\/2022\/01\/26\/ergonomia-do-bem-estar-parte-ii\/","title":{"rendered":"Ergonomia do bem-estar, parte II"},"content":{"rendered":"<p style=\"text-align: center\"><span style=\"font-weight: 400\">Respeito ao corpo<\/span><\/p>\n<p>&nbsp;<\/p>\n<p><span style=\"font-weight: 400\">Por: Designer|Arquiteto Prof. SIDNEI MADEIRA\u00a0<\/span><\/p>\n<p><span style=\"font-weight: 400\"> sidnei.madeira@gmail.com ou <\/span><a href=\"https:\/\/www.instagram.com\/arquitetosidneimadeira\/\">instagram.com\/arquitetosidneimadeira\/<\/a><\/p>\n<p><em><strong>Como entender a rela\u00e7\u00e3o dos produtos e o nosso corpo?<\/strong><\/em><\/p>\n<p><span style=\"font-weight: 400\">Podemos dividir esse assunto em diversas partes, mas vamos apenas pensar nas formas e nas fun\u00e7\u00f5es do corpo humano em atividade, ou seja, nosso corpo tem uma forma que atende as fun\u00e7\u00f5es necess\u00e1rias para seu cotidiano de vida. Deixando os aspectos emocionais e sentimentais que tamb\u00e9m interferem em atitudes, defini\u00e7\u00f5es e comportamentos, observemos apenas os aspectos f\u00edsicos e formais do ser humano.<\/span><\/p>\n<p><em><strong>A Antropometria<\/strong><\/em><\/p>\n<p><span style=\"font-weight: 400\">Ela \u00e9 respons\u00e1vel em entender e analisar as diferen\u00e7as tridimensionais entre as v\u00e1rias dimens\u00f5es e formas de todas as diferentes tipologias de \u201cra\u00e7as\u201d, do ser humano. Existem diferen\u00e7as nas dimens\u00f5es entre o corpo de um asi\u00e1tico e um europeu ou um africano e um ocidental, entre os que s\u00e3o at\u00e9 mesmo das v\u00e1rias regi\u00f5es do Brasil e assim por diante.<\/span><\/p>\n<p><span style=\"font-weight: 400\">Diferen\u00e7as entre as propor\u00e7\u00f5es corporais de indiv\u00edduos de diferentes etnias.<\/span><\/p>\n<figure id=\"attachment_283\" aria-describedby=\"caption-attachment-283\" style=\"width: 886px\" class=\"wp-caption aligncenter\"><img loading=\"lazy\" decoding=\"async\" class=\"size-full wp-image-283\" src=\"https:\/\/maringapost.com.br\/arquitetura\/wp-content\/uploads\/sites\/38\/2022\/01\/Diferencas-entre-as-proporcoes-corporais-de-individuos-de-diferentes-etnias..jpg\" alt=\"\" width=\"886\" height=\"509\" srcset=\"https:\/\/maringapost.com.br\/arquitetura\/wp-content\/uploads\/sites\/38\/2022\/01\/Diferencas-entre-as-proporcoes-corporais-de-individuos-de-diferentes-etnias..jpg 886w, https:\/\/maringapost.com.br\/arquitetura\/wp-content\/uploads\/sites\/38\/2022\/01\/Diferencas-entre-as-proporcoes-corporais-de-individuos-de-diferentes-etnias.-300x172.jpg 300w, https:\/\/maringapost.com.br\/arquitetura\/wp-content\/uploads\/sites\/38\/2022\/01\/Diferencas-entre-as-proporcoes-corporais-de-individuos-de-diferentes-etnias.-768x441.jpg 768w, https:\/\/maringapost.com.br\/arquitetura\/wp-content\/uploads\/sites\/38\/2022\/01\/Diferencas-entre-as-proporcoes-corporais-de-individuos-de-diferentes-etnias.-696x400.jpg 696w, https:\/\/maringapost.com.br\/arquitetura\/wp-content\/uploads\/sites\/38\/2022\/01\/Diferencas-entre-as-proporcoes-corporais-de-individuos-de-diferentes-etnias.-731x420.jpg 731w\" sizes=\"(max-width: 886px) 100vw, 886px\" \/><figcaption id=\"caption-attachment-283\" class=\"wp-caption-text\"><br \/>Diferen\u00e7as entre as propor\u00e7\u00f5es corporais de indiv\u00edduos de diferentes etnias.<br \/>Fonte: Iida (2005).<\/figcaption><\/figure>\n<p><span style=\"font-weight: 400\">N\u00e3o apenas nas dimens\u00f5es essas diferen\u00e7as se apresentam. A forma do corpo tamb\u00e9m apresenta diferen\u00e7as e precisam ser entendidas, analisadas e respeitadas.<\/span><\/p>\n<p><span style=\"font-weight: 400\">Elas s\u00e3o conhecidas assim:\u00a0 <\/span><\/p>\n<figure id=\"attachment_280\" aria-describedby=\"caption-attachment-280\" style=\"width: 800px\" class=\"wp-caption aligncenter\"><img loading=\"lazy\" decoding=\"async\" class=\"wp-image-280 size-full\" src=\"https:\/\/maringapost.com.br\/arquitetura\/wp-content\/uploads\/sites\/38\/2022\/01\/tipo-de-corpo.jpg\" alt=\"\" width=\"800\" height=\"534\" srcset=\"https:\/\/maringapost.com.br\/arquitetura\/wp-content\/uploads\/sites\/38\/2022\/01\/tipo-de-corpo.jpg 800w, https:\/\/maringapost.com.br\/arquitetura\/wp-content\/uploads\/sites\/38\/2022\/01\/tipo-de-corpo-300x200.jpg 300w, https:\/\/maringapost.com.br\/arquitetura\/wp-content\/uploads\/sites\/38\/2022\/01\/tipo-de-corpo-768x513.jpg 768w, https:\/\/maringapost.com.br\/arquitetura\/wp-content\/uploads\/sites\/38\/2022\/01\/tipo-de-corpo-696x465.jpg 696w, https:\/\/maringapost.com.br\/arquitetura\/wp-content\/uploads\/sites\/38\/2022\/01\/tipo-de-corpo-629x420.jpg 629w\" sizes=\"(max-width: 800px) 100vw, 800px\" \/><figcaption id=\"caption-attachment-280\" class=\"wp-caption-text\">N\u00e3o \u00e9 uma quest\u00e3o de mais ou menos o peso que a pessoa tem, \u00e9 a forma que est\u00e1 sendo analisada. Percebam:\u00a0 <span style=\"font-size: 15px;color: #222222\">\u00a0 \u00a0 \u00a0 \u00a0 \u00a0 \u00a0 \u00a0 \u00a0 \u00a0 \u00a0 \u00a0 \u00a0 \u00a0 \u00a0<\/span><\/figcaption><\/figure>\n<p><span style=\"font-weight: 400\">Obviamente, existem tamb\u00e9m as diferen\u00e7as naturais de dimens\u00f5es e propor\u00e7\u00f5es entre corpos masculinos e corpos femininos.<\/span><\/p>\n<p><span style=\"font-weight: 400\">\u00c9 um estudo \u00e0 parte, mas j\u00e1 existem dados de levantamentos bidimensionais de crian\u00e7as em idades diferentes, voltados a atender aos projetistas dos produtos para cada fase.<\/span><\/p>\n<p><em><strong>Para que isso tudo serve?<\/strong><\/em><\/p>\n<p><span style=\"font-weight: 400\">Bem, para que nossa vida seja facilitada pelos produtos com os quais nos relacionamos em nosso cotidiano, em qualquer atividade, o designer de produtos usa a antropometria, com a preocupa\u00e7\u00e3o de atender ergonomicamente as exig\u00eancias dos v\u00e1rios produtos que desenvolve.<\/span><\/p>\n<p><span style=\"font-weight: 400\">Nessa rela\u00e7\u00e3o com as \u201ccoisas\u201d que usamos \u00e9 que aparecem as dificuldades e as necessidade de atenu\u00e1-las em busca da qualidade de vida, que deve ser cont\u00ednua e n\u00e3o resumida em apenas obter conforto, vai al\u00e9m disso, a fun\u00e7\u00e3o, a seguran\u00e7a no uso, at\u00e9 mesmo a est\u00e9tica entre outras, s\u00e3o tamb\u00e9m alvos dessa busca.<img loading=\"lazy\" decoding=\"async\" class=\"aligncenter size-full wp-image-281\" src=\"https:\/\/maringapost.com.br\/arquitetura\/wp-content\/uploads\/sites\/38\/2022\/01\/pipi.jpg\" alt=\"\" width=\"435\" height=\"435\" srcset=\"https:\/\/maringapost.com.br\/arquitetura\/wp-content\/uploads\/sites\/38\/2022\/01\/pipi.jpg 435w, https:\/\/maringapost.com.br\/arquitetura\/wp-content\/uploads\/sites\/38\/2022\/01\/pipi-300x300.jpg 300w, https:\/\/maringapost.com.br\/arquitetura\/wp-content\/uploads\/sites\/38\/2022\/01\/pipi-150x150.jpg 150w, https:\/\/maringapost.com.br\/arquitetura\/wp-content\/uploads\/sites\/38\/2022\/01\/pipi-420x420.jpg 420w\" sizes=\"(max-width: 435px) 100vw, 435px\" \/><\/span><\/p>\n<p><span style=\"font-weight: 400\">\u00c9 o Design, o bom projetar de todas as \u201ccoisas\u201d que nos cercam, que precisamos.<\/span><\/p>\n<p><span style=\"font-weight: 400\">Como simples usu\u00e1rios temos que aprender a rela\u00e7\u00e3o entre n\u00f3s e esses produtos, e assim, definir melhor aquilo que realmente atende ao momento. Temos que ser \u201cconsumidores\u201d informados, instru\u00eddos e cada vez mais exigentes.<\/span><\/p>\n<p><em><strong>Um exemplo simples e claro<\/strong><\/em><\/p>\n<p><span style=\"font-weight: 400\">J\u00e1 viu algu\u00e9m comprar roupas pela internet e reclamar porque \u201cn\u00e3o ficou legal\u201d ?<\/span><\/p>\n<p><span style=\"font-weight: 400\">\u00c9 claro, comprar roupa fabricada para outro tipo antropom\u00e9trico e ajustar a numera\u00e7\u00e3o apenas, n\u00e3o basta. As cal\u00e7as para os chineses, por exemplo, t\u00eam pernas mais longas e finas e logicamente isso deveria ser considerado na hora de escolher a compra do produto.<\/span><\/p>\n<p><span style=\"font-weight: 400\">At\u00e9 nossa fisiologia interferindo em tomadas de decis\u00e3o para que os produtos atendam melhor a cada caso, n\u00e3o somos todos iguais, certo?<\/span><\/p>\n<p><span style=\"font-weight: 400\">J\u00e1 se pegou sendo chamado \u00e0 aten\u00e7\u00e3o por n\u00e3o baixar a tampa do vaso sanit\u00e1rio, ap\u00f3s o uso?<\/span><\/p>\n<p><span style=\"font-weight: 400\">Pois \u00e9, coisas do dia-a-dia que nos ensinam.<\/span><\/p>\n<p><em><strong>Nem todos s\u00e3o \u201cdestros\u201d !<\/strong><\/em><\/p>\n<p><span style=\"font-weight: 400\">As empresas mais antenadas e que investem em design, tentam atender cada vez mais, um grupo maior de pessoas. Isso aumenta a oferta de variantes de um mesmo produto. Esse esfor\u00e7o n\u00e3o \u00e9 f\u00e1cil e vale a pena conferir seus resultados. Pesquise e divirta-se!<\/span><\/p>\n<p><span style=\"font-weight: 400\">Ent\u00e3o! Tentamos esclarecer a import\u00e2ncia da antropometria, para que busquemos por bons produtos, bons ambientes, e para que entendamos os detalhes de cada pe\u00e7a, de cada m\u00f3vel, de cada utens\u00edlio e do pr\u00f3prio espa\u00e7o criado. Assim escolheremos melhor os produtos adquiridos, tamb\u00e9m usaremos melhor e teremos resultados mais satisfat\u00f3rios.<\/span><\/p>\n<p><span style=\"font-weight: 400\">Alcan\u00e7ar o simples, muitas vezes \u00e9 complexo!<\/span><\/p>\n<p><span style=\"font-weight: 400\">Refer\u00eancias:<\/span><\/p>\n<p><span style=\"font-weight: 400\">. Ergonomia. Projeto e Produ\u00e7\u00e3o. Itiro Iida, Lia Buarque de Macedo Guimar\u00e3es. 2106 \u2013 3\u00aa ed.<\/span><\/p>\n<p>&nbsp;<\/p>\n<p>&nbsp;<\/p>\n<p>&nbsp;<\/p>\n<p>&nbsp;<\/p>\n<p>&nbsp;<\/p>\n<p>&nbsp;<\/p>\n<p>&nbsp;<\/p>\n","protected":false},"excerpt":{"rendered":"<p>Respeito ao corpo &nbsp; Por: Designer|Arquiteto Prof. SIDNEI MADEIRA\u00a0 sidnei.madeira@gmail.com ou instagram.com\/arquitetosidneimadeira\/ Como entender a rela\u00e7\u00e3o dos produtos e o nosso corpo? Podemos dividir esse assunto em diversas partes, mas vamos apenas pensar nas formas e nas fun\u00e7\u00f5es do corpo humano em atividade, ou seja, nosso corpo tem uma forma que atende as fun\u00e7\u00f5es necess\u00e1rias [&hellip;]<\/p>\n","protected":false},"author":12226,"featured_media":285,"comment_status":"closed","ping_status":"open","sticky":false,"template":"","format":"standard","meta":{"_exactmetrics_skip_tracking":false,"_exactmetrics_sitenote_active":false,"_exactmetrics_sitenote_note":"","_exactmetrics_sitenote_category":0,"footnotes":""},"categories":[3,53],"tags":[5,61,54,62],"yoast_head":"<!-- This site is optimized with the Yoast SEO Premium plugin v22.7 (Yoast SEO v22.7) - https:\/\/yoast.com\/wordpress\/plugins\/seo\/ -->\n<title>Como entender a rela\u00e7\u00e3o dos produtos e o nosso corpo?<\/title>\n<meta name=\"description\" content=\"Como usu\u00e1rios-consumidores temos que aprender a rela\u00e7\u00e3o entre n\u00f3s e esses produtos, e assim, definir melhor aquilo que realmente nos atende.\" \/>\n<meta name=\"robots\" content=\"index, follow, max-snippet:-1, max-image-preview:large, max-video-preview:-1\" \/>\n<link rel=\"canonical\" href=\"https:\/\/maringapost.com.br\/arquitetura\/2022\/01\/26\/ergonomia-do-bem-estar-parte-ii\/\" \/>\n<meta property=\"og:locale\" content=\"pt_BR\" \/>\n<meta property=\"og:type\" content=\"article\" \/>\n<meta property=\"og:title\" content=\"Ergonomia do bem-estar, parte II\" \/>\n<meta property=\"og:description\" content=\"Como usu\u00e1rios-consumidores temos que aprender a rela\u00e7\u00e3o entre n\u00f3s e esses produtos, e assim, definir melhor aquilo que realmente nos atende.\" \/>\n<meta property=\"og:url\" content=\"https:\/\/maringapost.com.br\/arquitetura\/2022\/01\/26\/ergonomia-do-bem-estar-parte-ii\/\" \/>\n<meta property=\"og:site_name\" content=\"Arquitetura\" \/>\n<meta property=\"article:published_time\" content=\"2022-01-26T10:12:50+00:00\" \/>\n<meta property=\"article:modified_time\" content=\"2022-01-26T10:25:33+00:00\" \/>\n<meta property=\"og:image\" content=\"https:\/\/maringapost.com.br\/arquitetura\/wp-content\/uploads\/sites\/38\/2022\/01\/homemvrtruvianodavincicapa.jpg\" \/>\n\t<meta property=\"og:image:width\" content=\"1100\" \/>\n\t<meta property=\"og:image:height\" content=\"886\" \/>\n\t<meta property=\"og:image:type\" content=\"image\/jpeg\" \/>\n<meta name=\"author\" content=\"Reda\u00e7\u00e3o\" \/>\n<meta name=\"twitter:card\" content=\"summary_large_image\" \/>\n<meta name=\"twitter:label1\" content=\"Escrito por\" \/>\n\t<meta name=\"twitter:data1\" content=\"\" \/>\n\t<meta name=\"twitter:label2\" content=\"Est. tempo de leitura\" \/>\n\t<meta name=\"twitter:data2\" content=\"4 minutos\" \/>\n<script type=\"application\/ld+json\" class=\"yoast-schema-graph\">{\"@context\":\"https:\/\/schema.org\",\"@graph\":[{\"@type\":\"WebPage\",\"@id\":\"https:\/\/maringapost.com.br\/arquitetura\/2022\/01\/26\/ergonomia-do-bem-estar-parte-ii\/\",\"url\":\"https:\/\/maringapost.com.br\/arquitetura\/2022\/01\/26\/ergonomia-do-bem-estar-parte-ii\/\",\"name\":\"Como entender a rela\u00e7\u00e3o dos produtos e o nosso corpo?\",\"isPartOf\":{\"@id\":\"https:\/\/maringapost.com.br\/arquitetura\/#website\"},\"primaryImageOfPage\":{\"@id\":\"https:\/\/maringapost.com.br\/arquitetura\/2022\/01\/26\/ergonomia-do-bem-estar-parte-ii\/#primaryimage\"},\"image\":{\"@id\":\"https:\/\/maringapost.com.br\/arquitetura\/2022\/01\/26\/ergonomia-do-bem-estar-parte-ii\/#primaryimage\"},\"thumbnailUrl\":\"https:\/\/maringapost.com.br\/arquitetura\/wp-content\/uploads\/sites\/38\/2022\/01\/homemvrtruvianodavincicapa.jpg\",\"datePublished\":\"2022-01-26T10:12:50+00:00\",\"dateModified\":\"2022-01-26T10:25:33+00:00\",\"author\":{\"@id\":\"https:\/\/maringapost.com.br\/arquitetura\/#\/schema\/person\/04f7ca326571fd6a271cbc94b3349803\"},\"description\":\"Como usu\u00e1rios-consumidores temos que aprender a rela\u00e7\u00e3o entre n\u00f3s e esses produtos, e assim, definir melhor aquilo que realmente nos atende.\",\"breadcrumb\":{\"@id\":\"https:\/\/maringapost.com.br\/arquitetura\/2022\/01\/26\/ergonomia-do-bem-estar-parte-ii\/#breadcrumb\"},\"inLanguage\":\"pt-BR\",\"potentialAction\":[{\"@type\":\"ReadAction\",\"target\":[\"https:\/\/maringapost.com.br\/arquitetura\/2022\/01\/26\/ergonomia-do-bem-estar-parte-ii\/\"]}]},{\"@type\":\"ImageObject\",\"inLanguage\":\"pt-BR\",\"@id\":\"https:\/\/maringapost.com.br\/arquitetura\/2022\/01\/26\/ergonomia-do-bem-estar-parte-ii\/#primaryimage\",\"url\":\"https:\/\/maringapost.com.br\/arquitetura\/wp-content\/uploads\/sites\/38\/2022\/01\/homemvrtruvianodavincicapa.jpg\",\"contentUrl\":\"https:\/\/maringapost.com.br\/arquitetura\/wp-content\/uploads\/sites\/38\/2022\/01\/homemvrtruvianodavincicapa.jpg\",\"width\":1100,\"height\":886},{\"@type\":\"BreadcrumbList\",\"@id\":\"https:\/\/maringapost.com.br\/arquitetura\/2022\/01\/26\/ergonomia-do-bem-estar-parte-ii\/#breadcrumb\",\"itemListElement\":[{\"@type\":\"ListItem\",\"position\":1,\"name\":\"In\u00edcio\",\"item\":\"https:\/\/maringapost.com.br\/arquitetura\/\"},{\"@type\":\"ListItem\",\"position\":2,\"name\":\"Ergonomia do bem-estar, parte II\"}]},{\"@type\":\"WebSite\",\"@id\":\"https:\/\/maringapost.com.br\/arquitetura\/#website\",\"url\":\"https:\/\/maringapost.com.br\/arquitetura\/\",\"name\":\"Arquitetura\",\"description\":\"\",\"potentialAction\":[{\"@type\":\"SearchAction\",\"target\":{\"@type\":\"EntryPoint\",\"urlTemplate\":\"https:\/\/maringapost.com.br\/arquitetura\/?s={search_term_string}\"},\"query-input\":\"required name=search_term_string\"}],\"inLanguage\":\"pt-BR\"},{\"@type\":\"Person\",\"@id\":\"https:\/\/maringapost.com.br\/arquitetura\/#\/schema\/person\/04f7ca326571fd6a271cbc94b3349803\",\"name\":\"Reda\u00e7\u00e3o\",\"image\":{\"@type\":\"ImageObject\",\"inLanguage\":\"pt-BR\",\"@id\":\"https:\/\/maringapost.com.br\/arquitetura\/#\/schema\/person\/image\/\",\"url\":\"https:\/\/secure.gravatar.com\/avatar\/7a388898535e5f37ea137827dc50ae61?s=96&d=mm&r=g\",\"contentUrl\":\"https:\/\/secure.gravatar.com\/avatar\/7a388898535e5f37ea137827dc50ae61?s=96&d=mm&r=g\",\"caption\":\"Reda\u00e7\u00e3o\"},\"url\":\"https:\/\/maringapost.com.br\/arquitetura\/author\/adrianalima\/\"}]}<\/script>\n<!-- \/ Yoast SEO Premium plugin. -->","yoast_head_json":{"title":"Como entender a rela\u00e7\u00e3o dos produtos e o nosso corpo?","description":"Como usu\u00e1rios-consumidores temos que aprender a rela\u00e7\u00e3o entre n\u00f3s e esses produtos, e assim, definir melhor aquilo que realmente nos atende.","robots":{"index":"index","follow":"follow","max-snippet":"max-snippet:-1","max-image-preview":"max-image-preview:large","max-video-preview":"max-video-preview:-1"},"canonical":"https:\/\/maringapost.com.br\/arquitetura\/2022\/01\/26\/ergonomia-do-bem-estar-parte-ii\/","og_locale":"pt_BR","og_type":"article","og_title":"Ergonomia do bem-estar, parte II","og_description":"Como usu\u00e1rios-consumidores temos que aprender a rela\u00e7\u00e3o entre n\u00f3s e esses produtos, e assim, definir melhor aquilo que realmente nos atende.","og_url":"https:\/\/maringapost.com.br\/arquitetura\/2022\/01\/26\/ergonomia-do-bem-estar-parte-ii\/","og_site_name":"Arquitetura","article_published_time":"2022-01-26T10:12:50+00:00","article_modified_time":"2022-01-26T10:25:33+00:00","og_image":[{"width":1100,"height":886,"url":"https:\/\/maringapost.com.br\/arquitetura\/wp-content\/uploads\/sites\/38\/2022\/01\/homemvrtruvianodavincicapa.jpg","type":"image\/jpeg"}],"author":"Reda\u00e7\u00e3o","twitter_card":"summary_large_image","twitter_misc":{"Escrito por":false,"Est. tempo de leitura":"4 minutos"},"schema":{"@context":"https:\/\/schema.org","@graph":[{"@type":"WebPage","@id":"https:\/\/maringapost.com.br\/arquitetura\/2022\/01\/26\/ergonomia-do-bem-estar-parte-ii\/","url":"https:\/\/maringapost.com.br\/arquitetura\/2022\/01\/26\/ergonomia-do-bem-estar-parte-ii\/","name":"Como entender a rela\u00e7\u00e3o dos produtos e o nosso corpo?","isPartOf":{"@id":"https:\/\/maringapost.com.br\/arquitetura\/#website"},"primaryImageOfPage":{"@id":"https:\/\/maringapost.com.br\/arquitetura\/2022\/01\/26\/ergonomia-do-bem-estar-parte-ii\/#primaryimage"},"image":{"@id":"https:\/\/maringapost.com.br\/arquitetura\/2022\/01\/26\/ergonomia-do-bem-estar-parte-ii\/#primaryimage"},"thumbnailUrl":"https:\/\/maringapost.com.br\/arquitetura\/wp-content\/uploads\/sites\/38\/2022\/01\/homemvrtruvianodavincicapa.jpg","datePublished":"2022-01-26T10:12:50+00:00","dateModified":"2022-01-26T10:25:33+00:00","author":{"@id":"https:\/\/maringapost.com.br\/arquitetura\/#\/schema\/person\/04f7ca326571fd6a271cbc94b3349803"},"description":"Como usu\u00e1rios-consumidores temos que aprender a rela\u00e7\u00e3o entre n\u00f3s e esses produtos, e assim, definir melhor aquilo que realmente nos atende.","breadcrumb":{"@id":"https:\/\/maringapost.com.br\/arquitetura\/2022\/01\/26\/ergonomia-do-bem-estar-parte-ii\/#breadcrumb"},"inLanguage":"pt-BR","potentialAction":[{"@type":"ReadAction","target":["https:\/\/maringapost.com.br\/arquitetura\/2022\/01\/26\/ergonomia-do-bem-estar-parte-ii\/"]}]},{"@type":"ImageObject","inLanguage":"pt-BR","@id":"https:\/\/maringapost.com.br\/arquitetura\/2022\/01\/26\/ergonomia-do-bem-estar-parte-ii\/#primaryimage","url":"https:\/\/maringapost.com.br\/arquitetura\/wp-content\/uploads\/sites\/38\/2022\/01\/homemvrtruvianodavincicapa.jpg","contentUrl":"https:\/\/maringapost.com.br\/arquitetura\/wp-content\/uploads\/sites\/38\/2022\/01\/homemvrtruvianodavincicapa.jpg","width":1100,"height":886},{"@type":"BreadcrumbList","@id":"https:\/\/maringapost.com.br\/arquitetura\/2022\/01\/26\/ergonomia-do-bem-estar-parte-ii\/#breadcrumb","itemListElement":[{"@type":"ListItem","position":1,"name":"In\u00edcio","item":"https:\/\/maringapost.com.br\/arquitetura\/"},{"@type":"ListItem","position":2,"name":"Ergonomia do bem-estar, parte II"}]},{"@type":"WebSite","@id":"https:\/\/maringapost.com.br\/arquitetura\/#website","url":"https:\/\/maringapost.com.br\/arquitetura\/","name":"Arquitetura","description":"","potentialAction":[{"@type":"SearchAction","target":{"@type":"EntryPoint","urlTemplate":"https:\/\/maringapost.com.br\/arquitetura\/?s={search_term_string}"},"query-input":"required name=search_term_string"}],"inLanguage":"pt-BR"},{"@type":"Person","@id":"https:\/\/maringapost.com.br\/arquitetura\/#\/schema\/person\/04f7ca326571fd6a271cbc94b3349803","name":"Reda\u00e7\u00e3o","image":{"@type":"ImageObject","inLanguage":"pt-BR","@id":"https:\/\/maringapost.com.br\/arquitetura\/#\/schema\/person\/image\/","url":"https:\/\/secure.gravatar.com\/avatar\/7a388898535e5f37ea137827dc50ae61?s=96&d=mm&r=g","contentUrl":"https:\/\/secure.gravatar.com\/avatar\/7a388898535e5f37ea137827dc50ae61?s=96&d=mm&r=g","caption":"Reda\u00e7\u00e3o"},"url":"https:\/\/maringapost.com.br\/arquitetura\/author\/adrianalima\/"}]}},"_links":{"self":[{"href":"https:\/\/maringapost.com.br\/arquitetura\/wp-json\/wp\/v2\/posts\/279"}],"collection":[{"href":"https:\/\/maringapost.com.br\/arquitetura\/wp-json\/wp\/v2\/posts"}],"about":[{"href":"https:\/\/maringapost.com.br\/arquitetura\/wp-json\/wp\/v2\/types\/post"}],"author":[{"embeddable":true,"href":"https:\/\/maringapost.com.br\/arquitetura\/wp-json\/wp\/v2\/users\/12226"}],"replies":[{"embeddable":true,"href":"https:\/\/maringapost.com.br\/arquitetura\/wp-json\/wp\/v2\/comments?post=279"}],"version-history":[{"count":4,"href":"https:\/\/maringapost.com.br\/arquitetura\/wp-json\/wp\/v2\/posts\/279\/revisions"}],"predecessor-version":[{"id":287,"href":"https:\/\/maringapost.com.br\/arquitetura\/wp-json\/wp\/v2\/posts\/279\/revisions\/287"}],"wp:featuredmedia":[{"embeddable":true,"href":"https:\/\/maringapost.com.br\/arquitetura\/wp-json\/wp\/v2\/media\/285"}],"wp:attachment":[{"href":"https:\/\/maringapost.com.br\/arquitetura\/wp-json\/wp\/v2\/media?parent=279"}],"wp:term":[{"taxonomy":"category","embeddable":true,"href":"https:\/\/maringapost.com.br\/arquitetura\/wp-json\/wp\/v2\/categories?post=279"},{"taxonomy":"post_tag","embeddable":true,"href":"https:\/\/maringapost.com.br\/arquitetura\/wp-json\/wp\/v2\/tags?post=279"}],"curies":[{"name":"wp","href":"https:\/\/api.w.org\/{rel}","templated":true}]}}