{"id":261,"date":"2021-11-26T06:10:52","date_gmt":"2021-11-26T09:10:52","guid":{"rendered":"https:\/\/maringapost.com.br\/arquitetura\/?p=261"},"modified":"2021-12-01T17:41:36","modified_gmt":"2021-12-01T20:41:36","slug":"ilustracao-arquitetonica","status":"publish","type":"post","link":"https:\/\/maringapost.com.br\/arquitetura\/2021\/11\/26\/ilustracao-arquitetonica\/","title":{"rendered":"Ilustra\u00e7\u00e3o na Arquitetura"},"content":{"rendered":"<p>&nbsp;<\/p>\n<p><strong><i>Por Thais Conchon<\/i><\/strong><\/p>\n<p><span style=\"font-weight: 400\">A Ilustra\u00e7\u00e3o Arquitet\u00f4nica \u00e9 a forma de representar a Arquitetura com imagens. Segundo o arquiteto e ilustrador Hector Lopez \u201cIlustra\u00e7\u00e3o Arquitet\u00f4nica \u00e9 a representa\u00e7\u00e3o visual de um objeto que pode ser t\u00e3o pequeno quanto um detalhe construtivo ou t\u00e3o grande quanto um edif\u00edcio completo ou um bloco de edif\u00edcios.\u201d E inclu\u00edmos aqui tamb\u00e9m a Ilustra\u00e7\u00e3o da Paisagem Urbana.\u00a0<\/span><\/p>\n<figure id=\"attachment_263\" aria-describedby=\"caption-attachment-263\" style=\"width: 512px\" class=\"wp-caption aligncenter\"><img loading=\"lazy\" decoding=\"async\" class=\"wp-image-263 size-full\" src=\"https:\/\/maringapost.com.br\/arquitetura\/wp-content\/uploads\/sites\/38\/2021\/11\/cidade-antiga.jpg\" alt=\"\" width=\"512\" height=\"414\" srcset=\"https:\/\/maringapost.com.br\/arquitetura\/wp-content\/uploads\/sites\/38\/2021\/11\/cidade-antiga.jpg 512w, https:\/\/maringapost.com.br\/arquitetura\/wp-content\/uploads\/sites\/38\/2021\/11\/cidade-antiga-300x243.jpg 300w\" sizes=\"(max-width: 512px) 100vw, 512px\" \/><figcaption id=\"caption-attachment-263\" class=\"wp-caption-text\">Pezo Von Ellrichshausen<\/figcaption><\/figure>\n<p><span style=\"font-weight: 400\">Podemos dizer, de forma bem simples, que a Arquitetura surgiu da necessidade b\u00e1sica do ser humano de se abrigar dos elementos da natureza \u2013 sol, chuva, ventos&#8230; &#8211; ou seja, como um meio de sobreviv\u00eancia. Hoje, a Arquitetura vai al\u00e9m disso, se comportando tamb\u00e9m como um retrato dos valores culturais de uma sociedade. \u00c9 assim em todo o mundo. Desta forma, tanto o papel da Arquitetura na sociedade como o resultado concreto em forma de projetos executados evoluem de maneira paralela \u00e0 hist\u00f3ria da pr\u00f3pria natureza humana, seus anseios e necessidades.\u00a0<\/span><\/p>\n<figure id=\"attachment_264\" aria-describedby=\"caption-attachment-264\" style=\"width: 512px\" class=\"wp-caption aligncenter\"><img loading=\"lazy\" decoding=\"async\" class=\"size-full wp-image-264\" src=\"https:\/\/maringapost.com.br\/arquitetura\/wp-content\/uploads\/sites\/38\/2021\/11\/vila.jpg\" alt=\"\" width=\"512\" height=\"309\" srcset=\"https:\/\/maringapost.com.br\/arquitetura\/wp-content\/uploads\/sites\/38\/2021\/11\/vila.jpg 512w, https:\/\/maringapost.com.br\/arquitetura\/wp-content\/uploads\/sites\/38\/2021\/11\/vila-300x181.jpg 300w\" sizes=\"(max-width: 512px) 100vw, 512px\" \/><figcaption id=\"caption-attachment-264\" class=\"wp-caption-text\">Luigi Roselli<\/figcaption><\/figure>\n<p><span style=\"font-weight: 400\">De igual maneira os m\u00e9todos e ferramentas para ilustrar a arquitetura tamb\u00e9m mudam e evoluem. No passado os arquitetos e ilustradores contavam basicamente com l\u00e1pis e papel, nanquim, aquarelas e pouco mais. Hoje na hora de apresentar ao cliente ou a um p\u00fablico n\u00e3o especializado uma visualiza\u00e7\u00e3o da arquitetura ainda n\u00e3o constru\u00edda, podem contar com softwares de modelagem tridimensional e outros programas de computador que geram renderiza\u00e7\u00f5es est\u00e1ticas, anima\u00e7\u00e3o em 3D, passeios virtuais e etc. <img loading=\"lazy\" decoding=\"async\" class=\"aligncenter size-full wp-image-272\" src=\"https:\/\/maringapost.com.br\/arquitetura\/wp-content\/uploads\/sites\/38\/2021\/11\/arquitetura.jpg\" alt=\"\" width=\"723\" height=\"429\" srcset=\"https:\/\/maringapost.com.br\/arquitetura\/wp-content\/uploads\/sites\/38\/2021\/11\/arquitetura.jpg 723w, https:\/\/maringapost.com.br\/arquitetura\/wp-content\/uploads\/sites\/38\/2021\/11\/arquitetura-300x178.jpg 300w, https:\/\/maringapost.com.br\/arquitetura\/wp-content\/uploads\/sites\/38\/2021\/11\/arquitetura-696x413.jpg 696w, https:\/\/maringapost.com.br\/arquitetura\/wp-content\/uploads\/sites\/38\/2021\/11\/arquitetura-708x420.jpg 708w\" sizes=\"(max-width: 723px) 100vw, 723px\" \/><\/span><\/p>\n<p><span style=\"font-weight: 400\">Mas e o desenho a m\u00e3o livre? Bom, o desenho continua sendo para a maioria dos arquitetos a ferramenta primaria para o processo criativo, mas n\u00e3o s\u00f3 isso. Os croquis, r\u00e1pidos e expressivos n\u00e3o apenas transmitem a ideia b\u00e1sica da composi\u00e7\u00e3o, como tamb\u00e9m deixam transparecer o tra\u00e7o de quem os produziu, fazem parte da identidade do profissional e constituem tamb\u00e9m uma forma de express\u00e3o art\u00edstica.\u00a0 Afinal, como afirma John Berger: \u201cToda imagem incorpora uma forma de ver\u201d. Ainda mais sendo tra\u00e7ada do pr\u00f3prio punho de quem a idealizou.\u00a0<\/span><\/p>\n<figure id=\"attachment_265\" aria-describedby=\"caption-attachment-265\" style=\"width: 512px\" class=\"wp-caption aligncenter\"><img loading=\"lazy\" decoding=\"async\" class=\"size-full wp-image-265\" src=\"https:\/\/maringapost.com.br\/arquitetura\/wp-content\/uploads\/sites\/38\/2021\/11\/palacio-alvorada.jpg\" alt=\"\" width=\"512\" height=\"340\" srcset=\"https:\/\/maringapost.com.br\/arquitetura\/wp-content\/uploads\/sites\/38\/2021\/11\/palacio-alvorada.jpg 512w, https:\/\/maringapost.com.br\/arquitetura\/wp-content\/uploads\/sites\/38\/2021\/11\/palacio-alvorada-300x199.jpg 300w\" sizes=\"(max-width: 512px) 100vw, 512px\" \/><figcaption id=\"caption-attachment-265\" class=\"wp-caption-text\">Oscar Niemeyer<\/figcaption><\/figure>\n<p>&nbsp;<\/p>\n<p><span style=\"font-weight: 400\">O desenho \u00e0 m\u00e3o e a ilustra\u00e7\u00e3o tradicional s\u00e3o potentes formas de express\u00e3o e comunica\u00e7\u00e3o que extrapolam a mera representa\u00e7\u00e3o do objeto retratado, e acabam por plasmar no papel (atrav\u00e9s da inten\u00e7\u00e3o do tra\u00e7o, das linhas, das texturas; do uso das cores com a aquarela, com os l\u00e1pis, com os marcadores&#8230;) a impress\u00e3o digital do arquiteto ou do ilustrador. N\u00e3o por acaso, o desenho da Arquitetura feito \u00e0 m\u00e3o livre ainda desperta tanto interesse.\u00a0\u00a0<\/span><\/p>\n<p><img loading=\"lazy\" decoding=\"async\" class=\"aligncenter size-full wp-image-266\" src=\"https:\/\/maringapost.com.br\/arquitetura\/wp-content\/uploads\/sites\/38\/2021\/11\/single-handedly.jpg\" alt=\"\" width=\"402\" height=\"500\" srcset=\"https:\/\/maringapost.com.br\/arquitetura\/wp-content\/uploads\/sites\/38\/2021\/11\/single-handedly.jpg 402w, https:\/\/maringapost.com.br\/arquitetura\/wp-content\/uploads\/sites\/38\/2021\/11\/single-handedly-241x300.jpg 241w, https:\/\/maringapost.com.br\/arquitetura\/wp-content\/uploads\/sites\/38\/2021\/11\/single-handedly-338x420.jpg 338w\" sizes=\"(max-width: 402px) 100vw, 402px\" \/><\/p>\n<p><span style=\"font-weight: 400\">Prova disso \u00e9 a quantidade consider\u00e1vel de publica\u00e7\u00f5es que tratam dos arquivos pessoais de arquitetos e ilustradores da \u00e1rea de arquitetura. Um livro que se destaca neste \u00e2mbito \u00e9 a compila\u00e7\u00e3o de 220 desenhos e ilustra\u00e7\u00f5es \u00e0 m\u00e3o livre de arquitetos contempor\u00e2neos de todo o mundo: <\/span><b><i>Single-Handedly: Contemporary Architects Draw by Hand<\/i><\/b><span style=\"font-weight: 400\">, de Nalina Moses, arquiteta e escritora de Nova York. O livro retrata uma grande variedade de t\u00e9cnicas, estilos e maneiras de ver por meio de desenhos de espa\u00e7os e constru\u00e7\u00f5es e cada um se destaca como uma obra de arte.\u00a0<\/span><\/p>\n<p><span style=\"font-weight: 400\">Se, como eu, voc\u00ea \u00e9 apaixonado por estas duas Artes vale a pena dar uma olhada nessas dicas de livros e arquitetos ilustradores aqui embaixo!\u00a0<\/span><\/p>\n<p><span style=\"font-weight: 400\">Outros livros para folhear:\u00a0\u00a0<\/span><\/p>\n<p><a href=\"https:\/\/www.amazon.com.br\/Sketch-Book-Francesc-Zamora-Mola\/dp\/8492463422\/ref=asc_df_8492463422\/?tag=googleshopp00-20&amp;linkCode=df0&amp;hvadid=379733479189&amp;hvpos=&amp;hvnetw=g&amp;hvrand=9204511835148331433&amp;hvpone=&amp;hvptwo=&amp;hvqmt=&amp;hvdev=c&amp;hvdvcmdl=&amp;hvlocint=&amp;hvlocphy=1031523&amp;hvtargid=pla-913779204943&amp;psc=1\"><span style=\"font-weight: 400\">Sketch Book-Francesc Zamora<\/span><\/a><\/p>\n<p><span style=\"font-weight: 400\">Lina Bo Bardi-Drawings &#8211; Zeuler Lima<\/span><\/p>\n<p><span style=\"font-weight: 400\">Arquitetos\/ ilustradores para conhecer:<\/span><\/p>\n<p><a href=\"https:\/\/federicobabina.com\/\"><span style=\"font-weight: 400\">https:\/\/federicobabina.com\/<\/span><\/a><\/p>\n<p><a href=\"http:\/\/bonamaison.com\/bonamaison\/pt\/news\/arte-e-arquitetura-ode-a-oscar-por-petterson-dantas\/\"><span style=\"font-weight: 400\">http:\/\/bonamaison.com\/bonamaison\/pt\/news\/arte-e-arquitetura-ode-a-oscar-por-petterson-dantas\/<\/span><\/a><\/p>\n<p><a href=\"https:\/\/www.archdaily.com.br\/br\/778014\/archiposters-posters-minimalistas-de-arquitetura\/565baf03e58eceb25f0003f0-archiposters-posters-minimalistas-de-arquitetura-foto\"><span style=\"font-weight: 400\">https:\/\/www.archdaily.com.br\/br\/778014\/archiposters-posters-minimalistas-de-arquitetura\/565baf03e58eceb25f0003f0-archiposters-posters-minimalistas-de-arquitetura-foto<\/span><\/a><\/p>\n<p><a href=\"https:\/\/cargocollective.com\/andrechioteillustration\"><span style=\"font-weight: 400\">https:\/\/cargocollective.com\/andrechioteillustration<\/span><\/a><\/p>\n<p><span style=\"font-weight: 400\">Thais Conchon, arquiteta por forma\u00e7\u00e3o e ilustradora por paix\u00e3o. M\u00e3e de duas princesas que nasceram na Espanha durante os 13 anos que moramos, vivemos, estudamos (foi l\u00e1 que despertou a paix\u00e3o pela ilustra\u00e7\u00e3o e onde cursei Ilustra\u00e7\u00e3o Editorial), aprendemos, viajamos, crescemos! E continuamos, agora de volta \u00e0 terrinha. Se eu ainda projeto? Uma coisinha ou outra, porque como diz a ilustradora infantil e tamb\u00e9m arquiteta Eva Furnari: \u201cSe eu constru\u00edsse uma casa, ela voaria.\u201d<\/span><\/p>\n<p><span style=\"font-weight: 400\"> \u00a0 <img loading=\"lazy\" decoding=\"async\" class=\"wp-image-267 alignleft\" src=\"https:\/\/maringapost.com.br\/arquitetura\/wp-content\/uploads\/sites\/38\/2021\/11\/whats.jpg\" alt=\"\" width=\"36\" height=\"36\" \/>(44) 9 9638 0000<br \/>\n<\/span><\/p>\n<p><span style=\"font-weight: 400\"><img loading=\"lazy\" decoding=\"async\" class=\"wp-image-268 alignleft\" src=\"https:\/\/maringapost.com.br\/arquitetura\/wp-content\/uploads\/sites\/38\/2021\/11\/instagram.jpg\" alt=\"\" width=\"36\" height=\"38\" \/><a href=\"https:\/\/www.instagram.com\/thaconchon\/?hl=pt\">@thaconchon<\/a><\/span><\/p>\n<p>&nbsp;<\/p>\n<p><a href=\"mailto:Thaconchon@gmail.com\"><span style=\"font-weight: 400\">Thaconchon@gmail.com<\/span><\/a><\/p>\n<p>&nbsp;<\/p>\n<p><span style=\"font-weight: 400\">Referencias:<\/span><\/p>\n<p><a href=\"https:\/\/www.archdaily.com\/896643\/100-architectural-sketches?ad_source=search&amp;ad_medium=search_result_articles\"><span style=\"font-weight: 400\">https:\/\/www.archdaily.com\/896643\/100-architectural-sketches?ad_source=search&amp;ad_medium=search_result_articles<\/span><\/a><\/p>\n<p><a href=\"https:\/\/www.archdaily.com\/916257\/single-handedly-contemporary-architects-draw-by-hand\"><span style=\"font-weight: 400\">https:\/\/www.archdaily.com\/916257\/single-handedly-contemporary-architects-draw-by-hand<\/span><\/a><\/p>\n<p>&nbsp;<\/p>\n","protected":false},"excerpt":{"rendered":"<p>&nbsp; Por Thais Conchon A Ilustra\u00e7\u00e3o Arquitet\u00f4nica \u00e9 a forma de representar a Arquitetura com imagens. Segundo o arquiteto e ilustrador Hector Lopez \u201cIlustra\u00e7\u00e3o Arquitet\u00f4nica \u00e9 a representa\u00e7\u00e3o visual de um objeto que pode ser t\u00e3o pequeno quanto um detalhe construtivo ou t\u00e3o grande quanto um edif\u00edcio completo ou um bloco de edif\u00edcios.\u201d E inclu\u00edmos [&hellip;]<\/p>\n","protected":false},"author":12226,"featured_media":262,"comment_status":"closed","ping_status":"open","sticky":false,"template":"","format":"standard","meta":{"_exactmetrics_skip_tracking":false,"_exactmetrics_sitenote_active":false,"_exactmetrics_sitenote_note":"","_exactmetrics_sitenote_category":0,"footnotes":""},"categories":[3],"tags":[60,58,59],"yoast_head":"<!-- This site is optimized with the Yoast SEO Premium plugin v22.7 (Yoast SEO v22.7) - https:\/\/yoast.com\/wordpress\/plugins\/seo\/ -->\n<title>Ilustra\u00e7\u00e3o na Arquitetura<\/title>\n<meta name=\"description\" content=\"A Ilustra\u00e7\u00e3o Arquitet\u00f4nica \u00e9 a Arquitetura com imagens. A representa\u00e7\u00e3o visual de um objeto desde um detalhe construtivo at\u00e9 um edif\u00edcio\" \/>\n<meta name=\"robots\" content=\"index, follow, max-snippet:-1, max-image-preview:large, max-video-preview:-1\" \/>\n<link rel=\"canonical\" href=\"https:\/\/maringapost.com.br\/arquitetura\/2021\/11\/26\/ilustracao-arquitetonica\/\" \/>\n<meta property=\"og:locale\" content=\"pt_BR\" \/>\n<meta property=\"og:type\" content=\"article\" \/>\n<meta property=\"og:title\" content=\"Ilustra\u00e7\u00e3o na Arquitetura\" \/>\n<meta property=\"og:description\" content=\"A Ilustra\u00e7\u00e3o Arquitet\u00f4nica \u00e9 a Arquitetura com imagens. A representa\u00e7\u00e3o visual de um objeto desde um detalhe construtivo at\u00e9 um edif\u00edcio\" \/>\n<meta property=\"og:url\" content=\"https:\/\/maringapost.com.br\/arquitetura\/2021\/11\/26\/ilustracao-arquitetonica\/\" \/>\n<meta property=\"og:site_name\" content=\"Arquitetura\" \/>\n<meta property=\"article:published_time\" content=\"2021-11-26T09:10:52+00:00\" \/>\n<meta property=\"article:modified_time\" content=\"2021-12-01T20:41:36+00:00\" \/>\n<meta property=\"og:image\" content=\"https:\/\/maringapost.com.br\/arquitetura\/wp-content\/uploads\/sites\/38\/2021\/11\/capa-arquitetura.jpg\" \/>\n\t<meta property=\"og:image:width\" content=\"512\" \/>\n\t<meta property=\"og:image:height\" content=\"213\" \/>\n\t<meta property=\"og:image:type\" content=\"image\/jpeg\" \/>\n<meta name=\"author\" content=\"Reda\u00e7\u00e3o\" \/>\n<meta name=\"twitter:card\" content=\"summary_large_image\" \/>\n<meta name=\"twitter:label1\" content=\"Escrito por\" \/>\n\t<meta name=\"twitter:data1\" content=\"\" \/>\n\t<meta name=\"twitter:label2\" content=\"Est. tempo de leitura\" \/>\n\t<meta name=\"twitter:data2\" content=\"5 minutos\" \/>\n<script type=\"application\/ld+json\" class=\"yoast-schema-graph\">{\"@context\":\"https:\/\/schema.org\",\"@graph\":[{\"@type\":\"WebPage\",\"@id\":\"https:\/\/maringapost.com.br\/arquitetura\/2021\/11\/26\/ilustracao-arquitetonica\/\",\"url\":\"https:\/\/maringapost.com.br\/arquitetura\/2021\/11\/26\/ilustracao-arquitetonica\/\",\"name\":\"Ilustra\u00e7\u00e3o na Arquitetura\",\"isPartOf\":{\"@id\":\"https:\/\/maringapost.com.br\/arquitetura\/#website\"},\"primaryImageOfPage\":{\"@id\":\"https:\/\/maringapost.com.br\/arquitetura\/2021\/11\/26\/ilustracao-arquitetonica\/#primaryimage\"},\"image\":{\"@id\":\"https:\/\/maringapost.com.br\/arquitetura\/2021\/11\/26\/ilustracao-arquitetonica\/#primaryimage\"},\"thumbnailUrl\":\"https:\/\/maringapost.com.br\/arquitetura\/wp-content\/uploads\/sites\/38\/2021\/11\/capa-arquitetura.jpg\",\"datePublished\":\"2021-11-26T09:10:52+00:00\",\"dateModified\":\"2021-12-01T20:41:36+00:00\",\"author\":{\"@id\":\"https:\/\/maringapost.com.br\/arquitetura\/#\/schema\/person\/04f7ca326571fd6a271cbc94b3349803\"},\"description\":\"A Ilustra\u00e7\u00e3o Arquitet\u00f4nica \u00e9 a Arquitetura com imagens. A representa\u00e7\u00e3o visual de um objeto desde um detalhe construtivo at\u00e9 um edif\u00edcio\",\"breadcrumb\":{\"@id\":\"https:\/\/maringapost.com.br\/arquitetura\/2021\/11\/26\/ilustracao-arquitetonica\/#breadcrumb\"},\"inLanguage\":\"pt-BR\",\"potentialAction\":[{\"@type\":\"ReadAction\",\"target\":[\"https:\/\/maringapost.com.br\/arquitetura\/2021\/11\/26\/ilustracao-arquitetonica\/\"]}]},{\"@type\":\"ImageObject\",\"inLanguage\":\"pt-BR\",\"@id\":\"https:\/\/maringapost.com.br\/arquitetura\/2021\/11\/26\/ilustracao-arquitetonica\/#primaryimage\",\"url\":\"https:\/\/maringapost.com.br\/arquitetura\/wp-content\/uploads\/sites\/38\/2021\/11\/capa-arquitetura.jpg\",\"contentUrl\":\"https:\/\/maringapost.com.br\/arquitetura\/wp-content\/uploads\/sites\/38\/2021\/11\/capa-arquitetura.jpg\",\"width\":512,\"height\":213,\"caption\":\"Thais Conchon\"},{\"@type\":\"BreadcrumbList\",\"@id\":\"https:\/\/maringapost.com.br\/arquitetura\/2021\/11\/26\/ilustracao-arquitetonica\/#breadcrumb\",\"itemListElement\":[{\"@type\":\"ListItem\",\"position\":1,\"name\":\"In\u00edcio\",\"item\":\"https:\/\/maringapost.com.br\/arquitetura\/\"},{\"@type\":\"ListItem\",\"position\":2,\"name\":\"Ilustra\u00e7\u00e3o na Arquitetura\"}]},{\"@type\":\"WebSite\",\"@id\":\"https:\/\/maringapost.com.br\/arquitetura\/#website\",\"url\":\"https:\/\/maringapost.com.br\/arquitetura\/\",\"name\":\"Arquitetura\",\"description\":\"\",\"potentialAction\":[{\"@type\":\"SearchAction\",\"target\":{\"@type\":\"EntryPoint\",\"urlTemplate\":\"https:\/\/maringapost.com.br\/arquitetura\/?s={search_term_string}\"},\"query-input\":\"required name=search_term_string\"}],\"inLanguage\":\"pt-BR\"},{\"@type\":\"Person\",\"@id\":\"https:\/\/maringapost.com.br\/arquitetura\/#\/schema\/person\/04f7ca326571fd6a271cbc94b3349803\",\"name\":\"Reda\u00e7\u00e3o\",\"image\":{\"@type\":\"ImageObject\",\"inLanguage\":\"pt-BR\",\"@id\":\"https:\/\/maringapost.com.br\/arquitetura\/#\/schema\/person\/image\/\",\"url\":\"https:\/\/secure.gravatar.com\/avatar\/7a388898535e5f37ea137827dc50ae61?s=96&d=mm&r=g\",\"contentUrl\":\"https:\/\/secure.gravatar.com\/avatar\/7a388898535e5f37ea137827dc50ae61?s=96&d=mm&r=g\",\"caption\":\"Reda\u00e7\u00e3o\"},\"url\":\"https:\/\/maringapost.com.br\/arquitetura\/author\/adrianalima\/\"}]}<\/script>\n<!-- \/ Yoast SEO Premium plugin. -->","yoast_head_json":{"title":"Ilustra\u00e7\u00e3o na Arquitetura","description":"A Ilustra\u00e7\u00e3o Arquitet\u00f4nica \u00e9 a Arquitetura com imagens. A representa\u00e7\u00e3o visual de um objeto desde um detalhe construtivo at\u00e9 um edif\u00edcio","robots":{"index":"index","follow":"follow","max-snippet":"max-snippet:-1","max-image-preview":"max-image-preview:large","max-video-preview":"max-video-preview:-1"},"canonical":"https:\/\/maringapost.com.br\/arquitetura\/2021\/11\/26\/ilustracao-arquitetonica\/","og_locale":"pt_BR","og_type":"article","og_title":"Ilustra\u00e7\u00e3o na Arquitetura","og_description":"A Ilustra\u00e7\u00e3o Arquitet\u00f4nica \u00e9 a Arquitetura com imagens. A representa\u00e7\u00e3o visual de um objeto desde um detalhe construtivo at\u00e9 um edif\u00edcio","og_url":"https:\/\/maringapost.com.br\/arquitetura\/2021\/11\/26\/ilustracao-arquitetonica\/","og_site_name":"Arquitetura","article_published_time":"2021-11-26T09:10:52+00:00","article_modified_time":"2021-12-01T20:41:36+00:00","og_image":[{"width":512,"height":213,"url":"https:\/\/maringapost.com.br\/arquitetura\/wp-content\/uploads\/sites\/38\/2021\/11\/capa-arquitetura.jpg","type":"image\/jpeg"}],"author":"Reda\u00e7\u00e3o","twitter_card":"summary_large_image","twitter_misc":{"Escrito por":false,"Est. tempo de leitura":"5 minutos"},"schema":{"@context":"https:\/\/schema.org","@graph":[{"@type":"WebPage","@id":"https:\/\/maringapost.com.br\/arquitetura\/2021\/11\/26\/ilustracao-arquitetonica\/","url":"https:\/\/maringapost.com.br\/arquitetura\/2021\/11\/26\/ilustracao-arquitetonica\/","name":"Ilustra\u00e7\u00e3o na Arquitetura","isPartOf":{"@id":"https:\/\/maringapost.com.br\/arquitetura\/#website"},"primaryImageOfPage":{"@id":"https:\/\/maringapost.com.br\/arquitetura\/2021\/11\/26\/ilustracao-arquitetonica\/#primaryimage"},"image":{"@id":"https:\/\/maringapost.com.br\/arquitetura\/2021\/11\/26\/ilustracao-arquitetonica\/#primaryimage"},"thumbnailUrl":"https:\/\/maringapost.com.br\/arquitetura\/wp-content\/uploads\/sites\/38\/2021\/11\/capa-arquitetura.jpg","datePublished":"2021-11-26T09:10:52+00:00","dateModified":"2021-12-01T20:41:36+00:00","author":{"@id":"https:\/\/maringapost.com.br\/arquitetura\/#\/schema\/person\/04f7ca326571fd6a271cbc94b3349803"},"description":"A Ilustra\u00e7\u00e3o Arquitet\u00f4nica \u00e9 a Arquitetura com imagens. A representa\u00e7\u00e3o visual de um objeto desde um detalhe construtivo at\u00e9 um edif\u00edcio","breadcrumb":{"@id":"https:\/\/maringapost.com.br\/arquitetura\/2021\/11\/26\/ilustracao-arquitetonica\/#breadcrumb"},"inLanguage":"pt-BR","potentialAction":[{"@type":"ReadAction","target":["https:\/\/maringapost.com.br\/arquitetura\/2021\/11\/26\/ilustracao-arquitetonica\/"]}]},{"@type":"ImageObject","inLanguage":"pt-BR","@id":"https:\/\/maringapost.com.br\/arquitetura\/2021\/11\/26\/ilustracao-arquitetonica\/#primaryimage","url":"https:\/\/maringapost.com.br\/arquitetura\/wp-content\/uploads\/sites\/38\/2021\/11\/capa-arquitetura.jpg","contentUrl":"https:\/\/maringapost.com.br\/arquitetura\/wp-content\/uploads\/sites\/38\/2021\/11\/capa-arquitetura.jpg","width":512,"height":213,"caption":"Thais Conchon"},{"@type":"BreadcrumbList","@id":"https:\/\/maringapost.com.br\/arquitetura\/2021\/11\/26\/ilustracao-arquitetonica\/#breadcrumb","itemListElement":[{"@type":"ListItem","position":1,"name":"In\u00edcio","item":"https:\/\/maringapost.com.br\/arquitetura\/"},{"@type":"ListItem","position":2,"name":"Ilustra\u00e7\u00e3o na Arquitetura"}]},{"@type":"WebSite","@id":"https:\/\/maringapost.com.br\/arquitetura\/#website","url":"https:\/\/maringapost.com.br\/arquitetura\/","name":"Arquitetura","description":"","potentialAction":[{"@type":"SearchAction","target":{"@type":"EntryPoint","urlTemplate":"https:\/\/maringapost.com.br\/arquitetura\/?s={search_term_string}"},"query-input":"required name=search_term_string"}],"inLanguage":"pt-BR"},{"@type":"Person","@id":"https:\/\/maringapost.com.br\/arquitetura\/#\/schema\/person\/04f7ca326571fd6a271cbc94b3349803","name":"Reda\u00e7\u00e3o","image":{"@type":"ImageObject","inLanguage":"pt-BR","@id":"https:\/\/maringapost.com.br\/arquitetura\/#\/schema\/person\/image\/","url":"https:\/\/secure.gravatar.com\/avatar\/7a388898535e5f37ea137827dc50ae61?s=96&d=mm&r=g","contentUrl":"https:\/\/secure.gravatar.com\/avatar\/7a388898535e5f37ea137827dc50ae61?s=96&d=mm&r=g","caption":"Reda\u00e7\u00e3o"},"url":"https:\/\/maringapost.com.br\/arquitetura\/author\/adrianalima\/"}]}},"_links":{"self":[{"href":"https:\/\/maringapost.com.br\/arquitetura\/wp-json\/wp\/v2\/posts\/261"}],"collection":[{"href":"https:\/\/maringapost.com.br\/arquitetura\/wp-json\/wp\/v2\/posts"}],"about":[{"href":"https:\/\/maringapost.com.br\/arquitetura\/wp-json\/wp\/v2\/types\/post"}],"author":[{"embeddable":true,"href":"https:\/\/maringapost.com.br\/arquitetura\/wp-json\/wp\/v2\/users\/12226"}],"replies":[{"embeddable":true,"href":"https:\/\/maringapost.com.br\/arquitetura\/wp-json\/wp\/v2\/comments?post=261"}],"version-history":[{"count":4,"href":"https:\/\/maringapost.com.br\/arquitetura\/wp-json\/wp\/v2\/posts\/261\/revisions"}],"predecessor-version":[{"id":273,"href":"https:\/\/maringapost.com.br\/arquitetura\/wp-json\/wp\/v2\/posts\/261\/revisions\/273"}],"wp:featuredmedia":[{"embeddable":true,"href":"https:\/\/maringapost.com.br\/arquitetura\/wp-json\/wp\/v2\/media\/262"}],"wp:attachment":[{"href":"https:\/\/maringapost.com.br\/arquitetura\/wp-json\/wp\/v2\/media?parent=261"}],"wp:term":[{"taxonomy":"category","embeddable":true,"href":"https:\/\/maringapost.com.br\/arquitetura\/wp-json\/wp\/v2\/categories?post=261"},{"taxonomy":"post_tag","embeddable":true,"href":"https:\/\/maringapost.com.br\/arquitetura\/wp-json\/wp\/v2\/tags?post=261"}],"curies":[{"name":"wp","href":"https:\/\/api.w.org\/{rel}","templated":true}]}}