{"id":224,"date":"2021-10-19T06:23:37","date_gmt":"2021-10-19T09:23:37","guid":{"rendered":"https:\/\/maringapost.com.br\/arquitetura\/?p=224"},"modified":"2021-12-01T17:51:49","modified_gmt":"2021-12-01T20:51:49","slug":"arquitetura-de-interiores-a-historia-continua","status":"publish","type":"post","link":"https:\/\/maringapost.com.br\/arquitetura\/2021\/10\/19\/arquitetura-de-interiores-a-historia-continua\/","title":{"rendered":"Arquitetura de Interiores; a hist\u00f3ria continua"},"content":{"rendered":"<h3><span style=\"font-weight: 400\">O Art Nouveou foi o movimento que inaugurou o modernismo<\/span><\/h3>\n<p>&nbsp;<\/p>\n<p><a href=\"https:\/\/linktree.com.br\/new\/arq.adrianalima\/\"><span style=\"font-weight: 400\">Por Arq. Adriana Lima<\/span><\/a><\/p>\n<p><span style=\"font-weight: 400\">Em nosso \u00faltimo post falamos sobre quando come\u00e7ou a preocupa\u00e7\u00e3o em organizar os espa\u00e7os internos de forma funcional pensando em uma est\u00e9tica mais adequada com sua cultura e o seu tempo. Iniciamos falando desde a antiguidade como eg\u00edpcios, sum\u00e9rios e indianos at\u00e9 finalizarmos com o renascimento, cujo estilo est\u00e9tico foi influenciado pela antiguidade cl\u00e1ssica, especialmente da Gr\u00e9cia antiga. Neste post vamos falar sobre um estilo que particularmente amo e j\u00e1 inaugura o movimento moderno, o Art Nouveau (ou Arte Nova) que predominou especialmente no design de interiores como a forma de maior express\u00e3o aliada com a arquitetura.\u00a0<\/span><\/p>\n<figure id=\"attachment_225\" aria-describedby=\"caption-attachment-225\" style=\"width: 385px\" class=\"wp-caption aligncenter\"><img loading=\"lazy\" decoding=\"async\" class=\"wp-image-225 size-full\" src=\"https:\/\/maringapost.com.br\/arquitetura\/wp-content\/uploads\/sites\/38\/2021\/10\/arq2.jpg\" alt=\"\" width=\"385\" height=\"512\" srcset=\"https:\/\/maringapost.com.br\/arquitetura\/wp-content\/uploads\/sites\/38\/2021\/10\/arq2.jpg 385w, https:\/\/maringapost.com.br\/arquitetura\/wp-content\/uploads\/sites\/38\/2021\/10\/arq2-226x300.jpg 226w, https:\/\/maringapost.com.br\/arquitetura\/wp-content\/uploads\/sites\/38\/2021\/10\/arq2-316x420.jpg 316w\" sizes=\"(max-width: 385px) 100vw, 385px\" \/><figcaption id=\"caption-attachment-225\" class=\"wp-caption-text\">Mackmurdo -A ilustra\u00e7\u00e3o da capa de rosto do livro do arquiteto e designer ingl\u00eas Arthur Heygate Mackmurdo \u00e9 um s\u00edmbolo do Art Nouveau e influenciou o Movimento Arts and Crafts.<\/figcaption><\/figure>\n<p><span style=\"font-weight: 400\">O Art Nouveou foi um importante movimento que inaugura o modernismo, por sua est\u00e9tica romper com o forte historicismo dos estilos anteriores. Em busca por uma nova linguagem est\u00e9tica, este movimento se inspirou na natureza, em ornamentos mais org\u00e2nicos, em formas assim\u00e9tricas e na ruptura com o passado. O seu nome se originou da loja S. Bing de 1895 em Paris, mas seu nascimento aconteceu um pouco antes, atribu\u00eddo especialmente \u00e0 constru\u00e7\u00e3o da casa ic\u00f4nica do arquiteto e artista Victor Horta, projeto do ano de 1892.\u00a0<\/span><\/p>\n<figure id=\"attachment_226\" aria-describedby=\"caption-attachment-226\" style=\"width: 395px\" class=\"wp-caption aligncenter\"><img loading=\"lazy\" decoding=\"async\" class=\"size-full wp-image-226\" src=\"https:\/\/maringapost.com.br\/arquitetura\/wp-content\/uploads\/sites\/38\/2021\/10\/arq-3.jpg\" alt=\"\" width=\"395\" height=\"512\" srcset=\"https:\/\/maringapost.com.br\/arquitetura\/wp-content\/uploads\/sites\/38\/2021\/10\/arq-3.jpg 395w, https:\/\/maringapost.com.br\/arquitetura\/wp-content\/uploads\/sites\/38\/2021\/10\/arq-3-231x300.jpg 231w, https:\/\/maringapost.com.br\/arquitetura\/wp-content\/uploads\/sites\/38\/2021\/10\/arq-3-324x420.jpg 324w\" sizes=\"(max-width: 395px) 100vw, 395px\" \/><figcaption id=\"caption-attachment-226\" class=\"wp-caption-text\">Sua cadeira inspirada nesta ilustra\u00e7\u00e3o causou furor em 1885 e \u00e9 vista como precursora deste movimento. (Foto: \u00a9 2021 Nudelman Rare Books, \u00a9 William Morris Gallery, London Borough of Waltham Forest).<\/figcaption><\/figure>\n<p><b>Casa Tassel<\/b><span style=\"font-weight: 400\">_ projeto de 1892 do Victor Horta \u00e9 uma obra de arte, com desenhos em arabescos do piso ao teto, com o emprego do ferro forjado, pastilhas em mosaico e vitrais coloridos. Uma refer\u00eancia do estilo Art Nouveou que traz refer\u00eancias da delicadeza das flores e o uso do artes\u00e3o e de novos materiais em escala industrial (Foto: artnouveaugrupo).<img loading=\"lazy\" decoding=\"async\" class=\"aligncenter size-full wp-image-227\" src=\"https:\/\/maringapost.com.br\/arquitetura\/wp-content\/uploads\/sites\/38\/2021\/10\/arq-4.jpg\" alt=\"\" width=\"512\" height=\"351\" srcset=\"https:\/\/maringapost.com.br\/arquitetura\/wp-content\/uploads\/sites\/38\/2021\/10\/arq-4.jpg 512w, https:\/\/maringapost.com.br\/arquitetura\/wp-content\/uploads\/sites\/38\/2021\/10\/arq-4-300x206.jpg 300w, https:\/\/maringapost.com.br\/arquitetura\/wp-content\/uploads\/sites\/38\/2021\/10\/arq-4-100x70.jpg 100w, https:\/\/maringapost.com.br\/arquitetura\/wp-content\/uploads\/sites\/38\/2021\/10\/arq-4-218x150.jpg 218w\" sizes=\"(max-width: 512px) 100vw, 512px\" \/><\/span><\/p>\n<p>&nbsp;<\/p>\n<p><b>Revestimentos cer\u00e2micos<\/b><span style=\"font-weight: 400\">_\u00a0 Ainda com a forte refer\u00eancia \u00e0 est\u00e9tica floral, a arte aparece de forma industrializada em revestimentos cer\u00e2micos, favorecidos pela Revolu\u00e7\u00e3o Industrial, que tornava um pouco mais acess\u00edvel este tipo de acabamento, pois agora a fabrica\u00e7\u00e3o se fazia em maior escala\u00a0 (Foto: studiolabdecor).<img loading=\"lazy\" decoding=\"async\" class=\"aligncenter size-full wp-image-229\" src=\"https:\/\/maringapost.com.br\/arquitetura\/wp-content\/uploads\/sites\/38\/2021\/10\/arq-5.jpg\" alt=\"\" width=\"512\" height=\"288\" srcset=\"https:\/\/maringapost.com.br\/arquitetura\/wp-content\/uploads\/sites\/38\/2021\/10\/arq-5.jpg 512w, https:\/\/maringapost.com.br\/arquitetura\/wp-content\/uploads\/sites\/38\/2021\/10\/arq-5-300x169.jpg 300w\" sizes=\"(max-width: 512px) 100vw, 512px\" \/><\/span><\/p>\n<p>&nbsp;<\/p>\n<p><span style=\"font-weight: 400\">Em virtude do Art Nouveou exigir produtos mais industrializados que exigia uma linha de design de produ\u00e7\u00e3o mais especializada, no Brasil n\u00e3o tivemos muitos exemplos deste estilo, que chegou aqui mais tardiamente com a utiliza\u00e7\u00e3o em alguns elementos em constru\u00e7\u00f5es do Ecletismo Historicista a exemplo disto est\u00e1 a Confeitaria Colombo no Rio de Janeiro, cujo desenho dos entalhes e ornamentos mais cl\u00e1ssicos se misturam \u00e0 linhas mais florais presentes nos vitrais. Um exemplo paranaense que \u00e9 mais original ao estilo \u00e9 a arquitetura do Belvedere em Curitiba.\u00a0<\/span><\/p>\n<p><b>Confeitaria Colombo<\/b><span style=\"font-weight: 400\">_ Inaugurada em 1894 no Rio de Janeiro e ainda em funcionamento at\u00e9 os dias de hoje no centro da cidade, foi idealizada por dois imigrantes portugueses, Manuel Jos\u00e9 Lebr\u00e3o e Joaquim Borges de Meireles, que implantaram no Brasil o estilo europeu Art Nouveau. (Foto: <\/span><span style=\"font-weight: 400\">Confeitaria Colombo<\/span><span style=\"font-weight: 400\">)<\/span><\/p>\n<p><img loading=\"lazy\" decoding=\"async\" class=\"aligncenter size-full wp-image-228\" src=\"https:\/\/maringapost.com.br\/arquitetura\/wp-content\/uploads\/sites\/38\/2021\/10\/arq-6.jpg\" alt=\"\" width=\"512\" height=\"341\" srcset=\"https:\/\/maringapost.com.br\/arquitetura\/wp-content\/uploads\/sites\/38\/2021\/10\/arq-6.jpg 512w, https:\/\/maringapost.com.br\/arquitetura\/wp-content\/uploads\/sites\/38\/2021\/10\/arq-6-300x200.jpg 300w\" sizes=\"(max-width: 512px) 100vw, 512px\" \/><\/p>\n<p>&nbsp;<\/p>\n<p><b>Belvedere<\/b><span style=\"font-weight: 400\">_ o mirante da Pra\u00e7a Jo\u00e3o C\u00e2ndido, no Bairro de S\u00e3o Francisco em Curitiba foi constru\u00eddo em 1915 com refer\u00eancias no estilo Art Nouveau. Abrigou a primeira emissora de r\u00e1dio do Paran\u00e1 em 1922, em 1931 tornou-se observat\u00f3rio astron\u00f4mico e meteorol\u00f3gico e atualmente totalmente restaurado ter\u00e1 um caf\u00e9 e ser\u00e1 mais um ponto de turismo da cidade (Foto: Washington Cesar Takeuchi).<\/span><\/p>\n<p><img loading=\"lazy\" decoding=\"async\" class=\"aligncenter size-full wp-image-230\" src=\"https:\/\/maringapost.com.br\/arquitetura\/wp-content\/uploads\/sites\/38\/2021\/10\/arq7.jpg\" alt=\"\" width=\"512\" height=\"342\" srcset=\"https:\/\/maringapost.com.br\/arquitetura\/wp-content\/uploads\/sites\/38\/2021\/10\/arq7.jpg 512w, https:\/\/maringapost.com.br\/arquitetura\/wp-content\/uploads\/sites\/38\/2021\/10\/arq7-300x200.jpg 300w\" sizes=\"(max-width: 512px) 100vw, 512px\" \/><\/p>\n<p>&nbsp;<\/p>\n<p><b>Casa Batll\u00f3<\/b><span style=\"font-weight: 400\"> _ Tombado como patrim\u00f4nio mundial da UNESCO, este edif\u00edcio de seis pavimentos traz o estilo Art Nouveau interpretado de forma \u00fanica pelo famoso arquiteto e designer Antoni Gaud\u00ed em parceria com Josep Maria Jujol e Joan Rubi\u00f3 i Bellversituado. (Foto: Pinterest).<\/span><\/p>\n<p><img loading=\"lazy\" decoding=\"async\" class=\"aligncenter size-full wp-image-231\" src=\"https:\/\/maringapost.com.br\/arquitetura\/wp-content\/uploads\/sites\/38\/2021\/10\/arq-8.jpg\" alt=\"\" width=\"512\" height=\"288\" srcset=\"https:\/\/maringapost.com.br\/arquitetura\/wp-content\/uploads\/sites\/38\/2021\/10\/arq-8.jpg 512w, https:\/\/maringapost.com.br\/arquitetura\/wp-content\/uploads\/sites\/38\/2021\/10\/arq-8-300x169.jpg 300w\" sizes=\"(max-width: 512px) 100vw, 512px\" \/><\/p>\n<p><span style=\"font-weight: 400\">Na Europa o arquiteto e designer catal\u00e3o Antoni Gaud\u00ed leva o estilo \u00e0 uma nova interpreta\u00e7\u00e3o, mais pessoal, com o uso de mosaicos como revestimento e vitrais inusitados, seu design evitava as linhas retas e torna sua arquitetura, seja ela interna ou externa quase como uma escultura passeando ainda pelo estilo g\u00f3tico, como \u00e9 interpretada a sua mais famosa obra (inacabada) a igreja cat\u00f3lica em Barcelona, a Sagrada Fam\u00edlia.\u00a0<\/span><\/p>\n<figure id=\"attachment_232\" aria-describedby=\"caption-attachment-232\" style=\"width: 512px\" class=\"wp-caption aligncenter\"><img loading=\"lazy\" decoding=\"async\" class=\"size-full wp-image-232\" src=\"https:\/\/maringapost.com.br\/arquitetura\/wp-content\/uploads\/sites\/38\/2021\/10\/arq-9.jpg\" alt=\"\" width=\"512\" height=\"171\" srcset=\"https:\/\/maringapost.com.br\/arquitetura\/wp-content\/uploads\/sites\/38\/2021\/10\/arq-9.jpg 512w, https:\/\/maringapost.com.br\/arquitetura\/wp-content\/uploads\/sites\/38\/2021\/10\/arq-9-300x100.jpg 300w\" sizes=\"(max-width: 512px) 100vw, 512px\" \/><figcaption id=\"caption-attachment-232\" class=\"wp-caption-text\">Casa Batll\u00f3 &#8211; Antoni Gaud\u00ed<\/figcaption><\/figure>\n<p>&nbsp;<\/p>\n<p><b>Design de produtos<\/b><span style=\"font-weight: 400\">_ A import\u00e2ncia deste estilo foi t\u00e3o grande para \u00e9poca, aliado \u00e0 facilidade da produ\u00e7\u00e3o em s\u00e9rie, que passou a ditar os tra\u00e7os para produtos al\u00e9m da decora\u00e7\u00e3o dos pr\u00e9dios e mobili\u00e1rio urbano, joias e estampas de roupas tamb\u00e9m seguiram esse design (Foto: Pinterest).<\/span><\/p>\n<p><img loading=\"lazy\" decoding=\"async\" class=\"aligncenter size-full wp-image-233\" src=\"https:\/\/maringapost.com.br\/arquitetura\/wp-content\/uploads\/sites\/38\/2021\/10\/arq-10.jpg\" alt=\"\" width=\"512\" height=\"344\" srcset=\"https:\/\/maringapost.com.br\/arquitetura\/wp-content\/uploads\/sites\/38\/2021\/10\/arq-10.jpg 512w, https:\/\/maringapost.com.br\/arquitetura\/wp-content\/uploads\/sites\/38\/2021\/10\/arq-10-300x202.jpg 300w\" sizes=\"(max-width: 512px) 100vw, 512px\" \/><\/p>\n<p><span style=\"font-weight: 400\">Passear pela hist\u00f3ria da arquitetura e do design \u00e9 tamb\u00e9m passear pela hist\u00f3ria da arte, \u00e9 se deslumbrar com o passado e se inspirar para projetos futuros com maior leveza, trazendo para os dias de hoje uma linguagem pr\u00f3pria e quem sabe atemporal, que fique marcado em seu tempo. Espero que este post tenha sido inspirador tanto quanto foi para mim uma del\u00edcia relembrar e rever elementos t\u00e3o marcantes da hist\u00f3ria das artes e do design de interiores.<\/span><\/p>\n<p><span style=\"font-weight: 400\">Fontes:<\/span><\/p>\n<p><span style=\"font-weight: 400\">PEVSNER, Nikolaus, El Modernismo, tradu\u00e7\u00e3o: Regine Ermert, Barcelona: H.F Ullmann, 2012.<\/span><\/p>\n<p><span style=\"font-weight: 400\">BECKER, Gabriele Fahr, Origens da arquitetura moderna e do design, tradu\u00e7\u00e3o: Luiz Raul Machado, 2 Edi\u00e7\u00e3o, S\u00e3o Paulo: Martins Fontes, 1996<\/span><\/p>\n<p><a href=\"http:\/\/www.circulandoporcuritiba.com.br\/2019\/12\/belvedere-restaurado.html\"><span style=\"font-weight: 400\">http:\/\/www.circulandoporcuritiba.com.br\/2019\/12\/belvedere-restaurado.html<\/span><\/a><\/p>\n<p><span style=\"font-weight: 400\">http:\/\/studiolabdecor.com.br\/art-nouveau\/<\/span><\/p>\n<p><span style=\"font-weight: 400\">http:\/\/www.ufrgs.br\/historiadaarquitetura\/movimentos-de-renovacao-1\/art-nouveau-1880-1914-contexto-1\/brasil<\/span><\/p>\n<p>Arq. Adriana Lima<br \/>\nContatos:<br \/>\n(44) 99116-9189 (WhatsApp) \/ (44) 3226-2608 (fixo)<br \/>\nadriana@adrianalima.arq.br \/ arq.adrianalima@gmail.com (email)<br \/>\nwww.adrianalima.arq.br (site)<br \/>\n@arq.adrianalima (Instagram)<br \/>\nhttps:\/\/www.facebook.com\/adrianalima.arq.br\/ (Facebook)<\/p>\n","protected":false},"excerpt":{"rendered":"<p>O Art Nouveou foi o movimento que inaugurou o modernismo &nbsp; Por Arq. Adriana Lima Em nosso \u00faltimo post falamos sobre quando come\u00e7ou a preocupa\u00e7\u00e3o em organizar os espa\u00e7os internos de forma funcional pensando em uma est\u00e9tica mais adequada com sua cultura e o seu tempo. Iniciamos falando desde a antiguidade como eg\u00edpcios, sum\u00e9rios e [&hellip;]<\/p>\n","protected":false},"author":12226,"featured_media":234,"comment_status":"closed","ping_status":"open","sticky":false,"template":"","format":"standard","meta":{"_exactmetrics_skip_tracking":false,"_exactmetrics_sitenote_active":false,"_exactmetrics_sitenote_note":"","_exactmetrics_sitenote_category":0,"footnotes":""},"categories":[3],"tags":[48,47,51,50,52,49],"yoast_head":"<!-- This site is optimized with the Yoast SEO Premium plugin v22.7 (Yoast SEO v22.7) - https:\/\/yoast.com\/wordpress\/plugins\/seo\/ -->\n<title>Art Nouveau; a hist\u00f3ria continua<\/title>\n<meta name=\"description\" content=\"O estilo Art Nouveau predominou especialmente no design de interiores como a forma de maior express\u00e3o aliada com a arquitetura.\" \/>\n<meta name=\"robots\" content=\"index, follow, max-snippet:-1, max-image-preview:large, max-video-preview:-1\" \/>\n<link rel=\"canonical\" href=\"https:\/\/maringapost.com.br\/arquitetura\/2021\/10\/19\/arquitetura-de-interiores-a-historia-continua\/\" \/>\n<meta property=\"og:locale\" content=\"pt_BR\" \/>\n<meta property=\"og:type\" content=\"article\" \/>\n<meta property=\"og:title\" content=\"Arquitetura de Interiores; a hist\u00f3ria continua\" \/>\n<meta property=\"og:description\" content=\"O estilo Art Nouveau predominou especialmente no design de interiores como a forma de maior express\u00e3o aliada com a arquitetura.\" \/>\n<meta property=\"og:url\" content=\"https:\/\/maringapost.com.br\/arquitetura\/2021\/10\/19\/arquitetura-de-interiores-a-historia-continua\/\" \/>\n<meta property=\"og:site_name\" content=\"Arquitetura\" \/>\n<meta property=\"article:published_time\" content=\"2021-10-19T09:23:37+00:00\" \/>\n<meta property=\"article:modified_time\" content=\"2021-12-01T20:51:49+00:00\" \/>\n<meta property=\"og:image\" content=\"https:\/\/maringapost.com.br\/arquitetura\/wp-content\/uploads\/sites\/38\/2021\/10\/arq-1.jpg\" \/>\n\t<meta property=\"og:image:width\" content=\"512\" \/>\n\t<meta property=\"og:image:height\" content=\"328\" \/>\n\t<meta property=\"og:image:type\" content=\"image\/jpeg\" \/>\n<meta name=\"author\" content=\"Reda\u00e7\u00e3o\" \/>\n<meta name=\"twitter:card\" content=\"summary_large_image\" \/>\n<meta name=\"twitter:label1\" content=\"Escrito por\" \/>\n\t<meta name=\"twitter:data1\" content=\"\" \/>\n\t<meta name=\"twitter:label2\" content=\"Est. tempo de leitura\" \/>\n\t<meta name=\"twitter:data2\" content=\"6 minutos\" \/>\n<script type=\"application\/ld+json\" class=\"yoast-schema-graph\">{\"@context\":\"https:\/\/schema.org\",\"@graph\":[{\"@type\":\"WebPage\",\"@id\":\"https:\/\/maringapost.com.br\/arquitetura\/2021\/10\/19\/arquitetura-de-interiores-a-historia-continua\/\",\"url\":\"https:\/\/maringapost.com.br\/arquitetura\/2021\/10\/19\/arquitetura-de-interiores-a-historia-continua\/\",\"name\":\"Art Nouveau; a hist\u00f3ria continua\",\"isPartOf\":{\"@id\":\"https:\/\/maringapost.com.br\/arquitetura\/#website\"},\"primaryImageOfPage\":{\"@id\":\"https:\/\/maringapost.com.br\/arquitetura\/2021\/10\/19\/arquitetura-de-interiores-a-historia-continua\/#primaryimage\"},\"image\":{\"@id\":\"https:\/\/maringapost.com.br\/arquitetura\/2021\/10\/19\/arquitetura-de-interiores-a-historia-continua\/#primaryimage\"},\"thumbnailUrl\":\"https:\/\/maringapost.com.br\/arquitetura\/wp-content\/uploads\/sites\/38\/2021\/10\/arq-1.jpg\",\"datePublished\":\"2021-10-19T09:23:37+00:00\",\"dateModified\":\"2021-12-01T20:51:49+00:00\",\"author\":{\"@id\":\"https:\/\/maringapost.com.br\/arquitetura\/#\/schema\/person\/04f7ca326571fd6a271cbc94b3349803\"},\"description\":\"O estilo Art Nouveau predominou especialmente no design de interiores como a forma de maior express\u00e3o aliada com a arquitetura.\",\"breadcrumb\":{\"@id\":\"https:\/\/maringapost.com.br\/arquitetura\/2021\/10\/19\/arquitetura-de-interiores-a-historia-continua\/#breadcrumb\"},\"inLanguage\":\"pt-BR\",\"potentialAction\":[{\"@type\":\"ReadAction\",\"target\":[\"https:\/\/maringapost.com.br\/arquitetura\/2021\/10\/19\/arquitetura-de-interiores-a-historia-continua\/\"]}]},{\"@type\":\"ImageObject\",\"inLanguage\":\"pt-BR\",\"@id\":\"https:\/\/maringapost.com.br\/arquitetura\/2021\/10\/19\/arquitetura-de-interiores-a-historia-continua\/#primaryimage\",\"url\":\"https:\/\/maringapost.com.br\/arquitetura\/wp-content\/uploads\/sites\/38\/2021\/10\/arq-1.jpg\",\"contentUrl\":\"https:\/\/maringapost.com.br\/arquitetura\/wp-content\/uploads\/sites\/38\/2021\/10\/arq-1.jpg\",\"width\":512,\"height\":328,\"caption\":\"Escultura - O Art Nouveau se apropriou da escultura para ornamentar a arquitetura tanto em seu exterior como no interior com o uso de formas de inspira\u00e7\u00e3o na natureza como aves e flores al\u00e9m de figuras mais femininas e delicadas. (Foto: Westwing).\"},{\"@type\":\"BreadcrumbList\",\"@id\":\"https:\/\/maringapost.com.br\/arquitetura\/2021\/10\/19\/arquitetura-de-interiores-a-historia-continua\/#breadcrumb\",\"itemListElement\":[{\"@type\":\"ListItem\",\"position\":1,\"name\":\"In\u00edcio\",\"item\":\"https:\/\/maringapost.com.br\/arquitetura\/\"},{\"@type\":\"ListItem\",\"position\":2,\"name\":\"Arquitetura de Interiores; a hist\u00f3ria continua\"}]},{\"@type\":\"WebSite\",\"@id\":\"https:\/\/maringapost.com.br\/arquitetura\/#website\",\"url\":\"https:\/\/maringapost.com.br\/arquitetura\/\",\"name\":\"Arquitetura\",\"description\":\"\",\"potentialAction\":[{\"@type\":\"SearchAction\",\"target\":{\"@type\":\"EntryPoint\",\"urlTemplate\":\"https:\/\/maringapost.com.br\/arquitetura\/?s={search_term_string}\"},\"query-input\":\"required name=search_term_string\"}],\"inLanguage\":\"pt-BR\"},{\"@type\":\"Person\",\"@id\":\"https:\/\/maringapost.com.br\/arquitetura\/#\/schema\/person\/04f7ca326571fd6a271cbc94b3349803\",\"name\":\"Reda\u00e7\u00e3o\",\"image\":{\"@type\":\"ImageObject\",\"inLanguage\":\"pt-BR\",\"@id\":\"https:\/\/maringapost.com.br\/arquitetura\/#\/schema\/person\/image\/\",\"url\":\"https:\/\/secure.gravatar.com\/avatar\/7a388898535e5f37ea137827dc50ae61?s=96&d=mm&r=g\",\"contentUrl\":\"https:\/\/secure.gravatar.com\/avatar\/7a388898535e5f37ea137827dc50ae61?s=96&d=mm&r=g\",\"caption\":\"Reda\u00e7\u00e3o\"},\"url\":\"https:\/\/maringapost.com.br\/arquitetura\/author\/adrianalima\/\"}]}<\/script>\n<!-- \/ Yoast SEO Premium plugin. -->","yoast_head_json":{"title":"Art Nouveau; a hist\u00f3ria continua","description":"O estilo Art Nouveau predominou especialmente no design de interiores como a forma de maior express\u00e3o aliada com a arquitetura.","robots":{"index":"index","follow":"follow","max-snippet":"max-snippet:-1","max-image-preview":"max-image-preview:large","max-video-preview":"max-video-preview:-1"},"canonical":"https:\/\/maringapost.com.br\/arquitetura\/2021\/10\/19\/arquitetura-de-interiores-a-historia-continua\/","og_locale":"pt_BR","og_type":"article","og_title":"Arquitetura de Interiores; a hist\u00f3ria continua","og_description":"O estilo Art Nouveau predominou especialmente no design de interiores como a forma de maior express\u00e3o aliada com a arquitetura.","og_url":"https:\/\/maringapost.com.br\/arquitetura\/2021\/10\/19\/arquitetura-de-interiores-a-historia-continua\/","og_site_name":"Arquitetura","article_published_time":"2021-10-19T09:23:37+00:00","article_modified_time":"2021-12-01T20:51:49+00:00","og_image":[{"width":512,"height":328,"url":"https:\/\/maringapost.com.br\/arquitetura\/wp-content\/uploads\/sites\/38\/2021\/10\/arq-1.jpg","type":"image\/jpeg"}],"author":"Reda\u00e7\u00e3o","twitter_card":"summary_large_image","twitter_misc":{"Escrito por":false,"Est. tempo de leitura":"6 minutos"},"schema":{"@context":"https:\/\/schema.org","@graph":[{"@type":"WebPage","@id":"https:\/\/maringapost.com.br\/arquitetura\/2021\/10\/19\/arquitetura-de-interiores-a-historia-continua\/","url":"https:\/\/maringapost.com.br\/arquitetura\/2021\/10\/19\/arquitetura-de-interiores-a-historia-continua\/","name":"Art Nouveau; a hist\u00f3ria continua","isPartOf":{"@id":"https:\/\/maringapost.com.br\/arquitetura\/#website"},"primaryImageOfPage":{"@id":"https:\/\/maringapost.com.br\/arquitetura\/2021\/10\/19\/arquitetura-de-interiores-a-historia-continua\/#primaryimage"},"image":{"@id":"https:\/\/maringapost.com.br\/arquitetura\/2021\/10\/19\/arquitetura-de-interiores-a-historia-continua\/#primaryimage"},"thumbnailUrl":"https:\/\/maringapost.com.br\/arquitetura\/wp-content\/uploads\/sites\/38\/2021\/10\/arq-1.jpg","datePublished":"2021-10-19T09:23:37+00:00","dateModified":"2021-12-01T20:51:49+00:00","author":{"@id":"https:\/\/maringapost.com.br\/arquitetura\/#\/schema\/person\/04f7ca326571fd6a271cbc94b3349803"},"description":"O estilo Art Nouveau predominou especialmente no design de interiores como a forma de maior express\u00e3o aliada com a arquitetura.","breadcrumb":{"@id":"https:\/\/maringapost.com.br\/arquitetura\/2021\/10\/19\/arquitetura-de-interiores-a-historia-continua\/#breadcrumb"},"inLanguage":"pt-BR","potentialAction":[{"@type":"ReadAction","target":["https:\/\/maringapost.com.br\/arquitetura\/2021\/10\/19\/arquitetura-de-interiores-a-historia-continua\/"]}]},{"@type":"ImageObject","inLanguage":"pt-BR","@id":"https:\/\/maringapost.com.br\/arquitetura\/2021\/10\/19\/arquitetura-de-interiores-a-historia-continua\/#primaryimage","url":"https:\/\/maringapost.com.br\/arquitetura\/wp-content\/uploads\/sites\/38\/2021\/10\/arq-1.jpg","contentUrl":"https:\/\/maringapost.com.br\/arquitetura\/wp-content\/uploads\/sites\/38\/2021\/10\/arq-1.jpg","width":512,"height":328,"caption":"Escultura - O Art Nouveau se apropriou da escultura para ornamentar a arquitetura tanto em seu exterior como no interior com o uso de formas de inspira\u00e7\u00e3o na natureza como aves e flores al\u00e9m de figuras mais femininas e delicadas. (Foto: Westwing)."},{"@type":"BreadcrumbList","@id":"https:\/\/maringapost.com.br\/arquitetura\/2021\/10\/19\/arquitetura-de-interiores-a-historia-continua\/#breadcrumb","itemListElement":[{"@type":"ListItem","position":1,"name":"In\u00edcio","item":"https:\/\/maringapost.com.br\/arquitetura\/"},{"@type":"ListItem","position":2,"name":"Arquitetura de Interiores; a hist\u00f3ria continua"}]},{"@type":"WebSite","@id":"https:\/\/maringapost.com.br\/arquitetura\/#website","url":"https:\/\/maringapost.com.br\/arquitetura\/","name":"Arquitetura","description":"","potentialAction":[{"@type":"SearchAction","target":{"@type":"EntryPoint","urlTemplate":"https:\/\/maringapost.com.br\/arquitetura\/?s={search_term_string}"},"query-input":"required name=search_term_string"}],"inLanguage":"pt-BR"},{"@type":"Person","@id":"https:\/\/maringapost.com.br\/arquitetura\/#\/schema\/person\/04f7ca326571fd6a271cbc94b3349803","name":"Reda\u00e7\u00e3o","image":{"@type":"ImageObject","inLanguage":"pt-BR","@id":"https:\/\/maringapost.com.br\/arquitetura\/#\/schema\/person\/image\/","url":"https:\/\/secure.gravatar.com\/avatar\/7a388898535e5f37ea137827dc50ae61?s=96&d=mm&r=g","contentUrl":"https:\/\/secure.gravatar.com\/avatar\/7a388898535e5f37ea137827dc50ae61?s=96&d=mm&r=g","caption":"Reda\u00e7\u00e3o"},"url":"https:\/\/maringapost.com.br\/arquitetura\/author\/adrianalima\/"}]}},"_links":{"self":[{"href":"https:\/\/maringapost.com.br\/arquitetura\/wp-json\/wp\/v2\/posts\/224"}],"collection":[{"href":"https:\/\/maringapost.com.br\/arquitetura\/wp-json\/wp\/v2\/posts"}],"about":[{"href":"https:\/\/maringapost.com.br\/arquitetura\/wp-json\/wp\/v2\/types\/post"}],"author":[{"embeddable":true,"href":"https:\/\/maringapost.com.br\/arquitetura\/wp-json\/wp\/v2\/users\/12226"}],"replies":[{"embeddable":true,"href":"https:\/\/maringapost.com.br\/arquitetura\/wp-json\/wp\/v2\/comments?post=224"}],"version-history":[{"count":5,"href":"https:\/\/maringapost.com.br\/arquitetura\/wp-json\/wp\/v2\/posts\/224\/revisions"}],"predecessor-version":[{"id":274,"href":"https:\/\/maringapost.com.br\/arquitetura\/wp-json\/wp\/v2\/posts\/224\/revisions\/274"}],"wp:featuredmedia":[{"embeddable":true,"href":"https:\/\/maringapost.com.br\/arquitetura\/wp-json\/wp\/v2\/media\/234"}],"wp:attachment":[{"href":"https:\/\/maringapost.com.br\/arquitetura\/wp-json\/wp\/v2\/media?parent=224"}],"wp:term":[{"taxonomy":"category","embeddable":true,"href":"https:\/\/maringapost.com.br\/arquitetura\/wp-json\/wp\/v2\/categories?post=224"},{"taxonomy":"post_tag","embeddable":true,"href":"https:\/\/maringapost.com.br\/arquitetura\/wp-json\/wp\/v2\/tags?post=224"}],"curies":[{"name":"wp","href":"https:\/\/api.w.org\/{rel}","templated":true}]}}