{"id":172,"date":"2021-08-20T11:58:58","date_gmt":"2021-08-20T14:58:58","guid":{"rendered":"https:\/\/maringapost.com.br\/arquitetura\/?p=172"},"modified":"2021-08-20T12:04:27","modified_gmt":"2021-08-20T15:04:27","slug":"um-pouco-das-origens-historicas-do-paisagismo","status":"publish","type":"post","link":"https:\/\/maringapost.com.br\/arquitetura\/2021\/08\/20\/um-pouco-das-origens-historicas-do-paisagismo\/","title":{"rendered":"Um pouco das origens hist\u00f3ricas do Paisagismo"},"content":{"rendered":"<p>Por : <b>SIMONE VECCHIATTI<\/b><\/p>\n<p><span style=\"font-weight: 400\">Que as plantas se tornaram as queridinhas do momento todo mundo sabe, mas como tudo come\u00e7ou?<\/span><\/p>\n<p><span style=\"font-weight: 400\">O paisagismo, como profiss\u00e3o, remota a culturas antigas da Babil\u00f4nia, P\u00e9rsia, Egito, Gr\u00e9cia e Roma no tratamento e cuidado dos seus jardins. Quem nunca ouviu falar dos jardins suspensos da Babil\u00f4nia? Trata-se de uma esp\u00e9cie de pir\u00e2mide sem ponta chamada de Zigurat, adornada de plantas ao seu redor em cada degrau, cumprindo a fun\u00e7\u00e3o de embelezamento, al\u00e9m de refrescar o tempo quente, proporcionar alimento e servir de camuflagem.<\/span><\/p>\n<figure id=\"attachment_173\" aria-describedby=\"caption-attachment-173\" style=\"width: 512px\" class=\"wp-caption aligncenter\"><img loading=\"lazy\" decoding=\"async\" class=\"wp-image-173 size-full\" src=\"https:\/\/maringapost.com.br\/arquitetura\/wp-content\/uploads\/sites\/38\/2021\/08\/jd-suspensos.jpg\" alt=\"\" width=\"512\" height=\"380\" srcset=\"https:\/\/maringapost.com.br\/arquitetura\/wp-content\/uploads\/sites\/38\/2021\/08\/jd-suspensos.jpg 512w, https:\/\/maringapost.com.br\/arquitetura\/wp-content\/uploads\/sites\/38\/2021\/08\/jd-suspensos-300x223.jpg 300w, https:\/\/maringapost.com.br\/arquitetura\/wp-content\/uploads\/sites\/38\/2021\/08\/jd-suspensos-80x60.jpg 80w, https:\/\/maringapost.com.br\/arquitetura\/wp-content\/uploads\/sites\/38\/2021\/08\/jd-suspensos-265x198.jpg 265w, https:\/\/maringapost.com.br\/arquitetura\/wp-content\/uploads\/sites\/38\/2021\/08\/jd-suspensos-485x360.jpg 485w\" sizes=\"(max-width: 512px) 100vw, 512px\" \/><figcaption id=\"caption-attachment-173\" class=\"wp-caption-text\">Ilustra\u00e7\u00e3o mostra os Jardins Suspensos da Babil\u00f4nia \/ Cr\u00e9dito: https:\/\/aventurasnahistoria.uol.com.br\/noticias\/almanaque\/perto-dos-deuses-conheca-os-impressionantes-zigurates-da-babilonia.phtml<\/figcaption><\/figure>\n<p><span style=\"font-weight: 400\">\u00a0Na idade m\u00e9dia houve a diminui\u00e7\u00e3o do interesse do espa\u00e7o externo, voltando a tomar for\u00e7as no Renascimento, s\u00e9culo XV e XVI, onde os jardins italianos, grandes pra\u00e7as e vilas ornamentadas ganharam destaque.\u00a0 Segue-se pelos jardins Cl\u00e1ssico franc\u00eas, com a constru\u00e7\u00e3o dos Jardins do pal\u00e1cio de Versalhes com sua simetria, formas geom\u00e9tricas, est\u00e1tuas, fontes e podas de plantas e arbustos em formatos ornamentais chamadas de topiaria, uma encomenda do Rei Luiz XIV ao jardineiro Andr\u00e9 Le Notr\u00e9, em 1662.<\/span><\/p>\n<figure id=\"attachment_174\" aria-describedby=\"caption-attachment-174\" style=\"width: 512px\" class=\"wp-caption aligncenter\"><img loading=\"lazy\" decoding=\"async\" class=\"size-full wp-image-174\" src=\"https:\/\/maringapost.com.br\/arquitetura\/wp-content\/uploads\/sites\/38\/2021\/08\/versailes.jpg\" alt=\"\" width=\"512\" height=\"236\" srcset=\"https:\/\/maringapost.com.br\/arquitetura\/wp-content\/uploads\/sites\/38\/2021\/08\/versailes.jpg 512w, https:\/\/maringapost.com.br\/arquitetura\/wp-content\/uploads\/sites\/38\/2021\/08\/versailes-300x138.jpg 300w\" sizes=\"(max-width: 512px) 100vw, 512px\" \/><figcaption id=\"caption-attachment-174\" class=\"wp-caption-text\"><br \/>Jardins do pal\u00e1cio de Versalhes. Credito: https:\/\/www.unitur.com.br\/jardins-do-palacio-de-versalhes-a-arte-da-simetria-entenda-por-que\/<\/figcaption><\/figure>\n<p><span style=\"font-weight: 400\">No s\u00e9culo XVIII surgiu o jardim ingl\u00eas com formas mais naturalista e org\u00e2nicas, dando a impress\u00e3o de que n\u00e3o foram planejados, destaque ao paisagista e arquiteto brit\u00e2nico Lancelot Brown ou Lancelot <\/span><b>Capability<\/b> <b>Brown<\/b><span style=\"font-weight: 400\">, apelido de autoria pr\u00f3pria que em portugu\u00eas significa capacidade, revelando aos seus clientes que seu trabalho tinha capacidade de se tornarem naturais.<\/span><\/p>\n<figure id=\"attachment_175\" aria-describedby=\"caption-attachment-175\" style=\"width: 512px\" class=\"wp-caption aligncenter\"><img loading=\"lazy\" decoding=\"async\" class=\"size-full wp-image-175\" src=\"https:\/\/maringapost.com.br\/arquitetura\/wp-content\/uploads\/sites\/38\/2021\/08\/hampton.jpg\" alt=\"\" width=\"512\" height=\"281\" srcset=\"https:\/\/maringapost.com.br\/arquitetura\/wp-content\/uploads\/sites\/38\/2021\/08\/hampton.jpg 512w, https:\/\/maringapost.com.br\/arquitetura\/wp-content\/uploads\/sites\/38\/2021\/08\/hampton-300x165.jpg 300w\" sizes=\"(max-width: 512px) 100vw, 512px\" \/><figcaption id=\"caption-attachment-175\" class=\"wp-caption-text\">HamptonCourt. Credito: http:\/\/aldeiatem.com\/post\/8408\/lancelot-brown-10-grandes-nomes-da-historia-do-paisagismo<\/figcaption><\/figure>\n<p><span style=\"font-weight: 400\">No final da d\u00e9cada de 1850 temos os grandes parques urbanos, com \u00eanfase ao projeto do Central Park de Nova York de autoria do arquiteto paisagista norte-americano Frederick Law Olmsted em parceria com o arquiteto paisagista ingl\u00eas-americano Calvert Vaux.<\/span><\/p>\n<figure id=\"attachment_176\" aria-describedby=\"caption-attachment-176\" style=\"width: 512px\" class=\"wp-caption aligncenter\"><img loading=\"lazy\" decoding=\"async\" class=\"size-full wp-image-176\" src=\"https:\/\/maringapost.com.br\/arquitetura\/wp-content\/uploads\/sites\/38\/2021\/08\/central-park.jpg\" alt=\"\" width=\"512\" height=\"256\" srcset=\"https:\/\/maringapost.com.br\/arquitetura\/wp-content\/uploads\/sites\/38\/2021\/08\/central-park.jpg 512w, https:\/\/maringapost.com.br\/arquitetura\/wp-content\/uploads\/sites\/38\/2021\/08\/central-park-300x150.jpg 300w\" sizes=\"(max-width: 512px) 100vw, 512px\" \/><figcaption id=\"caption-attachment-176\" class=\"wp-caption-text\">Vista a\u00e9rea do Central Park, em Nova York. Credito: https:\/\/www.jetsetter.com\/magazine\/which-nyc-neighborhood-fits-your-personality\/?source_i=45804&amp;sptk=1&amp;pch=1.<\/figcaption><\/figure>\n<p><span style=\"font-weight: 400\">J\u00e1 no Brasil desde os anos 30 o estudo do paisagismo acontece nos cursos de forma\u00e7\u00e3o em arquitetura e urbanismo, agronomia, biologia ou engenharia florestal e, em 1970 foi criada uma gradua\u00e7\u00e3o espec\u00edfica em paisagismo pela Universidade Federal do Rio de Janeiro \u2013 UFRJ.\u00a0<\/span><span style=\"font-weight: 400\">Nossos maiores representantes no pa\u00eds s\u00e3o o artista pl\u00e1stico Roberto Burle Marx (1909-1994) e a arquiteta Rosa Grena Kliass (1932).\u00a0<\/span><\/p>\n<p><span style=\"font-weight: 400\">Burle Marx foi um paisagista precursor do modernismo, apresentando a cria\u00e7\u00e3o de jardins tropicais deslumbrantes n\u00e3o apenas no Brasil, mas no mundo, numa profus\u00e3o de cores e texturas. Realizou v\u00e1rias expedi\u00e7\u00f5es com bot\u00e2nicos no pa\u00eds e descobriu v\u00e1rias esp\u00e9cies vegetais, no m\u00ednimo 30 delas levam hoje o seu nome, segundo o instituto Burle Marx \u201cRoberto foi um dos primeiros a usar plantas nativas em projetos paisag\u00edsticos nos anos 30. Ele reconheceu a diversidade e riqueza da flora brasileira, sua beleza e import\u00e2ncia.\u201d\u00a0<\/span><\/p>\n<figure id=\"attachment_178\" aria-describedby=\"caption-attachment-178\" style=\"width: 363px\" class=\"wp-caption aligncenter\"><img loading=\"lazy\" decoding=\"async\" class=\"size-full wp-image-178\" src=\"https:\/\/maringapost.com.br\/arquitetura\/wp-content\/uploads\/sites\/38\/2021\/08\/burle-max.jpg\" alt=\"\" width=\"363\" height=\"512\" srcset=\"https:\/\/maringapost.com.br\/arquitetura\/wp-content\/uploads\/sites\/38\/2021\/08\/burle-max.jpg 363w, https:\/\/maringapost.com.br\/arquitetura\/wp-content\/uploads\/sites\/38\/2021\/08\/burle-max-213x300.jpg 213w, https:\/\/maringapost.com.br\/arquitetura\/wp-content\/uploads\/sites\/38\/2021\/08\/burle-max-298x420.jpg 298w\" sizes=\"(max-width: 363px) 100vw, 363px\" \/><figcaption id=\"caption-attachment-178\" class=\"wp-caption-text\">Burle Marx, cr\u00e9dito: imagem do Filme Paisagem um olhar sobre Roberto Burle Marx, https:\/\/www.nowonline.com.br\/filme\/filme-paisagem-um-olhar-sobre-roberto-burle-marx\/313435?gclid=Cj0KCQjw6s2IBhCnARIsAP8RfAhPvUquBW7Ws51OxlqAdQlL4YYplZygATavVHqo1lu0smhYApzrpcUaAsodEALw_wcB&amp;gclsrc=aw.ds<\/figcaption><\/figure>\n<div class=\"data-box-title\">\n<p class=\"main-title \"><a href=\"https:\/\/www.nowonline.com.br\/filme\/filme-paisagem-um-olhar-sobre-roberto-burle-marx\/313435?gclid=Cj0KCQjw6s2IBhCnARIsAP8RfAhPvUquBW7Ws51OxlqAdQlL4YYplZygATavVHqo1lu0smhYApzrpcUaAsodEALw_wcB&amp;gclsrc=aw.ds\">FILME PAISAGEM, UM OLHAR SOBRE ROBERTO BURLE MARX<\/a><\/p>\n<\/div>\n<p>&nbsp;<\/p>\n<figure id=\"attachment_179\" aria-describedby=\"caption-attachment-179\" style=\"width: 512px\" class=\"wp-caption aligncenter\"><img loading=\"lazy\" decoding=\"async\" class=\"wp-image-179 size-full\" src=\"https:\/\/maringapost.com.br\/arquitetura\/wp-content\/uploads\/sites\/38\/2021\/08\/flamengo.jpg\" alt=\"\" width=\"512\" height=\"329\" srcset=\"https:\/\/maringapost.com.br\/arquitetura\/wp-content\/uploads\/sites\/38\/2021\/08\/flamengo.jpg 512w, https:\/\/maringapost.com.br\/arquitetura\/wp-content\/uploads\/sites\/38\/2021\/08\/flamengo-300x193.jpg 300w\" sizes=\"(max-width: 512px) 100vw, 512px\" \/><figcaption id=\"caption-attachment-179\" class=\"wp-caption-text\">Desenho do Parque do Flamengo &#8211; Burle Marx<\/figcaption><\/figure>\n<p>&nbsp;<\/p>\n<figure id=\"attachment_177\" aria-describedby=\"caption-attachment-177\" style=\"width: 354px\" class=\"wp-caption aligncenter\"><img loading=\"lazy\" decoding=\"async\" class=\"size-full wp-image-177\" src=\"https:\/\/maringapost.com.br\/arquitetura\/wp-content\/uploads\/sites\/38\/2021\/08\/rosa.jpg\" alt=\"\" width=\"354\" height=\"360\" srcset=\"https:\/\/maringapost.com.br\/arquitetura\/wp-content\/uploads\/sites\/38\/2021\/08\/rosa.jpg 354w, https:\/\/maringapost.com.br\/arquitetura\/wp-content\/uploads\/sites\/38\/2021\/08\/rosa-295x300.jpg 295w\" sizes=\"(max-width: 354px) 100vw, 354px\" \/><figcaption id=\"caption-attachment-177\" class=\"wp-caption-text\"><br \/>Rosa Kliass. Cr\u00e9dito: http:\/\/www.rosakliass.com.br\/<\/figcaption><\/figure>\n<p><span style=\"font-weight: 400\">Rosa Grena Kliass, arquiteta paisagista, a dama do paisagismo, primeira mulher a desbravar o paisagismo no Brasil, \u00e9 um dos nomes mais importantes no paisagismo moderno e contempor\u00e2neo suas obras te\u00f3ricas foram imprescind\u00edveis para estudo e forma\u00e7\u00e3o dos \u201cprofissionais de paisagem\u201d, defini\u00e7\u00e3o pr\u00f3pria. Em suas obras t\u00e9cnicas destacam-se:<\/span><\/p>\n<ul>\n<li style=\"font-weight: 400\"><span style=\"font-weight: 400\">Projeto paisag\u00edstico para a Avenida Paulista (1973);<\/span><\/li>\n<li style=\"font-weight: 400\"><span style=\"font-weight: 400\">Parques Mariano Proc\u00f3pio e Halfeld \u2013 Juiz de Fora \u2013 MG (1979);<\/span><\/li>\n<li style=\"font-weight: 400\"><span style=\"font-weight: 400\">Reurbaniza\u00e7\u00e3o do Vale do Anhangaba\u00fa (1981);<\/span><\/li>\n<li style=\"font-weight: 400\"><span style=\"font-weight: 400\">Parque Mangal das Gar\u00e7as, Bel\u00e9m PA (1999);<\/span><\/li>\n<li style=\"font-weight: 400\"><span style=\"font-weight: 400\">Parque da Juventude (2000);<\/span><\/li>\n<li style=\"font-weight: 400\"><span style=\"font-weight: 400\"><span style=\"font-weight: 400\">Parque do Forte, Macap\u00e1 AP (2000).<\/span><\/span>\n<p><figure id=\"attachment_180\" aria-describedby=\"caption-attachment-180\" style=\"width: 512px\" class=\"wp-caption aligncenter\"><img loading=\"lazy\" decoding=\"async\" class=\"size-full wp-image-180\" src=\"https:\/\/maringapost.com.br\/arquitetura\/wp-content\/uploads\/sites\/38\/2021\/08\/parque-das-gracas.jpg\" alt=\"\" width=\"512\" height=\"334\" srcset=\"https:\/\/maringapost.com.br\/arquitetura\/wp-content\/uploads\/sites\/38\/2021\/08\/parque-das-gracas.jpg 512w, https:\/\/maringapost.com.br\/arquitetura\/wp-content\/uploads\/sites\/38\/2021\/08\/parque-das-gracas-300x196.jpg 300w\" sizes=\"(max-width: 512px) 100vw, 512px\" \/><figcaption id=\"caption-attachment-180\" class=\"wp-caption-text\">Parque das Gar\u00e7as, em Bel\u00e9m (PA).cr\u00e9dito: https:\/\/www.caubr.gov.br\/rosa-kliass-pioneira-da-arquitetura-paisagistica-no-brasil\/( Foto: Divulga\u00e7\u00e3o RGK)<\/figcaption><\/figure><\/li>\n<\/ul>\n<p>&nbsp;<\/p>\n<figure id=\"attachment_181\" aria-describedby=\"caption-attachment-181\" style=\"width: 512px\" class=\"wp-caption aligncenter\"><img loading=\"lazy\" decoding=\"async\" class=\"size-full wp-image-181\" src=\"https:\/\/maringapost.com.br\/arquitetura\/wp-content\/uploads\/sites\/38\/2021\/08\/parque-2.jpg\" alt=\"\" width=\"512\" height=\"350\" srcset=\"https:\/\/maringapost.com.br\/arquitetura\/wp-content\/uploads\/sites\/38\/2021\/08\/parque-2.jpg 512w, https:\/\/maringapost.com.br\/arquitetura\/wp-content\/uploads\/sites\/38\/2021\/08\/parque-2-300x205.jpg 300w, https:\/\/maringapost.com.br\/arquitetura\/wp-content\/uploads\/sites\/38\/2021\/08\/parque-2-218x150.jpg 218w\" sizes=\"(max-width: 512px) 100vw, 512px\" \/><figcaption id=\"caption-attachment-181\" class=\"wp-caption-text\">Parque do Forte, em Macap\u00e1 (AP). : https:\/\/www.caubr.gov.br\/rosa-kliass-pioneira-da-arquitetura-paisagistica-no-brasil\/\u00a0(Foto: Jo\u00e3o Ramid)<\/figcaption><\/figure>\n<p>&nbsp;<\/p>\n<p><span style=\"font-weight: 400\">Portanto, a trajet\u00f3ria das plantas e as formas dos jardins que conhecemos hoje, \u00e9 gra\u00e7as ao trabalhos destes e de outros que com muito amor, dedica\u00e7\u00e3o e esfor\u00e7o tornaram poss\u00edvel\u00a0 n\u00e3o s\u00f3 o conhecimento, mas a possibilidade de cria\u00e7\u00e3o de espa\u00e7os ou cantinhos verdes, dos quais temos prazer em visitar ou cultivar.\u00a0<\/span><\/p>\n<p>&nbsp;<\/p>\n<p><span style=\"font-weight: 400\">Fonte:<\/span><\/p>\n<p><a href=\"https:\/\/www.designboom.com\/architecture\/roberto-burle-marx-new-york-botanical-garden-exhibition-09-11-2019\/\"><span style=\"font-weight: 400\">https:\/\/www.designboom.com\/architecture\/roberto-burle-marx-new-york-botanical-garden-exhibition-09-11-2019\/<\/span><\/a><\/p>\n<p><span style=\"font-weight: 400\">https:\/\/www.vivoplay.com.br\/details\/movie\/filme-paisagem-um-olhar-sobre-roberto-burle-marx-2975099<\/span><\/p>\n<p><a href=\"http:\/\/www.institutoburlemarx.org\/quem-somos\"><span style=\"font-weight: 400\">http:\/\/www.institutoburlemarx.org\/quem-somos<\/span><\/a><\/p>\n<p><a href=\"https:\/\/www.archdaily.com.br\/br\/880958\/rosa-kliass-poeta-da-paisagem\"><span style=\"font-weight: 400\">https:\/\/www.archdaily.com.br\/br\/880958\/rosa-kliass-poeta-da-paisagem<\/span><\/a><\/p>\n<p><a href=\"https:\/\/www.caubr.gov.br\/rosa-kliass-pioneira-da-arquitetura-paisagistica-no-brasil\/\"><span style=\"font-weight: 400\">https:\/\/www.caubr.gov.br\/rosa-kliass-pioneira-da-arquitetura-paisagistica-no-brasil\/<\/span><\/a><\/p>\n<p>&nbsp;<\/p>\n<p>&nbsp;<\/p>\n","protected":false},"excerpt":{"rendered":"<p>Por : SIMONE VECCHIATTI Que as plantas se tornaram as queridinhas do momento todo mundo sabe, mas como tudo come\u00e7ou? O paisagismo, como profiss\u00e3o, remota a culturas antigas da Babil\u00f4nia, P\u00e9rsia, Egito, Gr\u00e9cia e Roma no tratamento e cuidado dos seus jardins. Quem nunca ouviu falar dos jardins suspensos da Babil\u00f4nia? Trata-se de uma esp\u00e9cie [&hellip;]<\/p>\n","protected":false},"author":12226,"featured_media":182,"comment_status":"closed","ping_status":"open","sticky":false,"template":"","format":"standard","meta":{"_exactmetrics_skip_tracking":false,"_exactmetrics_sitenote_active":false,"_exactmetrics_sitenote_note":"","_exactmetrics_sitenote_category":0,"footnotes":""},"categories":[3,25,24],"tags":[14,33,34,32],"yoast_head":"<!-- This site is optimized with the Yoast SEO Premium plugin v22.7 (Yoast SEO v22.7) - https:\/\/yoast.com\/wordpress\/plugins\/seo\/ -->\n<title>Um pouco das origens hist\u00f3ricas do Paisagismo - Arquitetura<\/title>\n<meta name=\"description\" content=\"O paisagismo, como profiss\u00e3o, remota a culturas antigas da Babil\u00f4nia, P\u00e9rsia, Egito, Gr\u00e9cia e Roma no tratamento e cuidado dos seus jardins.\" \/>\n<meta name=\"robots\" content=\"index, follow, max-snippet:-1, max-image-preview:large, max-video-preview:-1\" \/>\n<link rel=\"canonical\" href=\"https:\/\/maringapost.com.br\/arquitetura\/2021\/08\/20\/um-pouco-das-origens-historicas-do-paisagismo\/\" \/>\n<meta property=\"og:locale\" content=\"pt_BR\" \/>\n<meta property=\"og:type\" content=\"article\" \/>\n<meta property=\"og:title\" content=\"Um pouco das origens hist\u00f3ricas do Paisagismo\" \/>\n<meta property=\"og:description\" content=\"O paisagismo, como profiss\u00e3o, remota a culturas antigas da Babil\u00f4nia, P\u00e9rsia, Egito, Gr\u00e9cia e Roma no tratamento e cuidado dos seus jardins.\" \/>\n<meta property=\"og:url\" content=\"https:\/\/maringapost.com.br\/arquitetura\/2021\/08\/20\/um-pouco-das-origens-historicas-do-paisagismo\/\" \/>\n<meta property=\"og:site_name\" content=\"Arquitetura\" \/>\n<meta property=\"article:published_time\" content=\"2021-08-20T14:58:58+00:00\" \/>\n<meta property=\"article:modified_time\" content=\"2021-08-20T15:04:27+00:00\" \/>\n<meta property=\"og:image\" content=\"https:\/\/maringapost.com.br\/arquitetura\/wp-content\/uploads\/sites\/38\/2021\/08\/JaridmdeLuxemburgoParis.jpg\" \/>\n\t<meta property=\"og:image:width\" content=\"640\" \/>\n\t<meta property=\"og:image:height\" content=\"388\" \/>\n\t<meta property=\"og:image:type\" content=\"image\/jpeg\" \/>\n<meta name=\"author\" content=\"Reda\u00e7\u00e3o\" \/>\n<meta name=\"twitter:card\" content=\"summary_large_image\" \/>\n<meta name=\"twitter:label1\" content=\"Escrito por\" \/>\n\t<meta name=\"twitter:data1\" content=\"\" \/>\n\t<meta name=\"twitter:label2\" content=\"Est. tempo de leitura\" \/>\n\t<meta name=\"twitter:data2\" content=\"5 minutos\" \/>\n<script type=\"application\/ld+json\" class=\"yoast-schema-graph\">{\"@context\":\"https:\/\/schema.org\",\"@graph\":[{\"@type\":\"WebPage\",\"@id\":\"https:\/\/maringapost.com.br\/arquitetura\/2021\/08\/20\/um-pouco-das-origens-historicas-do-paisagismo\/\",\"url\":\"https:\/\/maringapost.com.br\/arquitetura\/2021\/08\/20\/um-pouco-das-origens-historicas-do-paisagismo\/\",\"name\":\"Um pouco das origens hist\u00f3ricas do Paisagismo - Arquitetura\",\"isPartOf\":{\"@id\":\"https:\/\/maringapost.com.br\/arquitetura\/#website\"},\"primaryImageOfPage\":{\"@id\":\"https:\/\/maringapost.com.br\/arquitetura\/2021\/08\/20\/um-pouco-das-origens-historicas-do-paisagismo\/#primaryimage\"},\"image\":{\"@id\":\"https:\/\/maringapost.com.br\/arquitetura\/2021\/08\/20\/um-pouco-das-origens-historicas-do-paisagismo\/#primaryimage\"},\"thumbnailUrl\":\"https:\/\/maringapost.com.br\/arquitetura\/wp-content\/uploads\/sites\/38\/2021\/08\/JaridmdeLuxemburgoParis.jpg\",\"datePublished\":\"2021-08-20T14:58:58+00:00\",\"dateModified\":\"2021-08-20T15:04:27+00:00\",\"author\":{\"@id\":\"https:\/\/maringapost.com.br\/arquitetura\/#\/schema\/person\/04f7ca326571fd6a271cbc94b3349803\"},\"description\":\"O paisagismo, como profiss\u00e3o, remota a culturas antigas da Babil\u00f4nia, P\u00e9rsia, Egito, Gr\u00e9cia e Roma no tratamento e cuidado dos seus jardins.\",\"breadcrumb\":{\"@id\":\"https:\/\/maringapost.com.br\/arquitetura\/2021\/08\/20\/um-pouco-das-origens-historicas-do-paisagismo\/#breadcrumb\"},\"inLanguage\":\"pt-BR\",\"potentialAction\":[{\"@type\":\"ReadAction\",\"target\":[\"https:\/\/maringapost.com.br\/arquitetura\/2021\/08\/20\/um-pouco-das-origens-historicas-do-paisagismo\/\"]}]},{\"@type\":\"ImageObject\",\"inLanguage\":\"pt-BR\",\"@id\":\"https:\/\/maringapost.com.br\/arquitetura\/2021\/08\/20\/um-pouco-das-origens-historicas-do-paisagismo\/#primaryimage\",\"url\":\"https:\/\/maringapost.com.br\/arquitetura\/wp-content\/uploads\/sites\/38\/2021\/08\/JaridmdeLuxemburgoParis.jpg\",\"contentUrl\":\"https:\/\/maringapost.com.br\/arquitetura\/wp-content\/uploads\/sites\/38\/2021\/08\/JaridmdeLuxemburgoParis.jpg\",\"width\":640,\"height\":388},{\"@type\":\"BreadcrumbList\",\"@id\":\"https:\/\/maringapost.com.br\/arquitetura\/2021\/08\/20\/um-pouco-das-origens-historicas-do-paisagismo\/#breadcrumb\",\"itemListElement\":[{\"@type\":\"ListItem\",\"position\":1,\"name\":\"In\u00edcio\",\"item\":\"https:\/\/maringapost.com.br\/arquitetura\/\"},{\"@type\":\"ListItem\",\"position\":2,\"name\":\"Um pouco das origens hist\u00f3ricas do Paisagismo\"}]},{\"@type\":\"WebSite\",\"@id\":\"https:\/\/maringapost.com.br\/arquitetura\/#website\",\"url\":\"https:\/\/maringapost.com.br\/arquitetura\/\",\"name\":\"Arquitetura\",\"description\":\"\",\"potentialAction\":[{\"@type\":\"SearchAction\",\"target\":{\"@type\":\"EntryPoint\",\"urlTemplate\":\"https:\/\/maringapost.com.br\/arquitetura\/?s={search_term_string}\"},\"query-input\":\"required name=search_term_string\"}],\"inLanguage\":\"pt-BR\"},{\"@type\":\"Person\",\"@id\":\"https:\/\/maringapost.com.br\/arquitetura\/#\/schema\/person\/04f7ca326571fd6a271cbc94b3349803\",\"name\":\"Reda\u00e7\u00e3o\",\"image\":{\"@type\":\"ImageObject\",\"inLanguage\":\"pt-BR\",\"@id\":\"https:\/\/maringapost.com.br\/arquitetura\/#\/schema\/person\/image\/\",\"url\":\"https:\/\/secure.gravatar.com\/avatar\/7a388898535e5f37ea137827dc50ae61?s=96&d=mm&r=g\",\"contentUrl\":\"https:\/\/secure.gravatar.com\/avatar\/7a388898535e5f37ea137827dc50ae61?s=96&d=mm&r=g\",\"caption\":\"Reda\u00e7\u00e3o\"},\"url\":\"https:\/\/maringapost.com.br\/arquitetura\/author\/adrianalima\/\"}]}<\/script>\n<!-- \/ Yoast SEO Premium plugin. -->","yoast_head_json":{"title":"Um pouco das origens hist\u00f3ricas do Paisagismo - Arquitetura","description":"O paisagismo, como profiss\u00e3o, remota a culturas antigas da Babil\u00f4nia, P\u00e9rsia, Egito, Gr\u00e9cia e Roma no tratamento e cuidado dos seus jardins.","robots":{"index":"index","follow":"follow","max-snippet":"max-snippet:-1","max-image-preview":"max-image-preview:large","max-video-preview":"max-video-preview:-1"},"canonical":"https:\/\/maringapost.com.br\/arquitetura\/2021\/08\/20\/um-pouco-das-origens-historicas-do-paisagismo\/","og_locale":"pt_BR","og_type":"article","og_title":"Um pouco das origens hist\u00f3ricas do Paisagismo","og_description":"O paisagismo, como profiss\u00e3o, remota a culturas antigas da Babil\u00f4nia, P\u00e9rsia, Egito, Gr\u00e9cia e Roma no tratamento e cuidado dos seus jardins.","og_url":"https:\/\/maringapost.com.br\/arquitetura\/2021\/08\/20\/um-pouco-das-origens-historicas-do-paisagismo\/","og_site_name":"Arquitetura","article_published_time":"2021-08-20T14:58:58+00:00","article_modified_time":"2021-08-20T15:04:27+00:00","og_image":[{"width":640,"height":388,"url":"https:\/\/maringapost.com.br\/arquitetura\/wp-content\/uploads\/sites\/38\/2021\/08\/JaridmdeLuxemburgoParis.jpg","type":"image\/jpeg"}],"author":"Reda\u00e7\u00e3o","twitter_card":"summary_large_image","twitter_misc":{"Escrito por":false,"Est. tempo de leitura":"5 minutos"},"schema":{"@context":"https:\/\/schema.org","@graph":[{"@type":"WebPage","@id":"https:\/\/maringapost.com.br\/arquitetura\/2021\/08\/20\/um-pouco-das-origens-historicas-do-paisagismo\/","url":"https:\/\/maringapost.com.br\/arquitetura\/2021\/08\/20\/um-pouco-das-origens-historicas-do-paisagismo\/","name":"Um pouco das origens hist\u00f3ricas do Paisagismo - Arquitetura","isPartOf":{"@id":"https:\/\/maringapost.com.br\/arquitetura\/#website"},"primaryImageOfPage":{"@id":"https:\/\/maringapost.com.br\/arquitetura\/2021\/08\/20\/um-pouco-das-origens-historicas-do-paisagismo\/#primaryimage"},"image":{"@id":"https:\/\/maringapost.com.br\/arquitetura\/2021\/08\/20\/um-pouco-das-origens-historicas-do-paisagismo\/#primaryimage"},"thumbnailUrl":"https:\/\/maringapost.com.br\/arquitetura\/wp-content\/uploads\/sites\/38\/2021\/08\/JaridmdeLuxemburgoParis.jpg","datePublished":"2021-08-20T14:58:58+00:00","dateModified":"2021-08-20T15:04:27+00:00","author":{"@id":"https:\/\/maringapost.com.br\/arquitetura\/#\/schema\/person\/04f7ca326571fd6a271cbc94b3349803"},"description":"O paisagismo, como profiss\u00e3o, remota a culturas antigas da Babil\u00f4nia, P\u00e9rsia, Egito, Gr\u00e9cia e Roma no tratamento e cuidado dos seus jardins.","breadcrumb":{"@id":"https:\/\/maringapost.com.br\/arquitetura\/2021\/08\/20\/um-pouco-das-origens-historicas-do-paisagismo\/#breadcrumb"},"inLanguage":"pt-BR","potentialAction":[{"@type":"ReadAction","target":["https:\/\/maringapost.com.br\/arquitetura\/2021\/08\/20\/um-pouco-das-origens-historicas-do-paisagismo\/"]}]},{"@type":"ImageObject","inLanguage":"pt-BR","@id":"https:\/\/maringapost.com.br\/arquitetura\/2021\/08\/20\/um-pouco-das-origens-historicas-do-paisagismo\/#primaryimage","url":"https:\/\/maringapost.com.br\/arquitetura\/wp-content\/uploads\/sites\/38\/2021\/08\/JaridmdeLuxemburgoParis.jpg","contentUrl":"https:\/\/maringapost.com.br\/arquitetura\/wp-content\/uploads\/sites\/38\/2021\/08\/JaridmdeLuxemburgoParis.jpg","width":640,"height":388},{"@type":"BreadcrumbList","@id":"https:\/\/maringapost.com.br\/arquitetura\/2021\/08\/20\/um-pouco-das-origens-historicas-do-paisagismo\/#breadcrumb","itemListElement":[{"@type":"ListItem","position":1,"name":"In\u00edcio","item":"https:\/\/maringapost.com.br\/arquitetura\/"},{"@type":"ListItem","position":2,"name":"Um pouco das origens hist\u00f3ricas do Paisagismo"}]},{"@type":"WebSite","@id":"https:\/\/maringapost.com.br\/arquitetura\/#website","url":"https:\/\/maringapost.com.br\/arquitetura\/","name":"Arquitetura","description":"","potentialAction":[{"@type":"SearchAction","target":{"@type":"EntryPoint","urlTemplate":"https:\/\/maringapost.com.br\/arquitetura\/?s={search_term_string}"},"query-input":"required name=search_term_string"}],"inLanguage":"pt-BR"},{"@type":"Person","@id":"https:\/\/maringapost.com.br\/arquitetura\/#\/schema\/person\/04f7ca326571fd6a271cbc94b3349803","name":"Reda\u00e7\u00e3o","image":{"@type":"ImageObject","inLanguage":"pt-BR","@id":"https:\/\/maringapost.com.br\/arquitetura\/#\/schema\/person\/image\/","url":"https:\/\/secure.gravatar.com\/avatar\/7a388898535e5f37ea137827dc50ae61?s=96&d=mm&r=g","contentUrl":"https:\/\/secure.gravatar.com\/avatar\/7a388898535e5f37ea137827dc50ae61?s=96&d=mm&r=g","caption":"Reda\u00e7\u00e3o"},"url":"https:\/\/maringapost.com.br\/arquitetura\/author\/adrianalima\/"}]}},"_links":{"self":[{"href":"https:\/\/maringapost.com.br\/arquitetura\/wp-json\/wp\/v2\/posts\/172"}],"collection":[{"href":"https:\/\/maringapost.com.br\/arquitetura\/wp-json\/wp\/v2\/posts"}],"about":[{"href":"https:\/\/maringapost.com.br\/arquitetura\/wp-json\/wp\/v2\/types\/post"}],"author":[{"embeddable":true,"href":"https:\/\/maringapost.com.br\/arquitetura\/wp-json\/wp\/v2\/users\/12226"}],"replies":[{"embeddable":true,"href":"https:\/\/maringapost.com.br\/arquitetura\/wp-json\/wp\/v2\/comments?post=172"}],"version-history":[{"count":4,"href":"https:\/\/maringapost.com.br\/arquitetura\/wp-json\/wp\/v2\/posts\/172\/revisions"}],"predecessor-version":[{"id":186,"href":"https:\/\/maringapost.com.br\/arquitetura\/wp-json\/wp\/v2\/posts\/172\/revisions\/186"}],"wp:featuredmedia":[{"embeddable":true,"href":"https:\/\/maringapost.com.br\/arquitetura\/wp-json\/wp\/v2\/media\/182"}],"wp:attachment":[{"href":"https:\/\/maringapost.com.br\/arquitetura\/wp-json\/wp\/v2\/media?parent=172"}],"wp:term":[{"taxonomy":"category","embeddable":true,"href":"https:\/\/maringapost.com.br\/arquitetura\/wp-json\/wp\/v2\/categories?post=172"},{"taxonomy":"post_tag","embeddable":true,"href":"https:\/\/maringapost.com.br\/arquitetura\/wp-json\/wp\/v2\/tags?post=172"}],"curies":[{"name":"wp","href":"https:\/\/api.w.org\/{rel}","templated":true}]}}