{"id":158,"date":"2021-08-14T10:09:00","date_gmt":"2021-08-14T13:09:00","guid":{"rendered":"http:\/\/maringapost.com.br\/arquitetura\/?p=158"},"modified":"2021-08-17T10:59:50","modified_gmt":"2021-08-17T13:59:50","slug":"arquitetura-e-nossa-historia-parte-2","status":"publish","type":"post","link":"https:\/\/maringapost.com.br\/arquitetura\/2021\/08\/14\/arquitetura-e-nossa-historia-parte-2\/","title":{"rendered":"Arquitetura e Nossa Hist\u00f3ria &#8211; Parte 2"},"content":{"rendered":"<p>&nbsp;<\/p>\n<p><span style=\"font-weight: 400\">Por Arq. <a href=\"https:\/\/www.instagram.com\/arq.adrianalima\/\">Adriana Lima<\/a><br \/>\n<\/span><\/p>\n<p>&nbsp;<\/p>\n<p><span style=\"font-weight: 400\">Nesta segunda parte de Arquitetura e a Nossa Hist\u00f3ria vamos falar sobre a origem da arquitetura Moderna, influenciada pelo movimento est\u00e9tico chamado de Modernismo que impactou as obras brasileiras nas d\u00e9cadas de 30 e 60. Este movimento j\u00e1 acontecia em todo o mundo tomando for\u00e7a j\u00e1 na d\u00e9cada de 20 e exerceu dom\u00ednio em diversas \u00e1reas do conhecimento que v\u00e3o al\u00e9m da arquitetura, tais como: as artes, a ci\u00eancia, os costumes e at\u00e9 mesmo a hist\u00f3ria.<\/span><\/p>\n<figure id=\"attachment_159\" aria-describedby=\"caption-attachment-159\" style=\"width: 512px\" class=\"wp-caption aligncenter\"><img loading=\"lazy\" decoding=\"async\" class=\"size-full wp-image-159\" src=\"http:\/\/maringapost.com.br\/arquitetura\/wp-content\/uploads\/sites\/38\/2021\/08\/tarsila.jpg\" alt=\"\" width=\"512\" height=\"341\" srcset=\"https:\/\/maringapost.com.br\/arquitetura\/wp-content\/uploads\/sites\/38\/2021\/08\/tarsila.jpg 512w, https:\/\/maringapost.com.br\/arquitetura\/wp-content\/uploads\/sites\/38\/2021\/08\/tarsila-300x200.jpg 300w\" sizes=\"(max-width: 512px) 100vw, 512px\" \/><figcaption id=\"caption-attachment-159\" class=\"wp-caption-text\">Tarsila do Amaral _ Artista da Semana de Arte Moderna de 1922_ Tela cubista: S\u00c3O PAULO, 1924, pintura a \u00f3leo, 67&#215;90 cm, Pinacoteca do Estado de S\u00e3o Paulo. (Foto: \u00a9 2021 Terra Foundation for American Art)<\/figcaption><\/figure>\n<p><span style=\"font-weight: 400\">No in\u00edcio do s\u00e9culo XX na Europa existia uma aguda separa\u00e7\u00e3o est\u00e9tica entre os arquitetos que se apegavam ao passado mais hist\u00f3rico e, portanto mais ecl\u00e9tico e rico em ornamentos dos arquitetos de vanguarda que desejavam romper com a arquitetura hist\u00f3rica, criando uma nova linguagem, seguindo a tend\u00eancia nas artes pl\u00e1sticas, especialmente do cubismo, neoplasticismo e a abstra\u00e7\u00e3o.<\/span><\/p>\n<p><img loading=\"lazy\" decoding=\"async\" class=\"aligncenter size-full wp-image-160\" src=\"http:\/\/maringapost.com.br\/arquitetura\/wp-content\/uploads\/sites\/38\/2021\/08\/bauhaus.jpg\" alt=\"\" width=\"512\" height=\"355\" srcset=\"https:\/\/maringapost.com.br\/arquitetura\/wp-content\/uploads\/sites\/38\/2021\/08\/bauhaus.jpg 512w, https:\/\/maringapost.com.br\/arquitetura\/wp-content\/uploads\/sites\/38\/2021\/08\/bauhaus-300x208.jpg 300w, https:\/\/maringapost.com.br\/arquitetura\/wp-content\/uploads\/sites\/38\/2021\/08\/bauhaus-100x70.jpg 100w, https:\/\/maringapost.com.br\/arquitetura\/wp-content\/uploads\/sites\/38\/2021\/08\/bauhaus-218x150.jpg 218w\" sizes=\"(max-width: 512px) 100vw, 512px\" \/><\/p>\n<p><span style=\"font-weight: 400\">Esse dom\u00ednio das artes sobre a arquitetura tamb\u00e9m aconteceu no Brasil, inaugurado com o evento da Semana de Arte Moderna de 1922, movidos pelas tend\u00eancias europeias do cubismo, futurismo, dada\u00edsmo, expressionismo e surrealismo. Os artistas brasileiros desenvolveram este movimento cultural com caracter\u00edsticas pr\u00f3prias: com um forte nacionalismo, liberdade est\u00e9tica e cr\u00edtica social. A arquitetura moderna segue o mesmo caminho, caracterizada pelo desejo de ser mais acess\u00edvel, n\u00e3o apenas em um design mais limpo e funcional, mas tamb\u00e9m no emprego de materiais industriais e sistemas construtivos mais r\u00e1pidos, com o emprego do concreto armado e vidro.<\/span><\/p>\n<figure id=\"attachment_161\" aria-describedby=\"caption-attachment-161\" style=\"width: 512px\" class=\"wp-caption aligncenter\"><img loading=\"lazy\" decoding=\"async\" class=\"size-full wp-image-161\" src=\"http:\/\/maringapost.com.br\/arquitetura\/wp-content\/uploads\/sites\/38\/2021\/08\/Le-Corbusier.jpg\" alt=\"\" width=\"512\" height=\"342\" srcset=\"https:\/\/maringapost.com.br\/arquitetura\/wp-content\/uploads\/sites\/38\/2021\/08\/Le-Corbusier.jpg 512w, https:\/\/maringapost.com.br\/arquitetura\/wp-content\/uploads\/sites\/38\/2021\/08\/Le-Corbusier-300x200.jpg 300w\" sizes=\"(max-width: 512px) 100vw, 512px\" \/><figcaption id=\"caption-attachment-161\" class=\"wp-caption-text\">Le Corbusier _ O arquiteto franco su\u00ed\u00e7o projetou a Villa Savoye ou Maison Savoye (1931) que se tornou exemplo da arquitetura moderna, influenciando para outras vertentes como o minimalismo. (Foto: Pinterest)<\/figcaption><\/figure>\n<p><span style=\"font-weight: 400\">Neste movimento a arquitetura pelo mundo ganhou alguns nomes se tornaram refer\u00eancias por sua abordagem mais simplista e pelo emprego de plantas-baixas mais flex\u00edveis, nos EUA podemos citar Frank Lloyd Wright e na Europa o arquiteto Le Corbusier, um poderoso \u00edcone da arquitetura de fachadas limpas e cores brancas. N\u00e3o podemos deixar de citar a primeira escola de design no mundo: a alem\u00e3 Bauhaus, fundada pelo arquiteto<\/span> <span style=\"font-weight: 400\">Walter Gropius. Esta escola foi uma das mais importantes express\u00f5es do Modernismo no design e na arquitetura lan\u00e7ando tend\u00eancias internacionais e fazendo o contraponto entre os artes\u00e3os e a ind\u00fastria da constru\u00e7\u00e3o.<\/span><\/p>\n<figure id=\"attachment_162\" aria-describedby=\"caption-attachment-162\" style=\"width: 512px\" class=\"wp-caption aligncenter\"><img loading=\"lazy\" decoding=\"async\" class=\"size-full wp-image-162\" src=\"http:\/\/maringapost.com.br\/arquitetura\/wp-content\/uploads\/sites\/38\/2021\/08\/Frank-Lloyd-Wright.jpg\" alt=\"\" width=\"512\" height=\"328\" srcset=\"https:\/\/maringapost.com.br\/arquitetura\/wp-content\/uploads\/sites\/38\/2021\/08\/Frank-Lloyd-Wright.jpg 512w, https:\/\/maringapost.com.br\/arquitetura\/wp-content\/uploads\/sites\/38\/2021\/08\/Frank-Lloyd-Wright-300x192.jpg 300w\" sizes=\"(max-width: 512px) 100vw, 512px\" \/><figcaption id=\"caption-attachment-162\" class=\"wp-caption-text\">Frank Lloyd Wright _ seus projetos ainda influenciam com o uso de materiais como a pedra e a madeira extra\u00eddos do entorno do terreno, como exemplo sua famosa Casa da Cascata (1938) que atualmente \u00e9 um museu que recebe visitantes do mundo todo. (Foto: Pinterest)<\/figcaption><\/figure>\n<p><span style=\"font-weight: 400\">No Brasil a Arquitetura Moderna teve evid\u00eancia internacional impulsionada especialmente pelo discurso desenvolvimentista de Juscelino Kubitschek nas d\u00e9cadas de 50 e 60, em virtude disto os arquitetos mais conhecidos foram Oscar Niemeyer e L\u00facio Costa que ajudaram a romper com a arquitetura colonial, barroca e ecl\u00e9tica da \u00e9poca. Mas outros nomes tamb\u00e9m se destacaram, tais como: Lina Bo Bardi, Paulo Mendes da Rocha, Vilanova Artigas que desenvolveram produ\u00e7\u00f5es arquitet\u00f4nicas important\u00edssimas para a mudan\u00e7a da arquitetura brasileira. Suas obras fazem parte da hist\u00f3ria das nossas cidades, como o Masp em S\u00e3o Paulo. A produ\u00e7\u00e3o arquitet\u00f4nica desses profissionais s\u00e3o riqu\u00edssimas e merecem um novo post, mas isso podemos falar em outra hist\u00f3ria&#8230;<\/span><\/p>\n<figure id=\"attachment_163\" aria-describedby=\"caption-attachment-163\" style=\"width: 512px\" class=\"wp-caption aligncenter\"><img loading=\"lazy\" decoding=\"async\" class=\"size-full wp-image-163\" src=\"http:\/\/maringapost.com.br\/arquitetura\/wp-content\/uploads\/sites\/38\/2021\/08\/lina-bo-bardi-masp.jpg\" alt=\"\" width=\"512\" height=\"341\" srcset=\"https:\/\/maringapost.com.br\/arquitetura\/wp-content\/uploads\/sites\/38\/2021\/08\/lina-bo-bardi-masp.jpg 512w, https:\/\/maringapost.com.br\/arquitetura\/wp-content\/uploads\/sites\/38\/2021\/08\/lina-bo-bardi-masp-300x200.jpg 300w\" sizes=\"(max-width: 512px) 100vw, 512px\" \/><figcaption id=\"caption-attachment-163\" class=\"wp-caption-text\">Lina Bo Bardi_ refer\u00eancia na Avenida Paulista, o Masp (Museu de Arte de S\u00e3o Paulo Assis Chateaubriand, de 1968) de arquitetura moderna do movimento brutalista se caracteriza pelo emprego do concreto armado, grande v\u00e3o livre e a fachada em vidro. (Foto: IStock\/@Solange_Z)<\/figcaption><\/figure>\n<p>&nbsp;<\/p>\n<p><span style=\"font-weight: 400\">Fontes:<\/span><\/p>\n<p><span style=\"font-weight: 400\">PEVSNER, Nikolaus, Origens da arquitetura moderna e do design, tradu\u00e7\u00e3o: Luiz Raul Machado, 2 Edi\u00e7\u00e3o, S\u00e3o Paulo: Martins Fontes, 1996.<\/span><\/p>\n<p><a href=\"https:\/\/educacaoprofissional.seduc.ce.gov.br\/images\/material_didatico\/desenho_de_construcao_civil\/des_de_const_civil_historia_da_arquitetura_e_urbanismo.pdf\"><span style=\"font-weight: 400\">https:\/\/educacaoprofissional.seduc.ce.gov.br\/images\/material_didatico\/desenho_de_construcao_civil\/des_de_const_civil_historia_da_arquitetura_e_urbanismo.pdf<\/span><\/a><\/p>\n<p>&nbsp;<\/p>\n","protected":false},"excerpt":{"rendered":"<p>&nbsp; Por Arq. Adriana Lima &nbsp; Nesta segunda parte de Arquitetura e a Nossa Hist\u00f3ria vamos falar sobre a origem da arquitetura Moderna, influenciada pelo movimento est\u00e9tico chamado de Modernismo que impactou as obras brasileiras nas d\u00e9cadas de 30 e 60. Este movimento j\u00e1 acontecia em todo o mundo tomando for\u00e7a j\u00e1 na d\u00e9cada de [&hellip;]<\/p>\n","protected":false},"author":12226,"featured_media":164,"comment_status":"closed","ping_status":"open","sticky":false,"template":"","format":"standard","meta":{"_exactmetrics_skip_tracking":false,"_exactmetrics_sitenote_active":false,"_exactmetrics_sitenote_note":"","_exactmetrics_sitenote_category":0,"footnotes":""},"categories":[3,25,24],"tags":[5,29,31,26,30,28,27],"yoast_head":"<!-- This site is optimized with the Yoast SEO Premium plugin v22.7 (Yoast SEO v22.7) - https:\/\/yoast.com\/wordpress\/plugins\/seo\/ -->\n<title>Arquitetura e Nossa Hist\u00f3ria - Parte 2 - Arquitetura<\/title>\n<meta name=\"description\" content=\"A arquitetura Moderna e o movimento est\u00e9tico chamado de Modernismo que impactou as obras brasileiras nas d\u00e9cadas de 30 e 60\" \/>\n<meta name=\"robots\" content=\"index, follow, max-snippet:-1, max-image-preview:large, max-video-preview:-1\" \/>\n<link rel=\"canonical\" href=\"https:\/\/maringapost.com.br\/arquitetura\/2021\/08\/14\/arquitetura-e-nossa-historia-parte-2\/\" \/>\n<meta property=\"og:locale\" content=\"pt_BR\" \/>\n<meta property=\"og:type\" content=\"article\" \/>\n<meta property=\"og:title\" content=\"Arquitetura e Nossa Hist\u00f3ria - Parte 2\" \/>\n<meta property=\"og:description\" content=\"A arquitetura Moderna e o movimento est\u00e9tico chamado de Modernismo que impactou as obras brasileiras nas d\u00e9cadas de 30 e 60\" \/>\n<meta property=\"og:url\" content=\"https:\/\/maringapost.com.br\/arquitetura\/2021\/08\/14\/arquitetura-e-nossa-historia-parte-2\/\" \/>\n<meta property=\"og:site_name\" content=\"Arquitetura\" \/>\n<meta property=\"article:published_time\" content=\"2021-08-14T13:09:00+00:00\" \/>\n<meta property=\"article:modified_time\" content=\"2021-08-17T13:59:50+00:00\" \/>\n<meta property=\"og:image\" content=\"https:\/\/maringapost.com.br\/arquitetura\/wp-content\/uploads\/sites\/38\/2021\/08\/arquitetura-destaque.jpg\" \/>\n\t<meta property=\"og:image:width\" content=\"750\" \/>\n\t<meta property=\"og:image:height\" content=\"563\" \/>\n\t<meta property=\"og:image:type\" content=\"image\/jpeg\" \/>\n<meta name=\"author\" content=\"Reda\u00e7\u00e3o\" \/>\n<meta name=\"twitter:card\" content=\"summary_large_image\" \/>\n<meta name=\"twitter:label1\" content=\"Escrito por\" \/>\n\t<meta name=\"twitter:data1\" content=\"\" \/>\n\t<meta name=\"twitter:label2\" content=\"Est. tempo de leitura\" \/>\n\t<meta name=\"twitter:data2\" content=\"4 minutos\" \/>\n<script type=\"application\/ld+json\" class=\"yoast-schema-graph\">{\"@context\":\"https:\/\/schema.org\",\"@graph\":[{\"@type\":\"WebPage\",\"@id\":\"https:\/\/maringapost.com.br\/arquitetura\/2021\/08\/14\/arquitetura-e-nossa-historia-parte-2\/\",\"url\":\"https:\/\/maringapost.com.br\/arquitetura\/2021\/08\/14\/arquitetura-e-nossa-historia-parte-2\/\",\"name\":\"Arquitetura e Nossa Hist\u00f3ria - Parte 2 - Arquitetura\",\"isPartOf\":{\"@id\":\"https:\/\/maringapost.com.br\/arquitetura\/#website\"},\"primaryImageOfPage\":{\"@id\":\"https:\/\/maringapost.com.br\/arquitetura\/2021\/08\/14\/arquitetura-e-nossa-historia-parte-2\/#primaryimage\"},\"image\":{\"@id\":\"https:\/\/maringapost.com.br\/arquitetura\/2021\/08\/14\/arquitetura-e-nossa-historia-parte-2\/#primaryimage\"},\"thumbnailUrl\":\"https:\/\/maringapost.com.br\/arquitetura\/wp-content\/uploads\/sites\/38\/2021\/08\/arquitetura-destaque.jpg\",\"datePublished\":\"2021-08-14T13:09:00+00:00\",\"dateModified\":\"2021-08-17T13:59:50+00:00\",\"author\":{\"@id\":\"https:\/\/maringapost.com.br\/arquitetura\/#\/schema\/person\/04f7ca326571fd6a271cbc94b3349803\"},\"description\":\"A arquitetura Moderna e o movimento est\u00e9tico chamado de Modernismo que impactou as obras brasileiras nas d\u00e9cadas de 30 e 60\",\"breadcrumb\":{\"@id\":\"https:\/\/maringapost.com.br\/arquitetura\/2021\/08\/14\/arquitetura-e-nossa-historia-parte-2\/#breadcrumb\"},\"inLanguage\":\"pt-BR\",\"potentialAction\":[{\"@type\":\"ReadAction\",\"target\":[\"https:\/\/maringapost.com.br\/arquitetura\/2021\/08\/14\/arquitetura-e-nossa-historia-parte-2\/\"]}]},{\"@type\":\"ImageObject\",\"inLanguage\":\"pt-BR\",\"@id\":\"https:\/\/maringapost.com.br\/arquitetura\/2021\/08\/14\/arquitetura-e-nossa-historia-parte-2\/#primaryimage\",\"url\":\"https:\/\/maringapost.com.br\/arquitetura\/wp-content\/uploads\/sites\/38\/2021\/08\/arquitetura-destaque.jpg\",\"contentUrl\":\"https:\/\/maringapost.com.br\/arquitetura\/wp-content\/uploads\/sites\/38\/2021\/08\/arquitetura-destaque.jpg\",\"width\":750,\"height\":563},{\"@type\":\"BreadcrumbList\",\"@id\":\"https:\/\/maringapost.com.br\/arquitetura\/2021\/08\/14\/arquitetura-e-nossa-historia-parte-2\/#breadcrumb\",\"itemListElement\":[{\"@type\":\"ListItem\",\"position\":1,\"name\":\"In\u00edcio\",\"item\":\"https:\/\/maringapost.com.br\/arquitetura\/\"},{\"@type\":\"ListItem\",\"position\":2,\"name\":\"Arquitetura e Nossa Hist\u00f3ria &#8211; Parte 2\"}]},{\"@type\":\"WebSite\",\"@id\":\"https:\/\/maringapost.com.br\/arquitetura\/#website\",\"url\":\"https:\/\/maringapost.com.br\/arquitetura\/\",\"name\":\"Arquitetura\",\"description\":\"\",\"potentialAction\":[{\"@type\":\"SearchAction\",\"target\":{\"@type\":\"EntryPoint\",\"urlTemplate\":\"https:\/\/maringapost.com.br\/arquitetura\/?s={search_term_string}\"},\"query-input\":\"required name=search_term_string\"}],\"inLanguage\":\"pt-BR\"},{\"@type\":\"Person\",\"@id\":\"https:\/\/maringapost.com.br\/arquitetura\/#\/schema\/person\/04f7ca326571fd6a271cbc94b3349803\",\"name\":\"Reda\u00e7\u00e3o\",\"image\":{\"@type\":\"ImageObject\",\"inLanguage\":\"pt-BR\",\"@id\":\"https:\/\/maringapost.com.br\/arquitetura\/#\/schema\/person\/image\/\",\"url\":\"https:\/\/secure.gravatar.com\/avatar\/7a388898535e5f37ea137827dc50ae61?s=96&d=mm&r=g\",\"contentUrl\":\"https:\/\/secure.gravatar.com\/avatar\/7a388898535e5f37ea137827dc50ae61?s=96&d=mm&r=g\",\"caption\":\"Reda\u00e7\u00e3o\"},\"url\":\"https:\/\/maringapost.com.br\/arquitetura\/author\/adrianalima\/\"}]}<\/script>\n<!-- \/ Yoast SEO Premium plugin. -->","yoast_head_json":{"title":"Arquitetura e Nossa Hist\u00f3ria - Parte 2 - Arquitetura","description":"A arquitetura Moderna e o movimento est\u00e9tico chamado de Modernismo que impactou as obras brasileiras nas d\u00e9cadas de 30 e 60","robots":{"index":"index","follow":"follow","max-snippet":"max-snippet:-1","max-image-preview":"max-image-preview:large","max-video-preview":"max-video-preview:-1"},"canonical":"https:\/\/maringapost.com.br\/arquitetura\/2021\/08\/14\/arquitetura-e-nossa-historia-parte-2\/","og_locale":"pt_BR","og_type":"article","og_title":"Arquitetura e Nossa Hist\u00f3ria - Parte 2","og_description":"A arquitetura Moderna e o movimento est\u00e9tico chamado de Modernismo que impactou as obras brasileiras nas d\u00e9cadas de 30 e 60","og_url":"https:\/\/maringapost.com.br\/arquitetura\/2021\/08\/14\/arquitetura-e-nossa-historia-parte-2\/","og_site_name":"Arquitetura","article_published_time":"2021-08-14T13:09:00+00:00","article_modified_time":"2021-08-17T13:59:50+00:00","og_image":[{"width":750,"height":563,"url":"https:\/\/maringapost.com.br\/arquitetura\/wp-content\/uploads\/sites\/38\/2021\/08\/arquitetura-destaque.jpg","type":"image\/jpeg"}],"author":"Reda\u00e7\u00e3o","twitter_card":"summary_large_image","twitter_misc":{"Escrito por":false,"Est. tempo de leitura":"4 minutos"},"schema":{"@context":"https:\/\/schema.org","@graph":[{"@type":"WebPage","@id":"https:\/\/maringapost.com.br\/arquitetura\/2021\/08\/14\/arquitetura-e-nossa-historia-parte-2\/","url":"https:\/\/maringapost.com.br\/arquitetura\/2021\/08\/14\/arquitetura-e-nossa-historia-parte-2\/","name":"Arquitetura e Nossa Hist\u00f3ria - Parte 2 - Arquitetura","isPartOf":{"@id":"https:\/\/maringapost.com.br\/arquitetura\/#website"},"primaryImageOfPage":{"@id":"https:\/\/maringapost.com.br\/arquitetura\/2021\/08\/14\/arquitetura-e-nossa-historia-parte-2\/#primaryimage"},"image":{"@id":"https:\/\/maringapost.com.br\/arquitetura\/2021\/08\/14\/arquitetura-e-nossa-historia-parte-2\/#primaryimage"},"thumbnailUrl":"https:\/\/maringapost.com.br\/arquitetura\/wp-content\/uploads\/sites\/38\/2021\/08\/arquitetura-destaque.jpg","datePublished":"2021-08-14T13:09:00+00:00","dateModified":"2021-08-17T13:59:50+00:00","author":{"@id":"https:\/\/maringapost.com.br\/arquitetura\/#\/schema\/person\/04f7ca326571fd6a271cbc94b3349803"},"description":"A arquitetura Moderna e o movimento est\u00e9tico chamado de Modernismo que impactou as obras brasileiras nas d\u00e9cadas de 30 e 60","breadcrumb":{"@id":"https:\/\/maringapost.com.br\/arquitetura\/2021\/08\/14\/arquitetura-e-nossa-historia-parte-2\/#breadcrumb"},"inLanguage":"pt-BR","potentialAction":[{"@type":"ReadAction","target":["https:\/\/maringapost.com.br\/arquitetura\/2021\/08\/14\/arquitetura-e-nossa-historia-parte-2\/"]}]},{"@type":"ImageObject","inLanguage":"pt-BR","@id":"https:\/\/maringapost.com.br\/arquitetura\/2021\/08\/14\/arquitetura-e-nossa-historia-parte-2\/#primaryimage","url":"https:\/\/maringapost.com.br\/arquitetura\/wp-content\/uploads\/sites\/38\/2021\/08\/arquitetura-destaque.jpg","contentUrl":"https:\/\/maringapost.com.br\/arquitetura\/wp-content\/uploads\/sites\/38\/2021\/08\/arquitetura-destaque.jpg","width":750,"height":563},{"@type":"BreadcrumbList","@id":"https:\/\/maringapost.com.br\/arquitetura\/2021\/08\/14\/arquitetura-e-nossa-historia-parte-2\/#breadcrumb","itemListElement":[{"@type":"ListItem","position":1,"name":"In\u00edcio","item":"https:\/\/maringapost.com.br\/arquitetura\/"},{"@type":"ListItem","position":2,"name":"Arquitetura e Nossa Hist\u00f3ria &#8211; Parte 2"}]},{"@type":"WebSite","@id":"https:\/\/maringapost.com.br\/arquitetura\/#website","url":"https:\/\/maringapost.com.br\/arquitetura\/","name":"Arquitetura","description":"","potentialAction":[{"@type":"SearchAction","target":{"@type":"EntryPoint","urlTemplate":"https:\/\/maringapost.com.br\/arquitetura\/?s={search_term_string}"},"query-input":"required name=search_term_string"}],"inLanguage":"pt-BR"},{"@type":"Person","@id":"https:\/\/maringapost.com.br\/arquitetura\/#\/schema\/person\/04f7ca326571fd6a271cbc94b3349803","name":"Reda\u00e7\u00e3o","image":{"@type":"ImageObject","inLanguage":"pt-BR","@id":"https:\/\/maringapost.com.br\/arquitetura\/#\/schema\/person\/image\/","url":"https:\/\/secure.gravatar.com\/avatar\/7a388898535e5f37ea137827dc50ae61?s=96&d=mm&r=g","contentUrl":"https:\/\/secure.gravatar.com\/avatar\/7a388898535e5f37ea137827dc50ae61?s=96&d=mm&r=g","caption":"Reda\u00e7\u00e3o"},"url":"https:\/\/maringapost.com.br\/arquitetura\/author\/adrianalima\/"}]}},"_links":{"self":[{"href":"https:\/\/maringapost.com.br\/arquitetura\/wp-json\/wp\/v2\/posts\/158"}],"collection":[{"href":"https:\/\/maringapost.com.br\/arquitetura\/wp-json\/wp\/v2\/posts"}],"about":[{"href":"https:\/\/maringapost.com.br\/arquitetura\/wp-json\/wp\/v2\/types\/post"}],"author":[{"embeddable":true,"href":"https:\/\/maringapost.com.br\/arquitetura\/wp-json\/wp\/v2\/users\/12226"}],"replies":[{"embeddable":true,"href":"https:\/\/maringapost.com.br\/arquitetura\/wp-json\/wp\/v2\/comments?post=158"}],"version-history":[{"count":5,"href":"https:\/\/maringapost.com.br\/arquitetura\/wp-json\/wp\/v2\/posts\/158\/revisions"}],"predecessor-version":[{"id":171,"href":"https:\/\/maringapost.com.br\/arquitetura\/wp-json\/wp\/v2\/posts\/158\/revisions\/171"}],"wp:featuredmedia":[{"embeddable":true,"href":"https:\/\/maringapost.com.br\/arquitetura\/wp-json\/wp\/v2\/media\/164"}],"wp:attachment":[{"href":"https:\/\/maringapost.com.br\/arquitetura\/wp-json\/wp\/v2\/media?parent=158"}],"wp:term":[{"taxonomy":"category","embeddable":true,"href":"https:\/\/maringapost.com.br\/arquitetura\/wp-json\/wp\/v2\/categories?post=158"},{"taxonomy":"post_tag","embeddable":true,"href":"https:\/\/maringapost.com.br\/arquitetura\/wp-json\/wp\/v2\/tags?post=158"}],"curies":[{"name":"wp","href":"https:\/\/api.w.org\/{rel}","templated":true}]}}