{"id":137,"date":"2021-08-06T14:43:50","date_gmt":"2021-08-06T17:43:50","guid":{"rendered":"http:\/\/maringapost.com.br\/arquitetura\/?p=137"},"modified":"2021-08-14T10:12:31","modified_gmt":"2021-08-14T13:12:31","slug":"uma-serie-sobre-arquitetura-e-a-nossa-historia","status":"publish","type":"post","link":"https:\/\/maringapost.com.br\/arquitetura\/2021\/08\/06\/uma-serie-sobre-arquitetura-e-a-nossa-historia\/","title":{"rendered":"Arquitetura e Nossa Hist\u00f3ria &#8211; Parte 1"},"content":{"rendered":"<p>Por Adriana Lima<\/p>\n<p>Como arquiteta, a minha maior paix\u00e3o s\u00e3o os projetos arquitet\u00f4nicos, aqueles que tecnicamente desenvolvemos para o construtor levantar as paredes que se tornar\u00e3o as nossas casas, edif\u00edcios, com\u00e9rcios, teatros; cujo conjunto ampliado e organizado dessas obras se tornar\u00e3o as nossas cidades. E para falar de arquitetura vamos come\u00e7ar do in\u00edcio, que tamb\u00e9m faz parte da hist\u00f3ria da humanidade civilizada, da nossa evolu\u00e7\u00e3o. Vamos falar aqui, de forma bem resumida e despretensiosa, como surgiram os diversos estilos das constru\u00e7\u00f5es que historicamente ainda s\u00e3o refer\u00eancias para a <a href=\"https:\/\/br.pinterest.com\/pin\/181199584997063027\/sent\/?invite_code=00c23752c01e46ff9f0c3fe89ec7212c&amp;sender=412783259504635092&amp;sfo=1\">arquitetura da atualidade<\/a>.<\/p>\n<figure id=\"attachment_139\" aria-describedby=\"caption-attachment-139\" style=\"width: 341px\" class=\"wp-caption aligncenter\"><img loading=\"lazy\" decoding=\"async\" class=\"size-full wp-image-139\" src=\"http:\/\/maringapost.com.br\/arquitetura\/wp-content\/uploads\/sites\/38\/2021\/08\/arq-histo-5.jpg\" alt=\"\" width=\"341\" height=\"512\" srcset=\"https:\/\/maringapost.com.br\/arquitetura\/wp-content\/uploads\/sites\/38\/2021\/08\/arq-histo-5.jpg 341w, https:\/\/maringapost.com.br\/arquitetura\/wp-content\/uploads\/sites\/38\/2021\/08\/arq-histo-5-200x300.jpg 200w, https:\/\/maringapost.com.br\/arquitetura\/wp-content\/uploads\/sites\/38\/2021\/08\/arq-histo-5-280x420.jpg 280w\" sizes=\"(max-width: 341px) 100vw, 341px\" \/><figcaption id=\"caption-attachment-139\" class=\"wp-caption-text\">Complexo de Giz\u00e9, Egito_ a monumentalidade da arquitetura eg\u00edpcia \u00e9 marcada por suas pir\u00e2mides e esfinges (esta escultura com 20m de altura) que se relacionam com sua religi\u00e3o e seus monarcas. Esta foi constru\u00edda para representar o poder do fara\u00f3 Qu\u00e9fren, reinou entre 2558 a.C \u2013 2532 a.C. (foto: Getty Images)<\/figcaption><\/figure>\n<p>Desde os prim\u00f3rdios, quando o homem deixou de ser n\u00f4made e passou a se abrigar em constru\u00e7\u00f5es mais elaboradas, surgiu a arquitetura propriamente dita, constitu\u00edda de elementos t\u00e9cnicos da constru\u00e7\u00e3o e a preocupa\u00e7\u00e3o com os adornos. Isto aconteceu especialmente, por volta do ano 4.000 a.C. na chamada Revolu\u00e7\u00e3o Urbana, quando surgiram as cidades. Os antigos<\/p>\n<p>eg\u00edpcios e sum\u00e9rios com seus edif\u00edcios monumentais foram as primeiras civiliza\u00e7\u00f5es a fazer da arquitetura a arte de elaborar espa\u00e7os constru\u00eddos para expressar a import\u00e2ncia da sua f\u00e9 e de sua cultura.<\/p>\n<figure id=\"attachment_141\" aria-describedby=\"caption-attachment-141\" style=\"width: 512px\" class=\"wp-caption aligncenter\"><img loading=\"lazy\" decoding=\"async\" class=\"size-full wp-image-141\" src=\"http:\/\/maringapost.com.br\/arquitetura\/wp-content\/uploads\/sites\/38\/2021\/08\/arq-historia-4.jpg\" alt=\"\" width=\"512\" height=\"341\" srcset=\"https:\/\/maringapost.com.br\/arquitetura\/wp-content\/uploads\/sites\/38\/2021\/08\/arq-historia-4.jpg 512w, https:\/\/maringapost.com.br\/arquitetura\/wp-content\/uploads\/sites\/38\/2021\/08\/arq-historia-4-300x200.jpg 300w\" sizes=\"(max-width: 512px) 100vw, 512px\" \/><figcaption id=\"caption-attachment-141\" class=\"wp-caption-text\">Arquitetura da antiguidade asi\u00e1tica tamb\u00e9m merece destaque, com as grandes constru\u00e7\u00f5es religiosas e mausol\u00e9us erguidos na \u00cdndia, China, Jap\u00e3o, China, al\u00e9m das civiliza\u00e7\u00f5es incas e astecas no Peru e M\u00e9xico. (Foto: Lian Rodriguez)<\/figcaption><\/figure>\n<p>O \u00e1pice da arquitetura antiga se deu durante a civiliza\u00e7\u00e3o grega e romana com o chamado per\u00edodo Cl\u00e1ssico da Arquitetura (VII a.C. at\u00e9 476 d.C.), \u00e9 deste per\u00edodo que vamos identificar diversos elementos est\u00e9ticos que ainda est\u00e3o presentes em nossa arquitetura contempor\u00e2nea como as colunas e front\u00f5es ornamentados. Esta arquitetura foi embasada na beleza universal, na geometria e matem\u00e1tica da perfeita simetria.<\/p>\n<figure id=\"attachment_142\" aria-describedby=\"caption-attachment-142\" style=\"width: 512px\" class=\"wp-caption aligncenter\"><img loading=\"lazy\" decoding=\"async\" class=\"size-full wp-image-142\" src=\"http:\/\/maringapost.com.br\/arquitetura\/wp-content\/uploads\/sites\/38\/2021\/08\/arq-hist-2.jpg\" alt=\"\" width=\"512\" height=\"342\" srcset=\"https:\/\/maringapost.com.br\/arquitetura\/wp-content\/uploads\/sites\/38\/2021\/08\/arq-hist-2.jpg 512w, https:\/\/maringapost.com.br\/arquitetura\/wp-content\/uploads\/sites\/38\/2021\/08\/arq-hist-2-300x200.jpg 300w\" sizes=\"(max-width: 512px) 100vw, 512px\" \/><figcaption id=\"caption-attachment-142\" class=\"wp-caption-text\">O Partenon, Gr\u00e9cia (V a.C) _ s\u00edmbolo da arquitetura grega, foi um templo dedicado \u00e0 deusa grega Atenas, na Acr\u00f3pole de Atenas, foi constru\u00edda por iniciativa de P\u00e9ricles, governante da cidade (foto: Gabriel Georgescu \/ Shutterstock.com)<\/figcaption><\/figure>\n<p>A arquitetura medieval (s\u00e9c. V \u00e0 XV d.C) se destacou por possuir diversas manifesta\u00e7\u00f5es art\u00edsticas que fizeram surgir estilos pr\u00f3prios como o g\u00f3tico, rom\u00e2nico, bizantino e paleocrist\u00e3, presentes especialmente em mosteiros, igrejas, conventos e catedrais. Como elementos caracter\u00edsticos desse per\u00edodo temos os vitrais, o uso repetitivo da simbologia crist\u00e3 e a est\u00e9tica<\/p>\n<p>rebuscada, que logo abriu lugar para a arquitetura barroca, com forte apelo religioso, cuja representa\u00e7\u00e3o no Brasil temos diversas obras de igrejas, especialmente no estado de Minas Gerais.<\/p>\n<p><img loading=\"lazy\" decoding=\"async\" class=\"aligncenter size-full wp-image-143\" src=\"http:\/\/maringapost.com.br\/arquitetura\/wp-content\/uploads\/sites\/38\/2021\/08\/arq-historia-1.jpg\" alt=\"\" width=\"512\" height=\"342\" srcset=\"https:\/\/maringapost.com.br\/arquitetura\/wp-content\/uploads\/sites\/38\/2021\/08\/arq-historia-1.jpg 512w, https:\/\/maringapost.com.br\/arquitetura\/wp-content\/uploads\/sites\/38\/2021\/08\/arq-historia-1-300x200.jpg 300w\" sizes=\"(max-width: 512px) 100vw, 512px\" \/><\/p>\n<p>Catedral de Notre-Dame, de Paris (1.163) _ uma das mais antigas catedrais em estilo g\u00f3tico \u00e9 uma refer\u00eancia da arquitetura medieval no mundo.<\/p>\n<p><img loading=\"lazy\" decoding=\"async\" class=\"aligncenter size-full wp-image-144\" src=\"http:\/\/maringapost.com.br\/arquitetura\/wp-content\/uploads\/sites\/38\/2021\/08\/arq-hist.jpg\" alt=\"\" width=\"342\" height=\"512\" srcset=\"https:\/\/maringapost.com.br\/arquitetura\/wp-content\/uploads\/sites\/38\/2021\/08\/arq-hist.jpg 342w, https:\/\/maringapost.com.br\/arquitetura\/wp-content\/uploads\/sites\/38\/2021\/08\/arq-hist-200x300.jpg 200w, https:\/\/maringapost.com.br\/arquitetura\/wp-content\/uploads\/sites\/38\/2021\/08\/arq-hist-281x420.jpg 281w\" sizes=\"(max-width: 342px) 100vw, 342px\" \/><\/p>\n<p>Bas\u00edlica de S\u00e3o Pedro, Vaticano (1506-1626) _ De arquitetura renascentista, sua constru\u00e7\u00e3o recebeu contribui\u00e7\u00f5es de alguns dos maiores artistas da hist\u00f3ria da humanidade, tais como Bramante, Michel\u00e2ngelo, Rafael e Bernini.<\/p>\n<p>A arquitetura como ci\u00eancia, obedecendo ao dom\u00ednio de ordem t\u00e9cnica, est\u00e9tica e funcional para projetar edifica\u00e7\u00f5es surgiu como escola apenas durante a arquitetura renascentista (s\u00e9c. XIV e XVI) na It\u00e1lia, como uma subdivis\u00e3o da arte. Foi nesta \u00e9poca tamb\u00e9m que o arquiteto passou a trabalhar como aut\u00f4nomo, financiado pela nobreza, pelo clero e pela burguesia em ascens\u00e3o. Outro fato que revolucionou os projetos arquitet\u00f4nicos nesse per\u00edodo foi o surgimento da perspectiva, criada pelo arquiteto e artista Filippo Brunelleschi. Uma \u00e9poca de grande efervesc\u00eancia cultural na Europa, com o surgimento de diversos nomes e grandes g\u00eanios art\u00edsticos que tamb\u00e9m eram arquitetos como Michelangelo, Palladio e o renascentista mais completo Leonardo da Vinci.<\/p>\n<p><img loading=\"lazy\" decoding=\"async\" class=\"aligncenter size-full wp-image-146\" src=\"http:\/\/maringapost.com.br\/arquitetura\/wp-content\/uploads\/sites\/38\/2021\/08\/arquiteto-andrew.jpg\" alt=\"\" width=\"512\" height=\"512\" srcset=\"https:\/\/maringapost.com.br\/arquitetura\/wp-content\/uploads\/sites\/38\/2021\/08\/arquiteto-andrew.jpg 512w, https:\/\/maringapost.com.br\/arquitetura\/wp-content\/uploads\/sites\/38\/2021\/08\/arquiteto-andrew-300x300.jpg 300w, https:\/\/maringapost.com.br\/arquitetura\/wp-content\/uploads\/sites\/38\/2021\/08\/arquiteto-andrew-150x150.jpg 150w, https:\/\/maringapost.com.br\/arquitetura\/wp-content\/uploads\/sites\/38\/2021\/08\/arquiteto-andrew-420x420.jpg 420w\" sizes=\"(max-width: 512px) 100vw, 512px\" \/><\/p>\n<p>Arquiteto ingl\u00eas Norman Foster, adepto da arquitetura tecnicista o emprego do vidro e a\u00e7o s\u00e3o constantes em seus projetos, al\u00e9m de um design org\u00e2nico e preocupa\u00e7\u00e3o com sustentabilidade. (foto:Pinterest)<\/p>\n<p>J\u00e1 na Idade Contempor\u00e2nea com a Revolu\u00e7\u00e3o Industrial surgiram diversos movimentos art\u00edsticos que se tornaram estilos arquitet\u00f4nicos como o neoclassicismo, o ecletismo e o art nouveaum, (que merecem um novo post). Ap\u00f3s a Primeira Guerra Mundial (1914-18) nasce uma arquitetura mais limpa em seus adornos e mais funcional que precisava atender a demanda da \u00e9poca: a arquitetura moderna. Esta influenciou grandemente nossos edif\u00edcios, especialmente o centro c\u00edvico de Bras\u00edlia. J\u00e1 com o advento da Segunda Guerra Mundial e a revolu\u00e7\u00e3o da inform\u00e1tica, a globaliza\u00e7\u00e3o e o apelo ecol\u00f3gico trazem diversos movimentos provenientes da arquitetura P\u00f3s-moderna que atua at\u00e9 hoje trazendo uma arquitetura mais funcional e tecnol\u00f3gica, como \u00e9 o caso do tecnicismo e do minimalismo.<\/p>\n<p>Falar de arquitetura e hist\u00f3ria \u00e9 falar da nossa evolu\u00e7\u00e3o humana, da nossa cultura e das nossas express\u00f5es art\u00edsticas, de como tudo isso se manifesta junto ao comportamento humano e suas novas descobertas, conquistas tecnol\u00f3gicas e fatores pol\u00edticos, clim\u00e1ticos e locais. A arquitetura ent\u00e3o se torna um reflexo da hist\u00f3ria de cada regi\u00e3o, de cada, cliente, de cada arquiteto que usou a tecnologia dispon\u00edvel para interpretar por interm\u00e9dio de sua obra aquilo que viveu e interpretou quanto as quest\u00f5es est\u00e9ticas e sociais de sua \u00e9poca. Pra falar de hist\u00f3ria \u00e9 preciso ter tempo pra relembrar, pra reviver e pra analisar, por isso, nos pr\u00f3ximos posts ainda vamos continuar com esse assunto. Aguardem&#8230;<\/p>\n<p>Fontes:<\/p>\n<p><em><strong>CASTELNOU, Antonio Manuel N. Introdu\u00e7\u00e3o a arquitetura, Departamento de Arquitetura e Urbanismo, Londrina 1997. https:\/\/educacaoprofissional.seduc.ce.gov.br\/images\/material_didatico\/desenho_de_construcao_civil\/des_de_const_civil_historia_da_arquitetura_e_urbanismo.pdf<\/strong><\/em><\/p>\n<p>http:\/\/estruturandocivil.blogspot.com\/2015\/05\/historia-das-construcoes-parte-2.html<\/p>\n<p>https:\/\/www.weg.net\/tomadas\/blog\/arquitetura\/grandes<\/p>\n<p><strong>Redes sociais de Adriana Lima<\/strong><\/p>\n<p>https:\/\/adrianalima.arq.br\/<\/p>\n<p><a href=\"https:\/\/www.instagram.com\/arq.adrianalima\/\">https:\/\/www.instagram.com\/arq.adrianalima\/<\/a><\/p>\n<p><a href=\"https:\/\/www.facebook.com\/adrianalima.arq.br\">https:\/\/www.facebook.com\/adrianalima.arq.br<\/a><\/p>\n<p>&nbsp;<\/p>\n","protected":false},"excerpt":{"rendered":"<p>Por Adriana Lima Como arquiteta, a minha maior paix\u00e3o s\u00e3o os projetos arquitet\u00f4nicos, aqueles que tecnicamente desenvolvemos para o construtor levantar as paredes que se tornar\u00e3o as nossas casas, edif\u00edcios, com\u00e9rcios, teatros; cujo conjunto ampliado e organizado dessas obras se tornar\u00e3o as nossas cidades. E para falar de arquitetura vamos come\u00e7ar do in\u00edcio, que tamb\u00e9m [&hellip;]<\/p>\n","protected":false},"author":12226,"featured_media":138,"comment_status":"closed","ping_status":"open","sticky":false,"template":"","format":"standard","meta":{"_exactmetrics_skip_tracking":false,"_exactmetrics_sitenote_active":false,"_exactmetrics_sitenote_note":"","_exactmetrics_sitenote_category":0,"footnotes":""},"categories":[3,25,24],"tags":[22,19,20,23,21],"yoast_head":"<!-- This site is optimized with the Yoast SEO Premium plugin v22.7 (Yoast SEO v22.7) - https:\/\/yoast.com\/wordpress\/plugins\/seo\/ -->\n<title>Arquitetura e Nossa Hist\u00f3ria - Parte 1 - Arquitetura<\/title>\n<meta name=\"description\" content=\"Qual a import\u00e2ncia hist\u00f3rica daqueles que concebiam os projetos para que os construtores pudessem executar obras.\" \/>\n<meta name=\"robots\" content=\"index, follow, max-snippet:-1, max-image-preview:large, max-video-preview:-1\" \/>\n<link rel=\"canonical\" href=\"https:\/\/maringapost.com.br\/arquitetura\/2021\/08\/06\/uma-serie-sobre-arquitetura-e-a-nossa-historia\/\" \/>\n<meta property=\"og:locale\" content=\"pt_BR\" \/>\n<meta property=\"og:type\" content=\"article\" \/>\n<meta property=\"og:title\" content=\"Arquitetura e Nossa Hist\u00f3ria - Parte 1\" \/>\n<meta property=\"og:description\" content=\"Qual a import\u00e2ncia hist\u00f3rica daqueles que concebiam os projetos para que os construtores pudessem executar obras.\" \/>\n<meta property=\"og:url\" content=\"https:\/\/maringapost.com.br\/arquitetura\/2021\/08\/06\/uma-serie-sobre-arquitetura-e-a-nossa-historia\/\" \/>\n<meta property=\"og:site_name\" content=\"Arquitetura\" \/>\n<meta property=\"article:published_time\" content=\"2021-08-06T17:43:50+00:00\" \/>\n<meta property=\"article:modified_time\" content=\"2021-08-14T13:12:31+00:00\" \/>\n<meta property=\"og:image\" content=\"https:\/\/maringapost.com.br\/arquitetura\/wp-content\/uploads\/sites\/38\/2021\/08\/arq-historia-6.jpg\" \/>\n\t<meta property=\"og:image:width\" content=\"512\" \/>\n\t<meta property=\"og:image:height\" content=\"384\" \/>\n\t<meta property=\"og:image:type\" content=\"image\/jpeg\" \/>\n<meta name=\"author\" content=\"Reda\u00e7\u00e3o\" \/>\n<meta name=\"twitter:card\" content=\"summary_large_image\" \/>\n<meta name=\"twitter:label1\" content=\"Escrito por\" \/>\n\t<meta name=\"twitter:data1\" content=\"\" \/>\n\t<meta name=\"twitter:label2\" content=\"Est. tempo de leitura\" \/>\n\t<meta name=\"twitter:data2\" content=\"6 minutos\" \/>\n<script type=\"application\/ld+json\" class=\"yoast-schema-graph\">{\"@context\":\"https:\/\/schema.org\",\"@graph\":[{\"@type\":\"WebPage\",\"@id\":\"https:\/\/maringapost.com.br\/arquitetura\/2021\/08\/06\/uma-serie-sobre-arquitetura-e-a-nossa-historia\/\",\"url\":\"https:\/\/maringapost.com.br\/arquitetura\/2021\/08\/06\/uma-serie-sobre-arquitetura-e-a-nossa-historia\/\",\"name\":\"Arquitetura e Nossa Hist\u00f3ria - Parte 1 - Arquitetura\",\"isPartOf\":{\"@id\":\"https:\/\/maringapost.com.br\/arquitetura\/#website\"},\"primaryImageOfPage\":{\"@id\":\"https:\/\/maringapost.com.br\/arquitetura\/2021\/08\/06\/uma-serie-sobre-arquitetura-e-a-nossa-historia\/#primaryimage\"},\"image\":{\"@id\":\"https:\/\/maringapost.com.br\/arquitetura\/2021\/08\/06\/uma-serie-sobre-arquitetura-e-a-nossa-historia\/#primaryimage\"},\"thumbnailUrl\":\"https:\/\/maringapost.com.br\/arquitetura\/wp-content\/uploads\/sites\/38\/2021\/08\/arq-historia-6.jpg\",\"datePublished\":\"2021-08-06T17:43:50+00:00\",\"dateModified\":\"2021-08-14T13:12:31+00:00\",\"author\":{\"@id\":\"https:\/\/maringapost.com.br\/arquitetura\/#\/schema\/person\/04f7ca326571fd6a271cbc94b3349803\"},\"description\":\"Qual a import\u00e2ncia hist\u00f3rica daqueles que concebiam os projetos para que os construtores pudessem executar obras.\",\"breadcrumb\":{\"@id\":\"https:\/\/maringapost.com.br\/arquitetura\/2021\/08\/06\/uma-serie-sobre-arquitetura-e-a-nossa-historia\/#breadcrumb\"},\"inLanguage\":\"pt-BR\",\"potentialAction\":[{\"@type\":\"ReadAction\",\"target\":[\"https:\/\/maringapost.com.br\/arquitetura\/2021\/08\/06\/uma-serie-sobre-arquitetura-e-a-nossa-historia\/\"]}]},{\"@type\":\"ImageObject\",\"inLanguage\":\"pt-BR\",\"@id\":\"https:\/\/maringapost.com.br\/arquitetura\/2021\/08\/06\/uma-serie-sobre-arquitetura-e-a-nossa-historia\/#primaryimage\",\"url\":\"https:\/\/maringapost.com.br\/arquitetura\/wp-content\/uploads\/sites\/38\/2021\/08\/arq-historia-6.jpg\",\"contentUrl\":\"https:\/\/maringapost.com.br\/arquitetura\/wp-content\/uploads\/sites\/38\/2021\/08\/arq-historia-6.jpg\",\"width\":512,\"height\":384,\"caption\":\"Mercado Municipal de S\u00e3o Paulo (s\u00e9c. XIX)_ projeto do arquiteto Francisco de Paulo Ramos de Azevedo (1851-1928). De arquitetura ecl\u00e9tica, influenciada pelo estilo neocl\u00e1ssica e pela arquitetura renascentista. (Foto: Mistura Urbana)\"},{\"@type\":\"BreadcrumbList\",\"@id\":\"https:\/\/maringapost.com.br\/arquitetura\/2021\/08\/06\/uma-serie-sobre-arquitetura-e-a-nossa-historia\/#breadcrumb\",\"itemListElement\":[{\"@type\":\"ListItem\",\"position\":1,\"name\":\"In\u00edcio\",\"item\":\"https:\/\/maringapost.com.br\/arquitetura\/\"},{\"@type\":\"ListItem\",\"position\":2,\"name\":\"Arquitetura e Nossa Hist\u00f3ria &#8211; Parte 1\"}]},{\"@type\":\"WebSite\",\"@id\":\"https:\/\/maringapost.com.br\/arquitetura\/#website\",\"url\":\"https:\/\/maringapost.com.br\/arquitetura\/\",\"name\":\"Arquitetura\",\"description\":\"\",\"potentialAction\":[{\"@type\":\"SearchAction\",\"target\":{\"@type\":\"EntryPoint\",\"urlTemplate\":\"https:\/\/maringapost.com.br\/arquitetura\/?s={search_term_string}\"},\"query-input\":\"required name=search_term_string\"}],\"inLanguage\":\"pt-BR\"},{\"@type\":\"Person\",\"@id\":\"https:\/\/maringapost.com.br\/arquitetura\/#\/schema\/person\/04f7ca326571fd6a271cbc94b3349803\",\"name\":\"Reda\u00e7\u00e3o\",\"image\":{\"@type\":\"ImageObject\",\"inLanguage\":\"pt-BR\",\"@id\":\"https:\/\/maringapost.com.br\/arquitetura\/#\/schema\/person\/image\/\",\"url\":\"https:\/\/secure.gravatar.com\/avatar\/7a388898535e5f37ea137827dc50ae61?s=96&d=mm&r=g\",\"contentUrl\":\"https:\/\/secure.gravatar.com\/avatar\/7a388898535e5f37ea137827dc50ae61?s=96&d=mm&r=g\",\"caption\":\"Reda\u00e7\u00e3o\"},\"url\":\"https:\/\/maringapost.com.br\/arquitetura\/author\/adrianalima\/\"}]}<\/script>\n<!-- \/ Yoast SEO Premium plugin. -->","yoast_head_json":{"title":"Arquitetura e Nossa Hist\u00f3ria - Parte 1 - Arquitetura","description":"Qual a import\u00e2ncia hist\u00f3rica daqueles que concebiam os projetos para que os construtores pudessem executar obras.","robots":{"index":"index","follow":"follow","max-snippet":"max-snippet:-1","max-image-preview":"max-image-preview:large","max-video-preview":"max-video-preview:-1"},"canonical":"https:\/\/maringapost.com.br\/arquitetura\/2021\/08\/06\/uma-serie-sobre-arquitetura-e-a-nossa-historia\/","og_locale":"pt_BR","og_type":"article","og_title":"Arquitetura e Nossa Hist\u00f3ria - Parte 1","og_description":"Qual a import\u00e2ncia hist\u00f3rica daqueles que concebiam os projetos para que os construtores pudessem executar obras.","og_url":"https:\/\/maringapost.com.br\/arquitetura\/2021\/08\/06\/uma-serie-sobre-arquitetura-e-a-nossa-historia\/","og_site_name":"Arquitetura","article_published_time":"2021-08-06T17:43:50+00:00","article_modified_time":"2021-08-14T13:12:31+00:00","og_image":[{"width":512,"height":384,"url":"https:\/\/maringapost.com.br\/arquitetura\/wp-content\/uploads\/sites\/38\/2021\/08\/arq-historia-6.jpg","type":"image\/jpeg"}],"author":"Reda\u00e7\u00e3o","twitter_card":"summary_large_image","twitter_misc":{"Escrito por":false,"Est. tempo de leitura":"6 minutos"},"schema":{"@context":"https:\/\/schema.org","@graph":[{"@type":"WebPage","@id":"https:\/\/maringapost.com.br\/arquitetura\/2021\/08\/06\/uma-serie-sobre-arquitetura-e-a-nossa-historia\/","url":"https:\/\/maringapost.com.br\/arquitetura\/2021\/08\/06\/uma-serie-sobre-arquitetura-e-a-nossa-historia\/","name":"Arquitetura e Nossa Hist\u00f3ria - Parte 1 - Arquitetura","isPartOf":{"@id":"https:\/\/maringapost.com.br\/arquitetura\/#website"},"primaryImageOfPage":{"@id":"https:\/\/maringapost.com.br\/arquitetura\/2021\/08\/06\/uma-serie-sobre-arquitetura-e-a-nossa-historia\/#primaryimage"},"image":{"@id":"https:\/\/maringapost.com.br\/arquitetura\/2021\/08\/06\/uma-serie-sobre-arquitetura-e-a-nossa-historia\/#primaryimage"},"thumbnailUrl":"https:\/\/maringapost.com.br\/arquitetura\/wp-content\/uploads\/sites\/38\/2021\/08\/arq-historia-6.jpg","datePublished":"2021-08-06T17:43:50+00:00","dateModified":"2021-08-14T13:12:31+00:00","author":{"@id":"https:\/\/maringapost.com.br\/arquitetura\/#\/schema\/person\/04f7ca326571fd6a271cbc94b3349803"},"description":"Qual a import\u00e2ncia hist\u00f3rica daqueles que concebiam os projetos para que os construtores pudessem executar obras.","breadcrumb":{"@id":"https:\/\/maringapost.com.br\/arquitetura\/2021\/08\/06\/uma-serie-sobre-arquitetura-e-a-nossa-historia\/#breadcrumb"},"inLanguage":"pt-BR","potentialAction":[{"@type":"ReadAction","target":["https:\/\/maringapost.com.br\/arquitetura\/2021\/08\/06\/uma-serie-sobre-arquitetura-e-a-nossa-historia\/"]}]},{"@type":"ImageObject","inLanguage":"pt-BR","@id":"https:\/\/maringapost.com.br\/arquitetura\/2021\/08\/06\/uma-serie-sobre-arquitetura-e-a-nossa-historia\/#primaryimage","url":"https:\/\/maringapost.com.br\/arquitetura\/wp-content\/uploads\/sites\/38\/2021\/08\/arq-historia-6.jpg","contentUrl":"https:\/\/maringapost.com.br\/arquitetura\/wp-content\/uploads\/sites\/38\/2021\/08\/arq-historia-6.jpg","width":512,"height":384,"caption":"Mercado Municipal de S\u00e3o Paulo (s\u00e9c. XIX)_ projeto do arquiteto Francisco de Paulo Ramos de Azevedo (1851-1928). De arquitetura ecl\u00e9tica, influenciada pelo estilo neocl\u00e1ssica e pela arquitetura renascentista. (Foto: Mistura Urbana)"},{"@type":"BreadcrumbList","@id":"https:\/\/maringapost.com.br\/arquitetura\/2021\/08\/06\/uma-serie-sobre-arquitetura-e-a-nossa-historia\/#breadcrumb","itemListElement":[{"@type":"ListItem","position":1,"name":"In\u00edcio","item":"https:\/\/maringapost.com.br\/arquitetura\/"},{"@type":"ListItem","position":2,"name":"Arquitetura e Nossa Hist\u00f3ria &#8211; Parte 1"}]},{"@type":"WebSite","@id":"https:\/\/maringapost.com.br\/arquitetura\/#website","url":"https:\/\/maringapost.com.br\/arquitetura\/","name":"Arquitetura","description":"","potentialAction":[{"@type":"SearchAction","target":{"@type":"EntryPoint","urlTemplate":"https:\/\/maringapost.com.br\/arquitetura\/?s={search_term_string}"},"query-input":"required name=search_term_string"}],"inLanguage":"pt-BR"},{"@type":"Person","@id":"https:\/\/maringapost.com.br\/arquitetura\/#\/schema\/person\/04f7ca326571fd6a271cbc94b3349803","name":"Reda\u00e7\u00e3o","image":{"@type":"ImageObject","inLanguage":"pt-BR","@id":"https:\/\/maringapost.com.br\/arquitetura\/#\/schema\/person\/image\/","url":"https:\/\/secure.gravatar.com\/avatar\/7a388898535e5f37ea137827dc50ae61?s=96&d=mm&r=g","contentUrl":"https:\/\/secure.gravatar.com\/avatar\/7a388898535e5f37ea137827dc50ae61?s=96&d=mm&r=g","caption":"Reda\u00e7\u00e3o"},"url":"https:\/\/maringapost.com.br\/arquitetura\/author\/adrianalima\/"}]}},"_links":{"self":[{"href":"https:\/\/maringapost.com.br\/arquitetura\/wp-json\/wp\/v2\/posts\/137"}],"collection":[{"href":"https:\/\/maringapost.com.br\/arquitetura\/wp-json\/wp\/v2\/posts"}],"about":[{"href":"https:\/\/maringapost.com.br\/arquitetura\/wp-json\/wp\/v2\/types\/post"}],"author":[{"embeddable":true,"href":"https:\/\/maringapost.com.br\/arquitetura\/wp-json\/wp\/v2\/users\/12226"}],"replies":[{"embeddable":true,"href":"https:\/\/maringapost.com.br\/arquitetura\/wp-json\/wp\/v2\/comments?post=137"}],"version-history":[{"count":8,"href":"https:\/\/maringapost.com.br\/arquitetura\/wp-json\/wp\/v2\/posts\/137\/revisions"}],"predecessor-version":[{"id":169,"href":"https:\/\/maringapost.com.br\/arquitetura\/wp-json\/wp\/v2\/posts\/137\/revisions\/169"}],"wp:featuredmedia":[{"embeddable":true,"href":"https:\/\/maringapost.com.br\/arquitetura\/wp-json\/wp\/v2\/media\/138"}],"wp:attachment":[{"href":"https:\/\/maringapost.com.br\/arquitetura\/wp-json\/wp\/v2\/media?parent=137"}],"wp:term":[{"taxonomy":"category","embeddable":true,"href":"https:\/\/maringapost.com.br\/arquitetura\/wp-json\/wp\/v2\/categories?post=137"},{"taxonomy":"post_tag","embeddable":true,"href":"https:\/\/maringapost.com.br\/arquitetura\/wp-json\/wp\/v2\/tags?post=137"}],"curies":[{"name":"wp","href":"https:\/\/api.w.org\/{rel}","templated":true}]}}