{"id":118,"date":"2021-07-31T07:48:51","date_gmt":"2021-07-31T10:48:51","guid":{"rendered":"http:\/\/maringapost.com.br\/arquitetura\/?p=118"},"modified":"2021-12-01T17:47:59","modified_gmt":"2021-12-01T20:47:59","slug":"paisagismo-e-jardinagem-voce-sabe-a-diferenca","status":"publish","type":"post","link":"https:\/\/maringapost.com.br\/arquitetura\/2021\/07\/31\/paisagismo-e-jardinagem-voce-sabe-a-diferenca\/","title":{"rendered":"Paisagismo e jardinagem, voc\u00ea sabe a diferen\u00e7a?"},"content":{"rendered":"<p><em>Por Simone Vecchiatti <\/em><\/p>\n<p>&nbsp;<\/p>\n<p>Desde os prim\u00f3rdios da coloniza\u00e7\u00e3o h\u00e1 a a\u00e7\u00e3o do homem sobre a natureza, tais a\u00e7\u00f5es, muitas vezes pelo crescimento desenfreado e sem planejamento, traz o anseio pelo verde outrora existente.<\/p>\n<p>Nesse anseio h\u00e1 dois caminhos:<\/p>\n<p>O primeiro \u00e9 a tentativa de recriar um cantinho verde no nosso espa\u00e7o particular habitado, principalmente em tempos de pandemia, onde os nossos olhares ficaram voltados para as nossas casas, quintais, apartamentos. Cada cantinho o verde \u00e9 bem-vindo.<\/p>\n<p><img loading=\"lazy\" decoding=\"async\" class=\"aligncenter size-full wp-image-121\" src=\"http:\/\/maringapost.com.br\/arquitetura\/wp-content\/uploads\/sites\/38\/2021\/07\/mulher-em-casa-plantas.jpg\" alt=\"\" width=\"512\" height=\"341\" srcset=\"https:\/\/maringapost.com.br\/arquitetura\/wp-content\/uploads\/sites\/38\/2021\/07\/mulher-em-casa-plantas.jpg 512w, https:\/\/maringapost.com.br\/arquitetura\/wp-content\/uploads\/sites\/38\/2021\/07\/mulher-em-casa-plantas-300x200.jpg 300w\" sizes=\"(max-width: 512px) 100vw, 512px\" \/><\/p>\n<p>O segundo \u00e9 cria\u00e7\u00e3o pelos \u00f3rg\u00e3os p\u00fablicos de espa\u00e7os livres de uso p\u00fablico: verdes, floridos e com equipamentos para uso de toda a comunidade tais como pra\u00e7as, parques, jardins, \u00e1reas de lazer dentre outros, que permitam o contato das pessoas com a natureza.<\/p>\n<p><img loading=\"lazy\" decoding=\"async\" class=\"aligncenter size-full wp-image-122\" src=\"http:\/\/maringapost.com.br\/arquitetura\/wp-content\/uploads\/sites\/38\/2021\/07\/parque-verde.jpg\" alt=\"\" width=\"512\" height=\"401\" srcset=\"https:\/\/maringapost.com.br\/arquitetura\/wp-content\/uploads\/sites\/38\/2021\/07\/parque-verde.jpg 512w, https:\/\/maringapost.com.br\/arquitetura\/wp-content\/uploads\/sites\/38\/2021\/07\/parque-verde-300x235.jpg 300w\" sizes=\"(max-width: 512px) 100vw, 512px\" \/><\/p>\n<p>Vista a\u00e9rea do Central Park, em Nova York. Imagem original da cole\u00e7\u00e3o da Biblioteca do Congresso de Carol M. Highsmith \u2019s America.<\/p>\n<p>O ideal \u00e9 que a popula\u00e7\u00e3o exer\u00e7a o seu direito e participe em conjunto com os \u00f3rg\u00e3os p\u00fablicos na cria\u00e7\u00e3o das \u00e1reas de lazer e, ap\u00f3s entrega do espa\u00e7o pelo poder p\u00fablico local exer\u00e7a o seu dever de cidad\u00e3o em cuidar bem desses espa\u00e7os.<\/p>\n<p><img loading=\"lazy\" decoding=\"async\" class=\"aligncenter size-full wp-image-123\" src=\"http:\/\/maringapost.com.br\/arquitetura\/wp-content\/uploads\/sites\/38\/2021\/07\/maos-dadas.jpg\" alt=\"\" width=\"512\" height=\"341\" srcset=\"https:\/\/maringapost.com.br\/arquitetura\/wp-content\/uploads\/sites\/38\/2021\/07\/maos-dadas.jpg 512w, https:\/\/maringapost.com.br\/arquitetura\/wp-content\/uploads\/sites\/38\/2021\/07\/maos-dadas-300x200.jpg 300w\" sizes=\"(max-width: 512px) 100vw, 512px\" \/><\/p>\n<p>&nbsp;<\/p>\n<p>O paisagismo \u00e9 trabalhado de maneira a minimizar os impactos gerados pela a\u00e7\u00e3o do homem na natureza, principalmente na preserva\u00e7\u00e3o dos sistemas h\u00eddricos das cidades, minimizando tamb\u00e9m outros efeitos da retirada da prote\u00e7\u00e3o vegetal para a implanta\u00e7\u00e3o de novos edif\u00edcios, casas e Loteamentos, como a impermeabiliza\u00e7\u00e3o do solo que pode gerar aumento da temperatura e futuramente a polui\u00e7\u00e3o.<img loading=\"lazy\" decoding=\"async\" class=\"aligncenter size-full wp-image-124\" src=\"http:\/\/maringapost.com.br\/arquitetura\/wp-content\/uploads\/sites\/38\/2021\/07\/marina-da-gloria-2-1.jpg\" alt=\"\" width=\"1121\" height=\"793\" srcset=\"https:\/\/maringapost.com.br\/arquitetura\/wp-content\/uploads\/sites\/38\/2021\/07\/marina-da-gloria-2-1.jpg 1121w, https:\/\/maringapost.com.br\/arquitetura\/wp-content\/uploads\/sites\/38\/2021\/07\/marina-da-gloria-2-1-300x212.jpg 300w, https:\/\/maringapost.com.br\/arquitetura\/wp-content\/uploads\/sites\/38\/2021\/07\/marina-da-gloria-2-1-1024x724.jpg 1024w, https:\/\/maringapost.com.br\/arquitetura\/wp-content\/uploads\/sites\/38\/2021\/07\/marina-da-gloria-2-1-768x543.jpg 768w, https:\/\/maringapost.com.br\/arquitetura\/wp-content\/uploads\/sites\/38\/2021\/07\/marina-da-gloria-2-1-100x70.jpg 100w, https:\/\/maringapost.com.br\/arquitetura\/wp-content\/uploads\/sites\/38\/2021\/07\/marina-da-gloria-2-1-696x492.jpg 696w, https:\/\/maringapost.com.br\/arquitetura\/wp-content\/uploads\/sites\/38\/2021\/07\/marina-da-gloria-2-1-1068x756.jpg 1068w, https:\/\/maringapost.com.br\/arquitetura\/wp-content\/uploads\/sites\/38\/2021\/07\/marina-da-gloria-2-1-594x420.jpg 594w\" sizes=\"(max-width: 1121px) 100vw, 1121px\" \/>O paisagismo pode ser de pequena escala, como jardim residencial e\/ou comercial e, quando de m\u00e9dio ou grande porte, requer muitas vezes maquin\u00e1rios e m\u00e3o de obra qualificada para que o projeto alcance o fim esperado, como industriais, condom\u00ednios, shoppings e outros espa\u00e7os p\u00fablicos ou privados.<\/p>\n<p>Nesse contexto que entra o profissional de arquitetura e urbanismo, quando h\u00e1 o desejo de criar ou recriar paisagens.<\/p>\n<p>A atividade profissional de paisagismo \u00e9 exercida tamb\u00e9m por outras profiss\u00f5es, o arquiteto paisagista atua na arquitetura da paisagem, no planejamento dos espa\u00e7os livres, sejam eles naturais ou urbanizados, e na gest\u00e3o da paisagem urbana. \u00c9 desenvolvido visando o benef\u00edcio da popula\u00e7\u00e3o de entorno ou da cidade.<\/p>\n<p><img loading=\"lazy\" decoding=\"async\" class=\"aligncenter size-full wp-image-132\" src=\"http:\/\/maringapost.com.br\/arquitetura\/wp-content\/uploads\/sites\/38\/2021\/07\/parque-olimpico.jpg\" alt=\"\" width=\"300\" height=\"168\" \/><\/p>\n<p>&nbsp;<\/p>\n<p>&nbsp;<\/p>\n<p><strong>E a jardinagem o que \u00e9?<\/strong><\/p>\n<p>&nbsp;<\/p>\n<p>Esta \u00e9 o of\u00edcio do jardineiro, a pessoa que cuida e cultiva um jardim. Pode ser desenvolvida em espa\u00e7os abertos ou fechados, em pequenos jardins ou hortas, desenvolvidas para uso pessoal ou familiar, com ferramentas simples e de f\u00e1cil manuseio. Pela contrata\u00e7\u00e3o de um jardineiro ou por hobby.<img loading=\"lazy\" decoding=\"async\" class=\"size-full wp-image-127 aligncenter\" src=\"http:\/\/maringapost.com.br\/arquitetura\/wp-content\/uploads\/sites\/38\/2021\/07\/mulher-chapeu-vermelho.jpg\" alt=\"\" width=\"512\" height=\"512\" srcset=\"https:\/\/maringapost.com.br\/arquitetura\/wp-content\/uploads\/sites\/38\/2021\/07\/mulher-chapeu-vermelho.jpg 512w, https:\/\/maringapost.com.br\/arquitetura\/wp-content\/uploads\/sites\/38\/2021\/07\/mulher-chapeu-vermelho-300x300.jpg 300w, https:\/\/maringapost.com.br\/arquitetura\/wp-content\/uploads\/sites\/38\/2021\/07\/mulher-chapeu-vermelho-150x150.jpg 150w, https:\/\/maringapost.com.br\/arquitetura\/wp-content\/uploads\/sites\/38\/2021\/07\/mulher-chapeu-vermelho-420x420.jpg 420w\" sizes=\"(max-width: 512px) 100vw, 512px\" \/><\/p>\n<p><span style=\"font-weight: 400\">A busca da jardinagem por hobby tamb\u00e9m cresceu com a pandemia trazendo como um tipo de terapia a preocupa\u00e7\u00e3o em preencher o isolamento e trazer a alegria das flores e folhagens transformando a casa em lar.<\/span><img loading=\"lazy\" decoding=\"async\" class=\"size-full wp-image-128 aligncenter\" src=\"http:\/\/maringapost.com.br\/arquitetura\/wp-content\/uploads\/sites\/38\/2021\/07\/moco-regando.jpg\" alt=\"\" width=\"512\" height=\"342\" srcset=\"https:\/\/maringapost.com.br\/arquitetura\/wp-content\/uploads\/sites\/38\/2021\/07\/moco-regando.jpg 512w, https:\/\/maringapost.com.br\/arquitetura\/wp-content\/uploads\/sites\/38\/2021\/07\/moco-regando-300x200.jpg 300w\" sizes=\"(max-width: 512px) 100vw, 512px\" \/><\/p>\n<p>O importante \u00e9 quer seja por hobby ou pela contrata\u00e7\u00e3o de um profissional de paisagismo, n\u00e3o h\u00e1 quem possa viver longe de plantas, elas enchem os nossos dias de cores, texturas, ajudam a melhorar a qualidade de vida e a qualidade do ar.<\/p>\n<p><img loading=\"lazy\" decoding=\"async\" class=\"aligncenter size-full wp-image-129\" src=\"http:\/\/maringapost.com.br\/arquitetura\/wp-content\/uploads\/sites\/38\/2021\/07\/flores-em-numeros.jpg\" alt=\"\" width=\"418\" height=\"379\" srcset=\"https:\/\/maringapost.com.br\/arquitetura\/wp-content\/uploads\/sites\/38\/2021\/07\/flores-em-numeros.jpg 418w, https:\/\/maringapost.com.br\/arquitetura\/wp-content\/uploads\/sites\/38\/2021\/07\/flores-em-numeros-300x272.jpg 300w\" sizes=\"(max-width: 418px) 100vw, 418px\" \/><\/p>\n<p>Fonte: https:\/\/www.designboom.com\/architecture\/roberto-burle-marx-new-york-botanical-garden-exhibition-09-11-2019\/ https:\/\/gauchazh.clicrbs.com.br\/pioneiro\/economia\/noticia\/2021\/02\/alta-no-setor-e-faturamento-la-em-cima-por-que-2020-foi-um-bom-ano-para-a-floricultura-ckkm08n<\/p>\n<p>&nbsp;<\/p>\n<p>Arq. Simone Vecchiatti<br \/>\nContatos:<br \/>\n(43) 98434-0519 (WhatsApp)<br \/>\nSimone_vec@outlook.com (email)<br \/>\n@receitadearquiteta (Instagram)<\/p>\n","protected":false},"excerpt":{"rendered":"<p>Por Simone Vecchiatti &nbsp; Desde os prim\u00f3rdios da coloniza\u00e7\u00e3o h\u00e1 a a\u00e7\u00e3o do homem sobre a natureza, tais a\u00e7\u00f5es, muitas vezes pelo crescimento desenfreado e sem planejamento, traz o anseio pelo verde outrora existente. Nesse anseio h\u00e1 dois caminhos: O primeiro \u00e9 a tentativa de recriar um cantinho verde no nosso espa\u00e7o particular habitado, principalmente [&hellip;]<\/p>\n","protected":false},"author":12226,"featured_media":133,"comment_status":"closed","ping_status":"open","sticky":false,"template":"","format":"standard","meta":{"_exactmetrics_skip_tracking":false,"_exactmetrics_sitenote_active":false,"_exactmetrics_sitenote_note":"","_exactmetrics_sitenote_category":0,"footnotes":""},"categories":[3],"tags":[14,17,16,15,18],"yoast_head":"<!-- This site is optimized with the Yoast SEO Premium plugin v22.7 (Yoast SEO v22.7) - https:\/\/yoast.com\/wordpress\/plugins\/seo\/ -->\n<title>Paisagismo e jardinagem, voc\u00ea sabe a diferen\u00e7a? - Arquitetura<\/title>\n<meta name=\"description\" content=\"Paisagismo \u00e9 a cria\u00e7\u00e3o de espa\u00e7os livres de uso p\u00fablico: verdes, floridos e com equipamentos como pra\u00e7as, parques, jardins, \u00e1reas de lazer.\" \/>\n<meta name=\"robots\" content=\"index, follow, max-snippet:-1, max-image-preview:large, max-video-preview:-1\" \/>\n<link rel=\"canonical\" href=\"https:\/\/maringapost.com.br\/arquitetura\/2021\/07\/31\/paisagismo-e-jardinagem-voce-sabe-a-diferenca\/\" \/>\n<meta property=\"og:locale\" content=\"pt_BR\" \/>\n<meta property=\"og:type\" content=\"article\" \/>\n<meta property=\"og:title\" content=\"Paisagismo e jardinagem, voc\u00ea sabe a diferen\u00e7a?\" \/>\n<meta property=\"og:description\" content=\"Paisagismo \u00e9 a cria\u00e7\u00e3o de espa\u00e7os livres de uso p\u00fablico: verdes, floridos e com equipamentos como pra\u00e7as, parques, jardins, \u00e1reas de lazer.\" \/>\n<meta property=\"og:url\" content=\"https:\/\/maringapost.com.br\/arquitetura\/2021\/07\/31\/paisagismo-e-jardinagem-voce-sabe-a-diferenca\/\" \/>\n<meta property=\"og:site_name\" content=\"Arquitetura\" \/>\n<meta property=\"article:published_time\" content=\"2021-07-31T10:48:51+00:00\" \/>\n<meta property=\"article:modified_time\" content=\"2021-12-01T20:47:59+00:00\" \/>\n<meta property=\"og:image\" content=\"https:\/\/maringapost.com.br\/arquitetura\/wp-content\/uploads\/sites\/38\/2021\/07\/Vista-aerea-do-jardim-modernista-de-Burle-Marx.jpg\" \/>\n\t<meta property=\"og:image:width\" content=\"900\" \/>\n\t<meta property=\"og:image:height\" content=\"482\" \/>\n\t<meta property=\"og:image:type\" content=\"image\/jpeg\" \/>\n<meta name=\"author\" content=\"Reda\u00e7\u00e3o\" \/>\n<meta name=\"twitter:card\" content=\"summary_large_image\" \/>\n<meta name=\"twitter:label1\" content=\"Escrito por\" \/>\n\t<meta name=\"twitter:data1\" content=\"\" \/>\n\t<meta name=\"twitter:label2\" content=\"Est. tempo de leitura\" \/>\n\t<meta name=\"twitter:data2\" content=\"4 minutos\" \/>\n<script type=\"application\/ld+json\" class=\"yoast-schema-graph\">{\"@context\":\"https:\/\/schema.org\",\"@graph\":[{\"@type\":\"WebPage\",\"@id\":\"https:\/\/maringapost.com.br\/arquitetura\/2021\/07\/31\/paisagismo-e-jardinagem-voce-sabe-a-diferenca\/\",\"url\":\"https:\/\/maringapost.com.br\/arquitetura\/2021\/07\/31\/paisagismo-e-jardinagem-voce-sabe-a-diferenca\/\",\"name\":\"Paisagismo e jardinagem, voc\u00ea sabe a diferen\u00e7a? - Arquitetura\",\"isPartOf\":{\"@id\":\"https:\/\/maringapost.com.br\/arquitetura\/#website\"},\"primaryImageOfPage\":{\"@id\":\"https:\/\/maringapost.com.br\/arquitetura\/2021\/07\/31\/paisagismo-e-jardinagem-voce-sabe-a-diferenca\/#primaryimage\"},\"image\":{\"@id\":\"https:\/\/maringapost.com.br\/arquitetura\/2021\/07\/31\/paisagismo-e-jardinagem-voce-sabe-a-diferenca\/#primaryimage\"},\"thumbnailUrl\":\"https:\/\/maringapost.com.br\/arquitetura\/wp-content\/uploads\/sites\/38\/2021\/07\/Vista-aerea-do-jardim-modernista-de-Burle-Marx.jpg\",\"datePublished\":\"2021-07-31T10:48:51+00:00\",\"dateModified\":\"2021-12-01T20:47:59+00:00\",\"author\":{\"@id\":\"https:\/\/maringapost.com.br\/arquitetura\/#\/schema\/person\/04f7ca326571fd6a271cbc94b3349803\"},\"description\":\"Paisagismo \u00e9 a cria\u00e7\u00e3o de espa\u00e7os livres de uso p\u00fablico: verdes, floridos e com equipamentos como pra\u00e7as, parques, jardins, \u00e1reas de lazer.\",\"breadcrumb\":{\"@id\":\"https:\/\/maringapost.com.br\/arquitetura\/2021\/07\/31\/paisagismo-e-jardinagem-voce-sabe-a-diferenca\/#breadcrumb\"},\"inLanguage\":\"pt-BR\",\"potentialAction\":[{\"@type\":\"ReadAction\",\"target\":[\"https:\/\/maringapost.com.br\/arquitetura\/2021\/07\/31\/paisagismo-e-jardinagem-voce-sabe-a-diferenca\/\"]}]},{\"@type\":\"ImageObject\",\"inLanguage\":\"pt-BR\",\"@id\":\"https:\/\/maringapost.com.br\/arquitetura\/2021\/07\/31\/paisagismo-e-jardinagem-voce-sabe-a-diferenca\/#primaryimage\",\"url\":\"https:\/\/maringapost.com.br\/arquitetura\/wp-content\/uploads\/sites\/38\/2021\/07\/Vista-aerea-do-jardim-modernista-de-Burle-Marx.jpg\",\"contentUrl\":\"https:\/\/maringapost.com.br\/arquitetura\/wp-content\/uploads\/sites\/38\/2021\/07\/Vista-aerea-do-jardim-modernista-de-Burle-Marx.jpg\",\"width\":900,\"height\":482,\"caption\":\"Vista a\u00e9rea do jardim modernista de Burle Marx\"},{\"@type\":\"BreadcrumbList\",\"@id\":\"https:\/\/maringapost.com.br\/arquitetura\/2021\/07\/31\/paisagismo-e-jardinagem-voce-sabe-a-diferenca\/#breadcrumb\",\"itemListElement\":[{\"@type\":\"ListItem\",\"position\":1,\"name\":\"In\u00edcio\",\"item\":\"https:\/\/maringapost.com.br\/arquitetura\/\"},{\"@type\":\"ListItem\",\"position\":2,\"name\":\"Paisagismo e jardinagem, voc\u00ea sabe a diferen\u00e7a?\"}]},{\"@type\":\"WebSite\",\"@id\":\"https:\/\/maringapost.com.br\/arquitetura\/#website\",\"url\":\"https:\/\/maringapost.com.br\/arquitetura\/\",\"name\":\"Arquitetura\",\"description\":\"\",\"potentialAction\":[{\"@type\":\"SearchAction\",\"target\":{\"@type\":\"EntryPoint\",\"urlTemplate\":\"https:\/\/maringapost.com.br\/arquitetura\/?s={search_term_string}\"},\"query-input\":\"required name=search_term_string\"}],\"inLanguage\":\"pt-BR\"},{\"@type\":\"Person\",\"@id\":\"https:\/\/maringapost.com.br\/arquitetura\/#\/schema\/person\/04f7ca326571fd6a271cbc94b3349803\",\"name\":\"Reda\u00e7\u00e3o\",\"image\":{\"@type\":\"ImageObject\",\"inLanguage\":\"pt-BR\",\"@id\":\"https:\/\/maringapost.com.br\/arquitetura\/#\/schema\/person\/image\/\",\"url\":\"https:\/\/secure.gravatar.com\/avatar\/7a388898535e5f37ea137827dc50ae61?s=96&d=mm&r=g\",\"contentUrl\":\"https:\/\/secure.gravatar.com\/avatar\/7a388898535e5f37ea137827dc50ae61?s=96&d=mm&r=g\",\"caption\":\"Reda\u00e7\u00e3o\"},\"url\":\"https:\/\/maringapost.com.br\/arquitetura\/author\/adrianalima\/\"}]}<\/script>\n<!-- \/ Yoast SEO Premium plugin. -->","yoast_head_json":{"title":"Paisagismo e jardinagem, voc\u00ea sabe a diferen\u00e7a? - Arquitetura","description":"Paisagismo \u00e9 a cria\u00e7\u00e3o de espa\u00e7os livres de uso p\u00fablico: verdes, floridos e com equipamentos como pra\u00e7as, parques, jardins, \u00e1reas de lazer.","robots":{"index":"index","follow":"follow","max-snippet":"max-snippet:-1","max-image-preview":"max-image-preview:large","max-video-preview":"max-video-preview:-1"},"canonical":"https:\/\/maringapost.com.br\/arquitetura\/2021\/07\/31\/paisagismo-e-jardinagem-voce-sabe-a-diferenca\/","og_locale":"pt_BR","og_type":"article","og_title":"Paisagismo e jardinagem, voc\u00ea sabe a diferen\u00e7a?","og_description":"Paisagismo \u00e9 a cria\u00e7\u00e3o de espa\u00e7os livres de uso p\u00fablico: verdes, floridos e com equipamentos como pra\u00e7as, parques, jardins, \u00e1reas de lazer.","og_url":"https:\/\/maringapost.com.br\/arquitetura\/2021\/07\/31\/paisagismo-e-jardinagem-voce-sabe-a-diferenca\/","og_site_name":"Arquitetura","article_published_time":"2021-07-31T10:48:51+00:00","article_modified_time":"2021-12-01T20:47:59+00:00","og_image":[{"width":900,"height":482,"url":"https:\/\/maringapost.com.br\/arquitetura\/wp-content\/uploads\/sites\/38\/2021\/07\/Vista-aerea-do-jardim-modernista-de-Burle-Marx.jpg","type":"image\/jpeg"}],"author":"Reda\u00e7\u00e3o","twitter_card":"summary_large_image","twitter_misc":{"Escrito por":false,"Est. tempo de leitura":"4 minutos"},"schema":{"@context":"https:\/\/schema.org","@graph":[{"@type":"WebPage","@id":"https:\/\/maringapost.com.br\/arquitetura\/2021\/07\/31\/paisagismo-e-jardinagem-voce-sabe-a-diferenca\/","url":"https:\/\/maringapost.com.br\/arquitetura\/2021\/07\/31\/paisagismo-e-jardinagem-voce-sabe-a-diferenca\/","name":"Paisagismo e jardinagem, voc\u00ea sabe a diferen\u00e7a? - Arquitetura","isPartOf":{"@id":"https:\/\/maringapost.com.br\/arquitetura\/#website"},"primaryImageOfPage":{"@id":"https:\/\/maringapost.com.br\/arquitetura\/2021\/07\/31\/paisagismo-e-jardinagem-voce-sabe-a-diferenca\/#primaryimage"},"image":{"@id":"https:\/\/maringapost.com.br\/arquitetura\/2021\/07\/31\/paisagismo-e-jardinagem-voce-sabe-a-diferenca\/#primaryimage"},"thumbnailUrl":"https:\/\/maringapost.com.br\/arquitetura\/wp-content\/uploads\/sites\/38\/2021\/07\/Vista-aerea-do-jardim-modernista-de-Burle-Marx.jpg","datePublished":"2021-07-31T10:48:51+00:00","dateModified":"2021-12-01T20:47:59+00:00","author":{"@id":"https:\/\/maringapost.com.br\/arquitetura\/#\/schema\/person\/04f7ca326571fd6a271cbc94b3349803"},"description":"Paisagismo \u00e9 a cria\u00e7\u00e3o de espa\u00e7os livres de uso p\u00fablico: verdes, floridos e com equipamentos como pra\u00e7as, parques, jardins, \u00e1reas de lazer.","breadcrumb":{"@id":"https:\/\/maringapost.com.br\/arquitetura\/2021\/07\/31\/paisagismo-e-jardinagem-voce-sabe-a-diferenca\/#breadcrumb"},"inLanguage":"pt-BR","potentialAction":[{"@type":"ReadAction","target":["https:\/\/maringapost.com.br\/arquitetura\/2021\/07\/31\/paisagismo-e-jardinagem-voce-sabe-a-diferenca\/"]}]},{"@type":"ImageObject","inLanguage":"pt-BR","@id":"https:\/\/maringapost.com.br\/arquitetura\/2021\/07\/31\/paisagismo-e-jardinagem-voce-sabe-a-diferenca\/#primaryimage","url":"https:\/\/maringapost.com.br\/arquitetura\/wp-content\/uploads\/sites\/38\/2021\/07\/Vista-aerea-do-jardim-modernista-de-Burle-Marx.jpg","contentUrl":"https:\/\/maringapost.com.br\/arquitetura\/wp-content\/uploads\/sites\/38\/2021\/07\/Vista-aerea-do-jardim-modernista-de-Burle-Marx.jpg","width":900,"height":482,"caption":"Vista a\u00e9rea do jardim modernista de Burle Marx"},{"@type":"BreadcrumbList","@id":"https:\/\/maringapost.com.br\/arquitetura\/2021\/07\/31\/paisagismo-e-jardinagem-voce-sabe-a-diferenca\/#breadcrumb","itemListElement":[{"@type":"ListItem","position":1,"name":"In\u00edcio","item":"https:\/\/maringapost.com.br\/arquitetura\/"},{"@type":"ListItem","position":2,"name":"Paisagismo e jardinagem, voc\u00ea sabe a diferen\u00e7a?"}]},{"@type":"WebSite","@id":"https:\/\/maringapost.com.br\/arquitetura\/#website","url":"https:\/\/maringapost.com.br\/arquitetura\/","name":"Arquitetura","description":"","potentialAction":[{"@type":"SearchAction","target":{"@type":"EntryPoint","urlTemplate":"https:\/\/maringapost.com.br\/arquitetura\/?s={search_term_string}"},"query-input":"required name=search_term_string"}],"inLanguage":"pt-BR"},{"@type":"Person","@id":"https:\/\/maringapost.com.br\/arquitetura\/#\/schema\/person\/04f7ca326571fd6a271cbc94b3349803","name":"Reda\u00e7\u00e3o","image":{"@type":"ImageObject","inLanguage":"pt-BR","@id":"https:\/\/maringapost.com.br\/arquitetura\/#\/schema\/person\/image\/","url":"https:\/\/secure.gravatar.com\/avatar\/7a388898535e5f37ea137827dc50ae61?s=96&d=mm&r=g","contentUrl":"https:\/\/secure.gravatar.com\/avatar\/7a388898535e5f37ea137827dc50ae61?s=96&d=mm&r=g","caption":"Reda\u00e7\u00e3o"},"url":"https:\/\/maringapost.com.br\/arquitetura\/author\/adrianalima\/"}]}},"_links":{"self":[{"href":"https:\/\/maringapost.com.br\/arquitetura\/wp-json\/wp\/v2\/posts\/118"}],"collection":[{"href":"https:\/\/maringapost.com.br\/arquitetura\/wp-json\/wp\/v2\/posts"}],"about":[{"href":"https:\/\/maringapost.com.br\/arquitetura\/wp-json\/wp\/v2\/types\/post"}],"author":[{"embeddable":true,"href":"https:\/\/maringapost.com.br\/arquitetura\/wp-json\/wp\/v2\/users\/12226"}],"replies":[{"embeddable":true,"href":"https:\/\/maringapost.com.br\/arquitetura\/wp-json\/wp\/v2\/comments?post=118"}],"version-history":[{"count":3,"href":"https:\/\/maringapost.com.br\/arquitetura\/wp-json\/wp\/v2\/posts\/118\/revisions"}],"predecessor-version":[{"id":278,"href":"https:\/\/maringapost.com.br\/arquitetura\/wp-json\/wp\/v2\/posts\/118\/revisions\/278"}],"wp:featuredmedia":[{"embeddable":true,"href":"https:\/\/maringapost.com.br\/arquitetura\/wp-json\/wp\/v2\/media\/133"}],"wp:attachment":[{"href":"https:\/\/maringapost.com.br\/arquitetura\/wp-json\/wp\/v2\/media?parent=118"}],"wp:term":[{"taxonomy":"category","embeddable":true,"href":"https:\/\/maringapost.com.br\/arquitetura\/wp-json\/wp\/v2\/categories?post=118"},{"taxonomy":"post_tag","embeddable":true,"href":"https:\/\/maringapost.com.br\/arquitetura\/wp-json\/wp\/v2\/tags?post=118"}],"curies":[{"name":"wp","href":"https:\/\/api.w.org\/{rel}","templated":true}]}}