{"id":104,"date":"2021-07-16T12:16:56","date_gmt":"2021-07-16T15:16:56","guid":{"rendered":"http:\/\/maringapost.com.br\/arquitetura\/?p=104"},"modified":"2021-12-01T17:46:16","modified_gmt":"2021-12-01T20:46:16","slug":"o-espaco-urbano-a-cidade-e-as-pessoas","status":"publish","type":"post","link":"https:\/\/maringapost.com.br\/arquitetura\/2021\/07\/16\/o-espaco-urbano-a-cidade-e-as-pessoas\/","title":{"rendered":"O espa\u00e7o urbano, a cidade e as pessoas"},"content":{"rendered":"<p><strong><em>Roseli A. do Valle<\/em><\/strong><\/p>\n<p><span style=\"font-weight: 400\">O homem, desde o princ\u00edpio, buscou se juntar em grupos tendo como principal objetivo a sobreviv\u00eancia. Ao logo dos tempos, essa aglomera\u00e7\u00e3o deu origem \u00e0s cidades que, pode ser definida como sendo aglomera\u00e7\u00e3o humana de significativa import\u00e2ncia, com espa\u00e7o geogr\u00e1fico delimitado que cont\u00e9m numerosas casas destinadas a moradia, e possui atividades culturais, mercantis, industriais e financeiras entre outras.<\/span><\/p>\n<p><span style=\"font-weight: 400\">Alguns estudiosos consideram a cidade como sendo o espa\u00e7o urbano com diferentes usos da terra, definindo \u00e1reas distintas como o centro da cidade, \u00e1reas comerciais e de presta\u00e7\u00e3o de servi\u00e7o, zonas residenciais e industriais, espa\u00e7os de lazer, \u00e1reas verdes e mesmo, \u00e1reas para expans\u00e3o urbana, ou seja, prevendo o crescimento da cidade.<\/span><\/p>\n<p><span style=\"font-weight: 400\">Para outros, o espa\u00e7o urbano s\u00e3o cidades com predomin\u00e2ncia de 20 mil habitantes ou mais, por ter maior concentra\u00e7\u00e3o de pr\u00e9dios, ruas e avenidas, com\u00e9rcio, ind\u00fastria. Possui uma infraestrutura maior.<\/span><\/p>\n<p><span style=\"font-weight: 400\">Hoje em dia, de acordo com IBGE \u2013 Instituto Brasileiro de Geografia e Estat\u00edstica, dados obtidos em 2.015 indicam que mais de 84% da popula\u00e7\u00e3o brasileira moram em cidades e menos de 16% moram nas zonas rurais. Isso se deu ao fato de que, nas d\u00e9cadas de 70 e 80, o Brasil sofreu o chamado \u00eaxodo rural, ou seja, muitos deixaram o campo e se abrigaram nas cidades. O processo de mecaniza\u00e7\u00e3o da produ\u00e7\u00e3o agr\u00edcola for\u00e7ou os trabalhadores irem para as cidades em busca de trabalho. Isso gerou um grande crescimento das cidades e provocou a cria\u00e7\u00e3o de grandes centros metropolitanos, como por exemplo, a grande S\u00e3o Paulo.<\/span><\/p>\n<figure id=\"attachment_108\" aria-describedby=\"caption-attachment-108\" style=\"width: 512px\" class=\"wp-caption aligncenter\"><img loading=\"lazy\" decoding=\"async\" class=\"size-full wp-image-108\" src=\"http:\/\/maringapost.com.br\/arquitetura\/wp-content\/uploads\/sites\/38\/2021\/07\/ponte-arq.jpg\" alt=\"\" width=\"512\" height=\"288\" srcset=\"https:\/\/maringapost.com.br\/arquitetura\/wp-content\/uploads\/sites\/38\/2021\/07\/ponte-arq.jpg 512w, https:\/\/maringapost.com.br\/arquitetura\/wp-content\/uploads\/sites\/38\/2021\/07\/ponte-arq-300x169.jpg 300w\" sizes=\"(max-width: 512px) 100vw, 512px\" \/><figcaption id=\"caption-attachment-108\" class=\"wp-caption-text\">A grande S\u00e3o Paulo (Fonte: https:\/\/exame.com\/brasil)<\/figcaption><\/figure>\n<p><span style=\"font-size: 15px;color: #222222\">O espa\u00e7o urbano expandiu, n\u00e3o somente de maneira horizontal \u2013 crescimento da cidade com novos bairros, mas tamb\u00e9m de maneira vertical com grandes pr\u00e9dios residenciais, comerciais e empresariais entre outros. E ainda, com o aumento do n\u00famero de munic\u00edpios de forma a atender a necessidade populacional em espa\u00e7o urbano.\u00a0<\/span><\/p>\n<p>&nbsp;<\/p>\n<figure id=\"attachment_109\" aria-describedby=\"caption-attachment-109\" style=\"width: 636px\" class=\"wp-caption aligncenter\"><img loading=\"lazy\" decoding=\"async\" class=\"size-full wp-image-109\" src=\"http:\/\/maringapost.com.br\/arquitetura\/wp-content\/uploads\/sites\/38\/2021\/07\/sampa-vertical.jpg\" alt=\"\" width=\"636\" height=\"424\" srcset=\"https:\/\/maringapost.com.br\/arquitetura\/wp-content\/uploads\/sites\/38\/2021\/07\/sampa-vertical.jpg 636w, https:\/\/maringapost.com.br\/arquitetura\/wp-content\/uploads\/sites\/38\/2021\/07\/sampa-vertical-300x200.jpg 300w, https:\/\/maringapost.com.br\/arquitetura\/wp-content\/uploads\/sites\/38\/2021\/07\/sampa-vertical-630x420.jpg 630w\" sizes=\"(max-width: 636px) 100vw, 636px\" \/><figcaption id=\"caption-attachment-109\" class=\"wp-caption-text\"><br \/>S\u00e3o Paulo: a verticaliza\u00e7\u00e3o dos espa\u00e7os urbanos (Fonte: https:\/\/www.nationalgeographic.com\/)<\/figcaption><\/figure>\n<p><span style=\"font-weight: 400\">O crescimento das cidades trouxe impactos sociais e ambientais, o que \u00e9 um desafio para a administra\u00e7\u00e3o p\u00fablica, demandando da necessidade de reorganiza\u00e7\u00e3o e planejamento para atender sua fun\u00e7\u00e3o social.<\/span><\/p>\n<p><span style=\"font-weight: 400\">Muitos s\u00e3o os estudiosos que tratam desse assunto, e uma \u00e1rea espec\u00edfica, \u00e9 a Arquitetura e Urbanismo. A Arquitetura trata da habita\u00e7\u00e3o, o habitar entre outros segmentos. O espa\u00e7o urbano, a cidade, depende da especialidade, o Urbanismo. O Urbanismo, al\u00e9m de ser uma ci\u00eancia, \u00e9 uma arte e uma filosofia de vida envolvendo preceitos para melhor uso e ocupa\u00e7\u00e3o dos espa\u00e7os, como sua funcionalidade, cuidados ambientais e mesmo a est\u00e9tica dos espa\u00e7os urbanos de forma a promover melhor qualidade de vida.<\/span><\/p>\n<figure id=\"attachment_110\" aria-describedby=\"caption-attachment-110\" style=\"width: 512px\" class=\"wp-caption aligncenter\"><img loading=\"lazy\" decoding=\"async\" class=\"size-full wp-image-110\" src=\"http:\/\/maringapost.com.br\/arquitetura\/wp-content\/uploads\/sites\/38\/2021\/07\/ciclovias-arq.jpg\" alt=\"\" width=\"512\" height=\"224\" srcset=\"https:\/\/maringapost.com.br\/arquitetura\/wp-content\/uploads\/sites\/38\/2021\/07\/ciclovias-arq.jpg 512w, https:\/\/maringapost.com.br\/arquitetura\/wp-content\/uploads\/sites\/38\/2021\/07\/ciclovias-arq-300x131.jpg 300w\" sizes=\"(max-width: 512px) 100vw, 512px\" \/><figcaption id=\"caption-attachment-110\" class=\"wp-caption-text\">Cidade de Maring\u00e1-PR: a fun\u00e7\u00e3o e a beleza dos espa\u00e7os urbanos (Fonte: cbnmaringa.com.br)<\/figcaption><\/figure>\n<p>&nbsp;<\/p>\n<p>Arq. Roseli Valle<br \/>\nContatos:<br \/>\n(44) 99125-8422 Whatsapp<br \/>\n@roselli.valle (Instagram)<br \/>\nroselivalle.arquitetura@gmail.com (email)<\/p>\n<p><span style=\"font-weight: 400\">SITES<\/span><\/p>\n<p><a href=\"https:\/\/www.nationalgeographic.com\/travel\/article\/a-writers-perfect-day-in-sao-paulo\"><span style=\"font-weight: 400\">https:\/\/www.nationalgeographic.com\/travel\/article\/a-writers-perfect-day-in-sao-paulo<\/span><\/a><\/p>\n<p><a href=\"https:\/\/www.cbnmaringa.com.br\/noticia\/gilson-aguiar-comenta-as-regras-para-ciclistas-e-pedestres\"><span style=\"font-weight: 400\">https:\/\/www.cbnmaringa.com.br\/noticia\/gilson-aguiar-comenta-as-regras-para-ciclistas-e-pedestres<\/span><\/a><\/p>\n<p><a href=\"https:\/\/exame.com\/brasil\/estas-fotos-mostram-sao-paulo-vazia-apos-doria-prorrogar-a-quarentena\/\"><span style=\"font-weight: 400\">https:\/\/exame.com\/brasil\/estas-fotos-mostram-sao-paulo-vazia-apos-doria-prorrogar-a-quarentena\/<\/span><\/a><\/p>\n<p><a href=\"http:\/\/sites.uem.br\/eci-old\/links-uteis\/informacoes-sobre-a-cidade-de-maringa\"><span style=\"font-weight: 400\">http:\/\/sites.uem.br\/eci-old\/links-uteis\/informacoes-sobre-a-cidade-de-maringa<\/span><\/a><\/p>\n","protected":false},"excerpt":{"rendered":"<p>Roseli A. do Valle O homem, desde o princ\u00edpio, buscou se juntar em grupos tendo como principal objetivo a sobreviv\u00eancia. Ao logo dos tempos, essa aglomera\u00e7\u00e3o deu origem \u00e0s cidades que, pode ser definida como sendo aglomera\u00e7\u00e3o humana de significativa import\u00e2ncia, com espa\u00e7o geogr\u00e1fico delimitado que cont\u00e9m numerosas casas destinadas a moradia, e possui atividades [&hellip;]<\/p>\n","protected":false},"author":12226,"featured_media":107,"comment_status":"closed","ping_status":"open","sticky":false,"template":"","format":"standard","meta":{"_exactmetrics_skip_tracking":false,"_exactmetrics_sitenote_active":false,"_exactmetrics_sitenote_note":"","_exactmetrics_sitenote_category":0,"footnotes":""},"categories":[1],"tags":[5,12,13,10,11],"yoast_head":"<!-- This site is optimized with the Yoast SEO Premium plugin v22.7 (Yoast SEO v22.7) - https:\/\/yoast.com\/wordpress\/plugins\/seo\/ -->\n<title>O espa\u00e7o urbano, a cidade e as pessoas - Arquitetura<\/title>\n<meta name=\"description\" content=\"O espa\u00e7o urbano, a cidade e as pessoas est\u00e3o intimamente ligados pelo tema Arquitetura e Urbanismo, \u00e1rea que ajuda a planejar o uso da terra\" \/>\n<meta name=\"robots\" content=\"index, follow, max-snippet:-1, max-image-preview:large, max-video-preview:-1\" \/>\n<link rel=\"canonical\" href=\"https:\/\/maringapost.com.br\/arquitetura\/2021\/07\/16\/o-espaco-urbano-a-cidade-e-as-pessoas\/\" \/>\n<meta property=\"og:locale\" content=\"pt_BR\" \/>\n<meta property=\"og:type\" content=\"article\" \/>\n<meta property=\"og:title\" content=\"O espa\u00e7o urbano, a cidade e as pessoas\" \/>\n<meta property=\"og:description\" content=\"O espa\u00e7o urbano, a cidade e as pessoas est\u00e3o intimamente ligados pelo tema Arquitetura e Urbanismo, \u00e1rea que ajuda a planejar o uso da terra\" \/>\n<meta property=\"og:url\" content=\"https:\/\/maringapost.com.br\/arquitetura\/2021\/07\/16\/o-espaco-urbano-a-cidade-e-as-pessoas\/\" \/>\n<meta property=\"og:site_name\" content=\"Arquitetura\" \/>\n<meta property=\"article:published_time\" content=\"2021-07-16T15:16:56+00:00\" \/>\n<meta property=\"article:modified_time\" content=\"2021-12-01T20:46:16+00:00\" \/>\n<meta property=\"og:image\" content=\"https:\/\/maringapost.com.br\/arquitetura\/wp-content\/uploads\/sites\/38\/2021\/07\/inga-arq.jpg\" \/>\n\t<meta property=\"og:image:width\" content=\"512\" \/>\n\t<meta property=\"og:image:height\" content=\"341\" \/>\n\t<meta property=\"og:image:type\" content=\"image\/jpeg\" \/>\n<meta name=\"author\" content=\"Reda\u00e7\u00e3o\" \/>\n<meta name=\"twitter:card\" content=\"summary_large_image\" \/>\n<meta name=\"twitter:label1\" content=\"Escrito por\" \/>\n\t<meta name=\"twitter:data1\" content=\"\" \/>\n\t<meta name=\"twitter:label2\" content=\"Est. tempo de leitura\" \/>\n\t<meta name=\"twitter:data2\" content=\"3 minutos\" \/>\n<script type=\"application\/ld+json\" class=\"yoast-schema-graph\">{\"@context\":\"https:\/\/schema.org\",\"@graph\":[{\"@type\":\"WebPage\",\"@id\":\"https:\/\/maringapost.com.br\/arquitetura\/2021\/07\/16\/o-espaco-urbano-a-cidade-e-as-pessoas\/\",\"url\":\"https:\/\/maringapost.com.br\/arquitetura\/2021\/07\/16\/o-espaco-urbano-a-cidade-e-as-pessoas\/\",\"name\":\"O espa\u00e7o urbano, a cidade e as pessoas - Arquitetura\",\"isPartOf\":{\"@id\":\"https:\/\/maringapost.com.br\/arquitetura\/#website\"},\"primaryImageOfPage\":{\"@id\":\"https:\/\/maringapost.com.br\/arquitetura\/2021\/07\/16\/o-espaco-urbano-a-cidade-e-as-pessoas\/#primaryimage\"},\"image\":{\"@id\":\"https:\/\/maringapost.com.br\/arquitetura\/2021\/07\/16\/o-espaco-urbano-a-cidade-e-as-pessoas\/#primaryimage\"},\"thumbnailUrl\":\"https:\/\/maringapost.com.br\/arquitetura\/wp-content\/uploads\/sites\/38\/2021\/07\/inga-arq.jpg\",\"datePublished\":\"2021-07-16T15:16:56+00:00\",\"dateModified\":\"2021-12-01T20:46:16+00:00\",\"author\":{\"@id\":\"https:\/\/maringapost.com.br\/arquitetura\/#\/schema\/person\/04f7ca326571fd6a271cbc94b3349803\"},\"description\":\"O espa\u00e7o urbano, a cidade e as pessoas est\u00e3o intimamente ligados pelo tema Arquitetura e Urbanismo, \u00e1rea que ajuda a planejar o uso da terra\",\"breadcrumb\":{\"@id\":\"https:\/\/maringapost.com.br\/arquitetura\/2021\/07\/16\/o-espaco-urbano-a-cidade-e-as-pessoas\/#breadcrumb\"},\"inLanguage\":\"pt-BR\",\"potentialAction\":[{\"@type\":\"ReadAction\",\"target\":[\"https:\/\/maringapost.com.br\/arquitetura\/2021\/07\/16\/o-espaco-urbano-a-cidade-e-as-pessoas\/\"]}]},{\"@type\":\"ImageObject\",\"inLanguage\":\"pt-BR\",\"@id\":\"https:\/\/maringapost.com.br\/arquitetura\/2021\/07\/16\/o-espaco-urbano-a-cidade-e-as-pessoas\/#primaryimage\",\"url\":\"https:\/\/maringapost.com.br\/arquitetura\/wp-content\/uploads\/sites\/38\/2021\/07\/inga-arq.jpg\",\"contentUrl\":\"https:\/\/maringapost.com.br\/arquitetura\/wp-content\/uploads\/sites\/38\/2021\/07\/inga-arq.jpg\",\"width\":512,\"height\":341,\"caption\":\"Cidade de Maring\u00e1-PR: \u00e1reas distintas do espa\u00e7o urbano (Fonte: http:\/\/sites.uem.br\/)\"},{\"@type\":\"BreadcrumbList\",\"@id\":\"https:\/\/maringapost.com.br\/arquitetura\/2021\/07\/16\/o-espaco-urbano-a-cidade-e-as-pessoas\/#breadcrumb\",\"itemListElement\":[{\"@type\":\"ListItem\",\"position\":1,\"name\":\"In\u00edcio\",\"item\":\"https:\/\/maringapost.com.br\/arquitetura\/\"},{\"@type\":\"ListItem\",\"position\":2,\"name\":\"O espa\u00e7o urbano, a cidade e as pessoas\"}]},{\"@type\":\"WebSite\",\"@id\":\"https:\/\/maringapost.com.br\/arquitetura\/#website\",\"url\":\"https:\/\/maringapost.com.br\/arquitetura\/\",\"name\":\"Arquitetura\",\"description\":\"\",\"potentialAction\":[{\"@type\":\"SearchAction\",\"target\":{\"@type\":\"EntryPoint\",\"urlTemplate\":\"https:\/\/maringapost.com.br\/arquitetura\/?s={search_term_string}\"},\"query-input\":\"required name=search_term_string\"}],\"inLanguage\":\"pt-BR\"},{\"@type\":\"Person\",\"@id\":\"https:\/\/maringapost.com.br\/arquitetura\/#\/schema\/person\/04f7ca326571fd6a271cbc94b3349803\",\"name\":\"Reda\u00e7\u00e3o\",\"image\":{\"@type\":\"ImageObject\",\"inLanguage\":\"pt-BR\",\"@id\":\"https:\/\/maringapost.com.br\/arquitetura\/#\/schema\/person\/image\/\",\"url\":\"https:\/\/secure.gravatar.com\/avatar\/7a388898535e5f37ea137827dc50ae61?s=96&d=mm&r=g\",\"contentUrl\":\"https:\/\/secure.gravatar.com\/avatar\/7a388898535e5f37ea137827dc50ae61?s=96&d=mm&r=g\",\"caption\":\"Reda\u00e7\u00e3o\"},\"url\":\"https:\/\/maringapost.com.br\/arquitetura\/author\/adrianalima\/\"}]}<\/script>\n<!-- \/ Yoast SEO Premium plugin. -->","yoast_head_json":{"title":"O espa\u00e7o urbano, a cidade e as pessoas - Arquitetura","description":"O espa\u00e7o urbano, a cidade e as pessoas est\u00e3o intimamente ligados pelo tema Arquitetura e Urbanismo, \u00e1rea que ajuda a planejar o uso da terra","robots":{"index":"index","follow":"follow","max-snippet":"max-snippet:-1","max-image-preview":"max-image-preview:large","max-video-preview":"max-video-preview:-1"},"canonical":"https:\/\/maringapost.com.br\/arquitetura\/2021\/07\/16\/o-espaco-urbano-a-cidade-e-as-pessoas\/","og_locale":"pt_BR","og_type":"article","og_title":"O espa\u00e7o urbano, a cidade e as pessoas","og_description":"O espa\u00e7o urbano, a cidade e as pessoas est\u00e3o intimamente ligados pelo tema Arquitetura e Urbanismo, \u00e1rea que ajuda a planejar o uso da terra","og_url":"https:\/\/maringapost.com.br\/arquitetura\/2021\/07\/16\/o-espaco-urbano-a-cidade-e-as-pessoas\/","og_site_name":"Arquitetura","article_published_time":"2021-07-16T15:16:56+00:00","article_modified_time":"2021-12-01T20:46:16+00:00","og_image":[{"width":512,"height":341,"url":"https:\/\/maringapost.com.br\/arquitetura\/wp-content\/uploads\/sites\/38\/2021\/07\/inga-arq.jpg","type":"image\/jpeg"}],"author":"Reda\u00e7\u00e3o","twitter_card":"summary_large_image","twitter_misc":{"Escrito por":false,"Est. tempo de leitura":"3 minutos"},"schema":{"@context":"https:\/\/schema.org","@graph":[{"@type":"WebPage","@id":"https:\/\/maringapost.com.br\/arquitetura\/2021\/07\/16\/o-espaco-urbano-a-cidade-e-as-pessoas\/","url":"https:\/\/maringapost.com.br\/arquitetura\/2021\/07\/16\/o-espaco-urbano-a-cidade-e-as-pessoas\/","name":"O espa\u00e7o urbano, a cidade e as pessoas - Arquitetura","isPartOf":{"@id":"https:\/\/maringapost.com.br\/arquitetura\/#website"},"primaryImageOfPage":{"@id":"https:\/\/maringapost.com.br\/arquitetura\/2021\/07\/16\/o-espaco-urbano-a-cidade-e-as-pessoas\/#primaryimage"},"image":{"@id":"https:\/\/maringapost.com.br\/arquitetura\/2021\/07\/16\/o-espaco-urbano-a-cidade-e-as-pessoas\/#primaryimage"},"thumbnailUrl":"https:\/\/maringapost.com.br\/arquitetura\/wp-content\/uploads\/sites\/38\/2021\/07\/inga-arq.jpg","datePublished":"2021-07-16T15:16:56+00:00","dateModified":"2021-12-01T20:46:16+00:00","author":{"@id":"https:\/\/maringapost.com.br\/arquitetura\/#\/schema\/person\/04f7ca326571fd6a271cbc94b3349803"},"description":"O espa\u00e7o urbano, a cidade e as pessoas est\u00e3o intimamente ligados pelo tema Arquitetura e Urbanismo, \u00e1rea que ajuda a planejar o uso da terra","breadcrumb":{"@id":"https:\/\/maringapost.com.br\/arquitetura\/2021\/07\/16\/o-espaco-urbano-a-cidade-e-as-pessoas\/#breadcrumb"},"inLanguage":"pt-BR","potentialAction":[{"@type":"ReadAction","target":["https:\/\/maringapost.com.br\/arquitetura\/2021\/07\/16\/o-espaco-urbano-a-cidade-e-as-pessoas\/"]}]},{"@type":"ImageObject","inLanguage":"pt-BR","@id":"https:\/\/maringapost.com.br\/arquitetura\/2021\/07\/16\/o-espaco-urbano-a-cidade-e-as-pessoas\/#primaryimage","url":"https:\/\/maringapost.com.br\/arquitetura\/wp-content\/uploads\/sites\/38\/2021\/07\/inga-arq.jpg","contentUrl":"https:\/\/maringapost.com.br\/arquitetura\/wp-content\/uploads\/sites\/38\/2021\/07\/inga-arq.jpg","width":512,"height":341,"caption":"Cidade de Maring\u00e1-PR: \u00e1reas distintas do espa\u00e7o urbano (Fonte: http:\/\/sites.uem.br\/)"},{"@type":"BreadcrumbList","@id":"https:\/\/maringapost.com.br\/arquitetura\/2021\/07\/16\/o-espaco-urbano-a-cidade-e-as-pessoas\/#breadcrumb","itemListElement":[{"@type":"ListItem","position":1,"name":"In\u00edcio","item":"https:\/\/maringapost.com.br\/arquitetura\/"},{"@type":"ListItem","position":2,"name":"O espa\u00e7o urbano, a cidade e as pessoas"}]},{"@type":"WebSite","@id":"https:\/\/maringapost.com.br\/arquitetura\/#website","url":"https:\/\/maringapost.com.br\/arquitetura\/","name":"Arquitetura","description":"","potentialAction":[{"@type":"SearchAction","target":{"@type":"EntryPoint","urlTemplate":"https:\/\/maringapost.com.br\/arquitetura\/?s={search_term_string}"},"query-input":"required name=search_term_string"}],"inLanguage":"pt-BR"},{"@type":"Person","@id":"https:\/\/maringapost.com.br\/arquitetura\/#\/schema\/person\/04f7ca326571fd6a271cbc94b3349803","name":"Reda\u00e7\u00e3o","image":{"@type":"ImageObject","inLanguage":"pt-BR","@id":"https:\/\/maringapost.com.br\/arquitetura\/#\/schema\/person\/image\/","url":"https:\/\/secure.gravatar.com\/avatar\/7a388898535e5f37ea137827dc50ae61?s=96&d=mm&r=g","contentUrl":"https:\/\/secure.gravatar.com\/avatar\/7a388898535e5f37ea137827dc50ae61?s=96&d=mm&r=g","caption":"Reda\u00e7\u00e3o"},"url":"https:\/\/maringapost.com.br\/arquitetura\/author\/adrianalima\/"}]}},"_links":{"self":[{"href":"https:\/\/maringapost.com.br\/arquitetura\/wp-json\/wp\/v2\/posts\/104"}],"collection":[{"href":"https:\/\/maringapost.com.br\/arquitetura\/wp-json\/wp\/v2\/posts"}],"about":[{"href":"https:\/\/maringapost.com.br\/arquitetura\/wp-json\/wp\/v2\/types\/post"}],"author":[{"embeddable":true,"href":"https:\/\/maringapost.com.br\/arquitetura\/wp-json\/wp\/v2\/users\/12226"}],"replies":[{"embeddable":true,"href":"https:\/\/maringapost.com.br\/arquitetura\/wp-json\/wp\/v2\/comments?post=104"}],"version-history":[{"count":6,"href":"https:\/\/maringapost.com.br\/arquitetura\/wp-json\/wp\/v2\/posts\/104\/revisions"}],"predecessor-version":[{"id":277,"href":"https:\/\/maringapost.com.br\/arquitetura\/wp-json\/wp\/v2\/posts\/104\/revisions\/277"}],"wp:featuredmedia":[{"embeddable":true,"href":"https:\/\/maringapost.com.br\/arquitetura\/wp-json\/wp\/v2\/media\/107"}],"wp:attachment":[{"href":"https:\/\/maringapost.com.br\/arquitetura\/wp-json\/wp\/v2\/media?parent=104"}],"wp:term":[{"taxonomy":"category","embeddable":true,"href":"https:\/\/maringapost.com.br\/arquitetura\/wp-json\/wp\/v2\/categories?post=104"},{"taxonomy":"post_tag","embeddable":true,"href":"https:\/\/maringapost.com.br\/arquitetura\/wp-json\/wp\/v2\/tags?post=104"}],"curies":[{"name":"wp","href":"https:\/\/api.w.org\/{rel}","templated":true}]}}